{"id":740,"date":"2025-03-04T13:03:23","date_gmt":"2025-03-04T12:03:23","guid":{"rendered":"https:\/\/agora.xtec.cat\/esc-copons\/?p=740"},"modified":"2025-03-04T13:05:01","modified_gmt":"2025-03-04T12:05:01","slug":"histories-de-copons","status":"publish","type":"post","link":"https:\/\/agora.xtec.cat\/esc-copons\/general\/histories-de-copons\/","title":{"rendered":"HIST\u00d2RIES DE COPONS"},"content":{"rendered":"\n<p>Aquest dimarts, en Quildo Serrano, en Josep Riera, M\u00aa. \u00c0ngels Balcells, en Josep Llir\u00f3, la Teresa Bertr\u00e1n, l&#8217;Ant\u00f2nia Duocastella i la Gl\u00f2ria Fustero de Copons ens han visitat per explicar-nos com era la vida quan ells i elles eren petits i petites, quines difer\u00e8ncies hi ha respecte al nostre temps, i per compartir algunes an\u00e8cdotes sobre els traginers.<\/p>\n\n\n\n<p>A Copons, la vinya va ser molt important fins que, al voltant de 1880, va arribar la plaga de la fil\u00b7loxera, un insecte que en nom\u00e9s dos anys va acabar amb tots els ceps. Ens han parlat de la portadora, una mena de cab\u00e0s que servia per portar el ra\u00efm des de la vinya fins al carro, i dels &#8220;somelers&#8221;, uns troncs llargs que s\u2019utilitzaven per agafar la portadora i facilitar el seu transport. Tamb\u00e9 ens han ensenyat una eina per tallar el ra\u00efm anomenada fal\u00e7\u00f3.<\/p>\n\n\n\n<p>Ara sabem que, antigament, quan a Copons hi havia uns 700 habitants, hi havia tres forns, tres botigues, tres barbers i una perruqueria. El poble tamb\u00e9 comptava amb dos cinemes, una pres\u00f3 als baixos de l&#8217;antiga escola i un recader, una persona que es dedicava a repartir les coses pel poble.<\/p>\n\n\n\n<p>La Teresa ens ha explicat que abans nom\u00e9s hi havia un tel\u00e8fon, situat a Cal Vila que feia funci\u00f3 de centraleta. All\u00e0, una persona, l\u2019operadora, era l&#8217;encarregada de connectar i desconnectar els cables per establir les comunicacions.<\/p>\n\n\n\n<p>Per\u00f2, per tenir tel\u00e8fon, era imprescindible que arrib\u00e9s l\u2019electricitat. Va ser en Pere Palomas, que va marxar a Am\u00e8rica, va fer molts diners, va tornar a Copons i va construir la f\u00e0brica de ciment. Va ser gr\u00e0cies a ell que es va portar l\u2019electricitat al poble, i aix\u00ed es va poder instal\u00b7lar el tel\u00e8fon.<\/p>\n\n\n\n<p>Un cop acabada la trobada, hem compartit un esmorzar conjunt amb els m\u00e9s grans i els m\u00e9s petits del poble.<\/p>\n\n\n\n<figure class=\"wp-block-image size-large\"><a href=\"https:\/\/agora.xtec.cat\/esc-copons\/wp-content\/uploads\/usu3059\/2025\/03\/1-1.png\"><img loading=\"lazy\" decoding=\"async\" width=\"1024\" height=\"837\" src=\"https:\/\/agora.xtec.cat\/esc-copons\/wp-content\/uploads\/usu3059\/2025\/03\/1-1-1024x837.png\" alt=\"\" class=\"wp-image-742\" srcset=\"https:\/\/agora.xtec.cat\/esc-copons\/wp-content\/uploads\/usu3059\/2025\/03\/1-1-1024x837.png 1024w, https:\/\/agora.xtec.cat\/esc-copons\/wp-content\/uploads\/usu3059\/2025\/03\/1-1-300x245.png 300w, https:\/\/agora.xtec.cat\/esc-copons\/wp-content\/uploads\/usu3059\/2025\/03\/1-1-768x628.png 768w, https:\/\/agora.xtec.cat\/esc-copons\/wp-content\/uploads\/usu3059\/2025\/03\/1-1-1536x1256.png 1536w, https:\/\/agora.xtec.cat\/esc-copons\/wp-content\/uploads\/usu3059\/2025\/03\/1-1.png 1729w\" sizes=\"auto, (max-width: 1024px) 100vw, 1024px\" \/><\/a><\/figure>\n\n\n\n<figure class=\"wp-block-image size-large is-resized\"><a href=\"https:\/\/agora.xtec.cat\/esc-copons\/wp-content\/uploads\/usu3059\/2025\/03\/2-1.png\"><img loading=\"lazy\" decoding=\"async\" width=\"1024\" height=\"778\" src=\"https:\/\/agora.xtec.cat\/esc-copons\/wp-content\/uploads\/usu3059\/2025\/03\/2-1-1024x778.png\" alt=\"\" class=\"wp-image-743\" style=\"width:773px;height:auto\" srcset=\"https:\/\/agora.xtec.cat\/esc-copons\/wp-content\/uploads\/usu3059\/2025\/03\/2-1-1024x778.png 1024w, https:\/\/agora.xtec.cat\/esc-copons\/wp-content\/uploads\/usu3059\/2025\/03\/2-1-300x228.png 300w, https:\/\/agora.xtec.cat\/esc-copons\/wp-content\/uploads\/usu3059\/2025\/03\/2-1-768x583.png 768w, https:\/\/agora.xtec.cat\/esc-copons\/wp-content\/uploads\/usu3059\/2025\/03\/2-1-1536x1167.png 1536w, https:\/\/agora.xtec.cat\/esc-copons\/wp-content\/uploads\/usu3059\/2025\/03\/2-1.png 1688w\" sizes=\"auto, (max-width: 1024px) 100vw, 1024px\" \/><\/a><\/figure>\n","protected":false},"excerpt":{"rendered":"<p>Aquest dimarts, en Quildo Serrano, en Josep Riera, M\u00aa. \u00c0ngels Balcells, en Josep Llir\u00f3, la Teresa Bertr\u00e1n, l&#8217;Ant\u00f2nia Duocastella i la Gl\u00f2ria Fustero de Copons ens han visitat per explicar-nos com era la vida quan ells i elles eren petits i petites, quines difer\u00e8ncies hi&hellip;  <a href=\"https:\/\/agora.xtec.cat\/esc-copons\/general\/histories-de-copons\/\" title=\"Read HIST\u00d2RIES DE COPONS\">Llegeix m\u00e9s\u00bb<\/a><\/p>\n","protected":false},"author":1,"featured_media":0,"comment_status":"open","ping_status":"open","sticky":false,"template":"","format":"standard","meta":{"footnotes":""},"categories":[1,4],"tags":[],"class_list":["post-740","post","type-post","status-publish","format-standard","hentry","category-general","category-portada"],"post_mailing_queue_ids":[],"_links":{"self":[{"href":"https:\/\/agora.xtec.cat\/esc-copons\/wp-json\/wp\/v2\/posts\/740","targetHints":{"allow":["GET"]}}],"collection":[{"href":"https:\/\/agora.xtec.cat\/esc-copons\/wp-json\/wp\/v2\/posts"}],"about":[{"href":"https:\/\/agora.xtec.cat\/esc-copons\/wp-json\/wp\/v2\/types\/post"}],"author":[{"embeddable":true,"href":"https:\/\/agora.xtec.cat\/esc-copons\/wp-json\/wp\/v2\/users\/1"}],"replies":[{"embeddable":true,"href":"https:\/\/agora.xtec.cat\/esc-copons\/wp-json\/wp\/v2\/comments?post=740"}],"version-history":[{"count":3,"href":"https:\/\/agora.xtec.cat\/esc-copons\/wp-json\/wp\/v2\/posts\/740\/revisions"}],"predecessor-version":[{"id":745,"href":"https:\/\/agora.xtec.cat\/esc-copons\/wp-json\/wp\/v2\/posts\/740\/revisions\/745"}],"wp:attachment":[{"href":"https:\/\/agora.xtec.cat\/esc-copons\/wp-json\/wp\/v2\/media?parent=740"}],"wp:term":[{"taxonomy":"category","embeddable":true,"href":"https:\/\/agora.xtec.cat\/esc-copons\/wp-json\/wp\/v2\/categories?post=740"},{"taxonomy":"post_tag","embeddable":true,"href":"https:\/\/agora.xtec.cat\/esc-copons\/wp-json\/wp\/v2\/tags?post=740"}],"curies":[{"name":"wp","href":"https:\/\/api.w.org\/{rel}","templated":true}]}}