{"id":717,"date":"2024-11-29T21:05:25","date_gmt":"2024-11-29T20:05:25","guid":{"rendered":"https:\/\/agora.xtec.cat\/esc-copons\/?p=717"},"modified":"2024-11-29T21:08:57","modified_gmt":"2024-11-29T20:08:57","slug":"no-violencia","status":"publish","type":"post","link":"https:\/\/agora.xtec.cat\/esc-copons\/general\/no-violencia\/","title":{"rendered":"NO VIOL\u00c8NCIA"},"content":{"rendered":"\n<p>El dilluns 25 de novembre vam celebrar el dia de no viol\u00e8ncia masclista.<\/p>\n\n\n\n<p>El dimarts 4t, 5\u00e8 i 6\u00e8 van fer un taller de no viol\u00e8ncia. Va venir l&#8217;Ariadna d&#8217;una associaci\u00f3 que es diu Quatre Cantonades.<\/p>\n\n\n\n<p>Mitjans i mitjanes van llegir un conte que es deia Artur i Clementina i grans van parlar sobre la viol\u00e8ncia amb el conte la Bicicleta de la Lola.<\/p>\n\n\n\n<figure class=\"wp-block-image size-large\"><a href=\"https:\/\/agora.xtec.cat\/esc-copons\/wp-content\/uploads\/usu3059\/2024\/11\/Diseno-sin-titulo-1.png\"><img loading=\"lazy\" decoding=\"async\" width=\"1024\" height=\"435\" src=\"https:\/\/agora.xtec.cat\/esc-copons\/wp-content\/uploads\/usu3059\/2024\/11\/Diseno-sin-titulo-1-1024x435.png\" alt=\"\" class=\"wp-image-720\" srcset=\"https:\/\/agora.xtec.cat\/esc-copons\/wp-content\/uploads\/usu3059\/2024\/11\/Diseno-sin-titulo-1-1024x435.png 1024w, https:\/\/agora.xtec.cat\/esc-copons\/wp-content\/uploads\/usu3059\/2024\/11\/Diseno-sin-titulo-1-300x128.png 300w, https:\/\/agora.xtec.cat\/esc-copons\/wp-content\/uploads\/usu3059\/2024\/11\/Diseno-sin-titulo-1-768x326.png 768w, https:\/\/agora.xtec.cat\/esc-copons\/wp-content\/uploads\/usu3059\/2024\/11\/Diseno-sin-titulo-1.png 1068w\" sizes=\"auto, (max-width: 1024px) 100vw, 1024px\" \/><\/a><\/figure>\n\n\n\n<p><\/p>\n\n\n\n<p>Roc i Gina S<\/p>\n","protected":false},"excerpt":{"rendered":"<p>El dilluns 25 de novembre vam celebrar el dia de no viol\u00e8ncia masclista.<\/p>\n<p>El dimarts 4t, 5\u00e8 i 6\u00e8 van fer un taller de no viol\u00e8ncia. Va venir l&#8217;Ariadna d&#8217;una associaci\u00f3 que es diu Quatre Cantonades.<\/p>\n<p>Mitjans i mitjanes van llegir un conte que es deia Artur&hellip;  <a href=\"https:\/\/agora.xtec.cat\/esc-copons\/general\/no-violencia\/\" title=\"Read NO VIOL\u00c8NCIA\">Llegeix m\u00e9s\u00bb<\/a><\/p>\n","protected":false},"author":3,"featured_media":0,"comment_status":"open","ping_status":"open","sticky":false,"template":"","format":"standard","meta":{"footnotes":""},"categories":[1],"tags":[],"class_list":["post-717","post","type-post","status-publish","format-standard","hentry","category-general"],"post_mailing_queue_ids":[],"_links":{"self":[{"href":"https:\/\/agora.xtec.cat\/esc-copons\/wp-json\/wp\/v2\/posts\/717","targetHints":{"allow":["GET"]}}],"collection":[{"href":"https:\/\/agora.xtec.cat\/esc-copons\/wp-json\/wp\/v2\/posts"}],"about":[{"href":"https:\/\/agora.xtec.cat\/esc-copons\/wp-json\/wp\/v2\/types\/post"}],"author":[{"embeddable":true,"href":"https:\/\/agora.xtec.cat\/esc-copons\/wp-json\/wp\/v2\/users\/3"}],"replies":[{"embeddable":true,"href":"https:\/\/agora.xtec.cat\/esc-copons\/wp-json\/wp\/v2\/comments?post=717"}],"version-history":[{"count":3,"href":"https:\/\/agora.xtec.cat\/esc-copons\/wp-json\/wp\/v2\/posts\/717\/revisions"}],"predecessor-version":[{"id":721,"href":"https:\/\/agora.xtec.cat\/esc-copons\/wp-json\/wp\/v2\/posts\/717\/revisions\/721"}],"wp:attachment":[{"href":"https:\/\/agora.xtec.cat\/esc-copons\/wp-json\/wp\/v2\/media?parent=717"}],"wp:term":[{"taxonomy":"category","embeddable":true,"href":"https:\/\/agora.xtec.cat\/esc-copons\/wp-json\/wp\/v2\/categories?post=717"},{"taxonomy":"post_tag","embeddable":true,"href":"https:\/\/agora.xtec.cat\/esc-copons\/wp-json\/wp\/v2\/tags?post=717"}],"curies":[{"name":"wp","href":"https:\/\/api.w.org\/{rel}","templated":true}]}}