{"id":9519,"date":"2023-06-28T12:18:27","date_gmt":"2023-06-28T10:18:27","guid":{"rendered":"https:\/\/agora.xtec.cat\/esc-concepcion-arenal\/?p=9519"},"modified":"2023-06-28T13:29:33","modified_gmt":"2023-06-28T11:29:33","slug":"graduacio-de-i5-i-6e","status":"publish","type":"post","link":"https:\/\/agora.xtec.cat\/esc-concepcion-arenal\/portada\/graduacio-de-i5-i-6e\/","title":{"rendered":"GRADUACI\u00d3 DE I5 I 6\u00e8"},"content":{"rendered":"<p>L&#8217;\u00faltima celebraci\u00f3 d&#8217;escola del curs ha estat la graduaci\u00f3 dels\/les alumnes d&#8217;I 5, que acaben la seva etapa a Infantil, i de 6\u00e8, que el curs vinent comen\u00e7aran a un altre centre. A l&#8217;acte va estar present tota l&#8217;escola i van venir moltes fam\u00edlies: Us desitgem molta sort a tots i totes!<\/p>\n<p style=\"text-align: center;\"><a href=\"https:\/\/agora.xtec.cat\/esc-concepcion-arenal\/wp-content\/uploads\/usu2031\/2023\/06\/ZZ-2.jpg\"><img loading=\"lazy\" decoding=\"async\" class=\"alignnone wp-image-9524\" src=\"https:\/\/agora.xtec.cat\/esc-concepcion-arenal\/wp-content\/uploads\/usu2031\/2023\/06\/ZZ-2.jpg\" alt=\"\" width=\"798\" height=\"339\" srcset=\"https:\/\/agora.xtec.cat\/esc-concepcion-arenal\/wp-content\/uploads\/usu2031\/2023\/06\/ZZ-2.jpg 1024w, https:\/\/agora.xtec.cat\/esc-concepcion-arenal\/wp-content\/uploads\/usu2031\/2023\/06\/ZZ-2-300x127.jpg 300w, https:\/\/agora.xtec.cat\/esc-concepcion-arenal\/wp-content\/uploads\/usu2031\/2023\/06\/ZZ-2-768x326.jpg 768w\" sizes=\"auto, (max-width: 798px) 100vw, 798px\" \/><\/a><\/p>\n<p style=\"text-align: center;\">Clica per veure totes les fotos:<strong><a href=\"https:\/\/photos.app.goo.gl\/u8aFR2ZPDLDFDQNGA\" target=\"_blank\" rel=\"noopener\"> Fotos I5<\/a><\/strong> i <strong><a href=\"https:\/\/photos.app.goo.gl\/ZQKA8qEc8VEgWZQAA\" target=\"_blank\" rel=\"noopener\">Fotos 6\u00e8<\/a><\/strong><\/p>\n","protected":false},"excerpt":{"rendered":"<p>L&#8217;\u00faltima celebraci\u00f3 d&#8217;escola del curs ha estat la graduaci\u00f3 dels\/les alumnes d&#8217;I 5, que acaben la seva etapa a Infantil, i de 6\u00e8, que el curs vinent comen\u00e7aran a un altre centre. A l&#8217;acte va estar present tota l&#8217;escola i van venir moltes fam\u00edlies: Us desitgem molta sort a tots i totes! Clica per veure [&hellip;]<\/p>\n","protected":false},"author":7,"featured_media":0,"comment_status":"closed","ping_status":"closed","sticky":false,"template":"","format":"standard","meta":{"_bbp_topic_count":0,"_bbp_reply_count":0,"_bbp_total_topic_count":0,"_bbp_total_reply_count":0,"_bbp_voice_count":0,"_bbp_anonymous_reply_count":0,"_bbp_topic_count_hidden":0,"_bbp_reply_count_hidden":0,"_bbp_forum_subforum_count":0,"site-sidebar-layout":"default","site-content-layout":"","ast-site-content-layout":"","site-content-style":"default","site-sidebar-style":"default","ast-global-header-display":"","ast-banner-title-visibility":"","ast-main-header-display":"","ast-hfb-above-header-display":"","ast-hfb-below-header-display":"","ast-hfb-mobile-header-display":"","site-post-title":"","ast-breadcrumbs-content":"","ast-featured-img":"","footer-sml-layout":"","theme-transparent-header-meta":"","adv-header-id-meta":"","stick-header-meta":"","header-above-stick-meta":"","header-main-stick-meta":"","header-below-stick-meta":"","astra-migrate-meta-layouts":"default","ast-page-background-enabled":"default","ast-page-background-meta":{"desktop":{"background-color":"var(--ast-global-color-4)","background-image":"","background-repeat":"repeat","background-position":"center center","background-size":"auto","background-attachment":"scroll","background-type":"","background-media":"","overlay-type":"","overlay-color":"","overlay-opacity":"","overlay-gradient":""},"tablet":{"background-color":"","background-image":"","background-repeat":"repeat","background-position":"center center","background-size":"auto","background-attachment":"scroll","background-type":"","background-media":"","overlay-type":"","overlay-color":"","overlay-opacity":"","overlay-gradient":""},"mobile":{"background-color":"","background-image":"","background-repeat":"repeat","background-position":"center center","background-size":"auto","background-attachment":"scroll","background-type":"","background-media":"","overlay-type":"","overlay-color":"","overlay-opacity":"","overlay-gradient":""}},"ast-content-background-meta":{"desktop":{"background-color":"var(--ast-global-color-5)","background-image":"","background-repeat":"repeat","background-position":"center center","background-size":"auto","background-attachment":"scroll","background-type":"","background-media":"","overlay-type":"","overlay-color":"","overlay-opacity":"","overlay-gradient":""},"tablet":{"background-color":"var(--ast-global-color-5)","background-image":"","background-repeat":"repeat","background-position":"center center","background-size":"auto","background-attachment":"scroll","background-type":"","background-media":"","overlay-type":"","overlay-color":"","overlay-opacity":"","overlay-gradient":""},"mobile":{"background-color":"var(--ast-global-color-5)","background-image":"","background-repeat":"repeat","background-position":"center center","background-size":"auto","background-attachment":"scroll","background-type":"","background-media":"","overlay-type":"","overlay-color":"","overlay-opacity":"","overlay-gradient":""}},"footnotes":""},"categories":[118,9,4,5],"tags":[],"class_list":["post-9519","post","type-post","status-publish","format-standard","hentry","category-6e","category-i5","category-portada","category-primaria"],"post_mailing_queue_ids":[],"_links":{"self":[{"href":"https:\/\/agora.xtec.cat\/esc-concepcion-arenal\/wp-json\/wp\/v2\/posts\/9519","targetHints":{"allow":["GET"]}}],"collection":[{"href":"https:\/\/agora.xtec.cat\/esc-concepcion-arenal\/wp-json\/wp\/v2\/posts"}],"about":[{"href":"https:\/\/agora.xtec.cat\/esc-concepcion-arenal\/wp-json\/wp\/v2\/types\/post"}],"author":[{"embeddable":true,"href":"https:\/\/agora.xtec.cat\/esc-concepcion-arenal\/wp-json\/wp\/v2\/users\/7"}],"replies":[{"embeddable":true,"href":"https:\/\/agora.xtec.cat\/esc-concepcion-arenal\/wp-json\/wp\/v2\/comments?post=9519"}],"version-history":[{"count":2,"href":"https:\/\/agora.xtec.cat\/esc-concepcion-arenal\/wp-json\/wp\/v2\/posts\/9519\/revisions"}],"predecessor-version":[{"id":9525,"href":"https:\/\/agora.xtec.cat\/esc-concepcion-arenal\/wp-json\/wp\/v2\/posts\/9519\/revisions\/9525"}],"wp:attachment":[{"href":"https:\/\/agora.xtec.cat\/esc-concepcion-arenal\/wp-json\/wp\/v2\/media?parent=9519"}],"wp:term":[{"taxonomy":"category","embeddable":true,"href":"https:\/\/agora.xtec.cat\/esc-concepcion-arenal\/wp-json\/wp\/v2\/categories?post=9519"},{"taxonomy":"post_tag","embeddable":true,"href":"https:\/\/agora.xtec.cat\/esc-concepcion-arenal\/wp-json\/wp\/v2\/tags?post=9519"}],"curies":[{"name":"wp","href":"https:\/\/api.w.org\/{rel}","templated":true}]}}