{"id":8357,"date":"2023-02-16T19:41:49","date_gmt":"2023-02-16T18:41:49","guid":{"rendered":"https:\/\/agora.xtec.cat\/esc-concepcion-arenal\/?p=8357"},"modified":"2023-02-17T20:00:28","modified_gmt":"2023-02-17T19:00:28","slug":"els-contacontes-complint-les-ordres-boges","status":"publish","type":"post","link":"https:\/\/agora.xtec.cat\/esc-concepcion-arenal\/infantil\/els-contacontes-complint-les-ordres-boges\/","title":{"rendered":"ELS CONTACONTES COMPLINT LES ORDRES BOGES"},"content":{"rendered":"<p dir=\"ltr\">Dilluns passat, els m\u00e9s agosarats ven\u00edem a l&#8217;escola amb un pentinat ben extravagant. Ens mir\u00e0vem bocabadats i r\u00e8iem plegats, ja que, per primera vegada els Contacontes particip\u00e0vem de la festa de Carnaval a l&#8217;escola. Dimarts ten\u00edem una altra ordre boja: &#8220;venir vestits de gala&#8221;, aquesta vegada ens vam animar m\u00e9s infants. Dimecres vam crear un cartell amb un missatge en el nostre idioma, i dijous sense motxilla hav\u00edem de venir. Cada vegada \u00e9rem m\u00e9s els que compl\u00edem les consignes, ja que no vol\u00edem que ens pintessin la cara per no haver-ho fet.<\/p>\n<p dir=\"ltr\" style=\"text-align: center;\">Podeu veure les fotos clicant la imatge.<\/p>\n<p dir=\"ltr\"><a href=\"https:\/\/photos.app.goo.gl\/aaNvNPaXcsG6aeSFA\" target=\"_blank\" rel=\"noopener\"><img loading=\"lazy\" decoding=\"async\" class=\"aligncenter wp-image-8358\" src=\"https:\/\/agora.xtec.cat\/esc-concepcion-arenal\/wp-content\/uploads\/usu2031\/2023\/02\/portada-3-300x251.jpg\" alt=\"\" width=\"600\" height=\"503\" srcset=\"https:\/\/agora.xtec.cat\/esc-concepcion-arenal\/wp-content\/uploads\/usu2031\/2023\/02\/portada-3-300x251.jpg 300w, https:\/\/agora.xtec.cat\/esc-concepcion-arenal\/wp-content\/uploads\/usu2031\/2023\/02\/portada-3-768x644.jpg 768w, https:\/\/agora.xtec.cat\/esc-concepcion-arenal\/wp-content\/uploads\/usu2031\/2023\/02\/portada-3.jpg 940w\" sizes=\"auto, (max-width: 600px) 100vw, 600px\" \/><\/a><\/p>\n","protected":false},"excerpt":{"rendered":"<p>Dilluns passat, els m\u00e9s agosarats ven\u00edem a l&#8217;escola amb un pentinat ben extravagant. Ens mir\u00e0vem bocabadats i r\u00e8iem plegats, ja que, per primera vegada els Contacontes particip\u00e0vem de la festa de Carnaval a l&#8217;escola. Dimarts ten\u00edem una altra ordre boja: &#8220;venir vestits de gala&#8221;, aquesta vegada ens vam animar m\u00e9s infants. Dimecres vam crear un [&hellip;]<\/p>\n","protected":false},"author":5,"featured_media":8358,"comment_status":"open","ping_status":"closed","sticky":false,"template":"","format":"standard","meta":{"_bbp_topic_count":0,"_bbp_reply_count":0,"_bbp_total_topic_count":0,"_bbp_total_reply_count":0,"_bbp_voice_count":0,"_bbp_anonymous_reply_count":0,"_bbp_topic_count_hidden":0,"_bbp_reply_count_hidden":0,"_bbp_forum_subforum_count":0,"site-sidebar-layout":"default","site-content-layout":"","ast-site-content-layout":"","site-content-style":"default","site-sidebar-style":"default","ast-global-header-display":"","ast-banner-title-visibility":"","ast-main-header-display":"","ast-hfb-above-header-display":"","ast-hfb-below-header-display":"","ast-hfb-mobile-header-display":"","site-post-title":"","ast-breadcrumbs-content":"","ast-featured-img":"","footer-sml-layout":"","theme-transparent-header-meta":"","adv-header-id-meta":"","stick-header-meta":"","header-above-stick-meta":"","header-main-stick-meta":"","header-below-stick-meta":"","astra-migrate-meta-layouts":"default","ast-page-background-enabled":"default","ast-page-background-meta":{"desktop":{"background-color":"var(--ast-global-color-4)","background-image":"","background-repeat":"repeat","background-position":"center center","background-size":"auto","background-attachment":"scroll","background-type":"","background-media":"","overlay-type":"","overlay-color":"","overlay-opacity":"","overlay-gradient":""},"tablet":{"background-color":"","background-image":"","background-repeat":"repeat","background-position":"center center","background-size":"auto","background-attachment":"scroll","background-type":"","background-media":"","overlay-type":"","overlay-color":"","overlay-opacity":"","overlay-gradient":""},"mobile":{"background-color":"","background-image":"","background-repeat":"repeat","background-position":"center center","background-size":"auto","background-attachment":"scroll","background-type":"","background-media":"","overlay-type":"","overlay-color":"","overlay-opacity":"","overlay-gradient":""}},"ast-content-background-meta":{"desktop":{"background-color":"var(--ast-global-color-5)","background-image":"","background-repeat":"repeat","background-position":"center center","background-size":"auto","background-attachment":"scroll","background-type":"","background-media":"","overlay-type":"","overlay-color":"","overlay-opacity":"","overlay-gradient":""},"tablet":{"background-color":"var(--ast-global-color-5)","background-image":"","background-repeat":"repeat","background-position":"center center","background-size":"auto","background-attachment":"scroll","background-type":"","background-media":"","overlay-type":"","overlay-color":"","overlay-opacity":"","overlay-gradient":""},"mobile":{"background-color":"var(--ast-global-color-5)","background-image":"","background-repeat":"repeat","background-position":"center center","background-size":"auto","background-attachment":"scroll","background-type":"","background-media":"","overlay-type":"","overlay-color":"","overlay-opacity":"","overlay-gradient":""}},"footnotes":""},"categories":[3,2,4],"tags":[103],"class_list":["post-8357","post","type-post","status-publish","format-standard","has-post-thumbnail","hentry","category-i3","category-infantil","category-portada","tag-carnaval"],"post_mailing_queue_ids":[],"_links":{"self":[{"href":"https:\/\/agora.xtec.cat\/esc-concepcion-arenal\/wp-json\/wp\/v2\/posts\/8357","targetHints":{"allow":["GET"]}}],"collection":[{"href":"https:\/\/agora.xtec.cat\/esc-concepcion-arenal\/wp-json\/wp\/v2\/posts"}],"about":[{"href":"https:\/\/agora.xtec.cat\/esc-concepcion-arenal\/wp-json\/wp\/v2\/types\/post"}],"author":[{"embeddable":true,"href":"https:\/\/agora.xtec.cat\/esc-concepcion-arenal\/wp-json\/wp\/v2\/users\/5"}],"replies":[{"embeddable":true,"href":"https:\/\/agora.xtec.cat\/esc-concepcion-arenal\/wp-json\/wp\/v2\/comments?post=8357"}],"version-history":[{"count":2,"href":"https:\/\/agora.xtec.cat\/esc-concepcion-arenal\/wp-json\/wp\/v2\/posts\/8357\/revisions"}],"predecessor-version":[{"id":8360,"href":"https:\/\/agora.xtec.cat\/esc-concepcion-arenal\/wp-json\/wp\/v2\/posts\/8357\/revisions\/8360"}],"wp:featuredmedia":[{"embeddable":true,"href":"https:\/\/agora.xtec.cat\/esc-concepcion-arenal\/wp-json\/wp\/v2\/media\/8358"}],"wp:attachment":[{"href":"https:\/\/agora.xtec.cat\/esc-concepcion-arenal\/wp-json\/wp\/v2\/media?parent=8357"}],"wp:term":[{"taxonomy":"category","embeddable":true,"href":"https:\/\/agora.xtec.cat\/esc-concepcion-arenal\/wp-json\/wp\/v2\/categories?post=8357"},{"taxonomy":"post_tag","embeddable":true,"href":"https:\/\/agora.xtec.cat\/esc-concepcion-arenal\/wp-json\/wp\/v2\/tags?post=8357"}],"curies":[{"name":"wp","href":"https:\/\/api.w.org\/{rel}","templated":true}]}}