{"id":6510,"date":"2022-06-27T13:02:02","date_gmt":"2022-06-27T11:02:02","guid":{"rendered":"https:\/\/agora.xtec.cat\/esc-concepcion-arenal\/?p=6510"},"modified":"2022-06-27T13:02:31","modified_gmt":"2022-06-27T11:02:31","slug":"els-turqueplanetes-a-la-biblioteca-font-de-la-mina","status":"publish","type":"post","link":"https:\/\/agora.xtec.cat\/esc-concepcion-arenal\/infantil\/els-turqueplanetes-a-la-biblioteca-font-de-la-mina\/","title":{"rendered":"ELS TURQUEPLANETES A LA BIBLIOTECA FONT DE LA MINA"},"content":{"rendered":"<p style=\"text-align: left;\">Els nens i nenes de la classe dels Turqueplanetes vam anar a con\u00e8ixer un lloc molt especial: LA BIBLIOTECA FONT DE LA MINA.<br \/>\nVam gaudir d&#8217;un espai ple de contes i llibres de tota mena, vam poder escoltar alguns d&#8217;all\u00f2 m\u00e9s variats. Fins i tot vam escenificar-ne un! Ens va agradar molt i a m\u00e9s est\u00e0 molt a prop de l&#8217;escola, vam anar caminant i nom\u00e9s vam trigar cinc minuts.<br \/>\nEls nens i les nenes voldrien anar amb vosaltres, pares i mares, us hi animeu? I si a m\u00e9s de mirar llibres all\u00e0, us voleu endur algun de pr\u00e9stec, nom\u00e9s cal que us feu el carnet gratu\u00eftament. Tot s\u00f3n avantatges, no penseu? Us animem que feu \u00fas de la biblioteca i us endinseu en un m\u00f3n ple de m\u00e0gia i d&#8217;hist\u00f2ries que us encantaran.<\/p>\n<p style=\"text-align: center;\">Aqu\u00ed us deixem un petit recull de fotografies que desitgem que us agradin.<a href=\"https:\/\/photos.app.goo.gl\/NpVk15a3cZT99HeC6\" target=\"_blank\" rel=\"noopener\"><img loading=\"lazy\" decoding=\"async\" class=\"aligncenter wp-image-6511\" src=\"https:\/\/agora.xtec.cat\/esc-concepcion-arenal\/wp-content\/uploads\/usu2031\/2022\/06\/PORTADA-BIBLIOTECA.jpg\" alt=\"\" width=\"600\" height=\"450\" srcset=\"https:\/\/agora.xtec.cat\/esc-concepcion-arenal\/wp-content\/uploads\/usu2031\/2022\/06\/PORTADA-BIBLIOTECA.jpg 1024w, https:\/\/agora.xtec.cat\/esc-concepcion-arenal\/wp-content\/uploads\/usu2031\/2022\/06\/PORTADA-BIBLIOTECA-300x225.jpg 300w, https:\/\/agora.xtec.cat\/esc-concepcion-arenal\/wp-content\/uploads\/usu2031\/2022\/06\/PORTADA-BIBLIOTECA-768x576.jpg 768w, https:\/\/agora.xtec.cat\/esc-concepcion-arenal\/wp-content\/uploads\/usu2031\/2022\/06\/PORTADA-BIBLIOTECA-200x150.jpg 200w\" sizes=\"auto, (max-width: 600px) 100vw, 600px\" \/><\/a><\/p>\n","protected":false},"excerpt":{"rendered":"<p>Els nens i nenes de la classe dels Turqueplanetes vam anar a con\u00e8ixer un lloc molt especial: LA BIBLIOTECA FONT DE LA MINA. Vam gaudir d&#8217;un espai ple de contes i llibres de tota mena, vam poder escoltar alguns d&#8217;all\u00f2 m\u00e9s variats. Fins i tot vam escenificar-ne un! Ens va agradar molt i a m\u00e9s [&hellip;]<\/p>\n","protected":false},"author":5,"featured_media":6511,"comment_status":"open","ping_status":"closed","sticky":false,"template":"","format":"standard","meta":{"_bbp_topic_count":0,"_bbp_reply_count":0,"_bbp_total_topic_count":0,"_bbp_total_reply_count":0,"_bbp_voice_count":0,"_bbp_anonymous_reply_count":0,"_bbp_topic_count_hidden":0,"_bbp_reply_count_hidden":0,"_bbp_forum_subforum_count":0,"site-sidebar-layout":"default","site-content-layout":"","ast-site-content-layout":"","site-content-style":"default","site-sidebar-style":"default","ast-global-header-display":"","ast-banner-title-visibility":"","ast-main-header-display":"","ast-hfb-above-header-display":"","ast-hfb-below-header-display":"","ast-hfb-mobile-header-display":"","site-post-title":"","ast-breadcrumbs-content":"","ast-featured-img":"","footer-sml-layout":"","theme-transparent-header-meta":"","adv-header-id-meta":"","stick-header-meta":"","header-above-stick-meta":"","header-main-stick-meta":"","header-below-stick-meta":"","astra-migrate-meta-layouts":"default","ast-page-background-enabled":"default","ast-page-background-meta":{"desktop":{"background-color":"var(--ast-global-color-4)","background-image":"","background-repeat":"repeat","background-position":"center center","background-size":"auto","background-attachment":"scroll","background-type":"","background-media":"","overlay-type":"","overlay-color":"","overlay-opacity":"","overlay-gradient":""},"tablet":{"background-color":"","background-image":"","background-repeat":"repeat","background-position":"center center","background-size":"auto","background-attachment":"scroll","background-type":"","background-media":"","overlay-type":"","overlay-color":"","overlay-opacity":"","overlay-gradient":""},"mobile":{"background-color":"","background-image":"","background-repeat":"repeat","background-position":"center center","background-size":"auto","background-attachment":"scroll","background-type":"","background-media":"","overlay-type":"","overlay-color":"","overlay-opacity":"","overlay-gradient":""}},"ast-content-background-meta":{"desktop":{"background-color":"var(--ast-global-color-5)","background-image":"","background-repeat":"repeat","background-position":"center center","background-size":"auto","background-attachment":"scroll","background-type":"","background-media":"","overlay-type":"","overlay-color":"","overlay-opacity":"","overlay-gradient":""},"tablet":{"background-color":"var(--ast-global-color-5)","background-image":"","background-repeat":"repeat","background-position":"center center","background-size":"auto","background-attachment":"scroll","background-type":"","background-media":"","overlay-type":"","overlay-color":"","overlay-opacity":"","overlay-gradient":""},"mobile":{"background-color":"var(--ast-global-color-5)","background-image":"","background-repeat":"repeat","background-position":"center center","background-size":"auto","background-attachment":"scroll","background-type":"","background-media":"","overlay-type":"","overlay-color":"","overlay-opacity":"","overlay-gradient":""}},"footnotes":""},"categories":[9,2,4],"tags":[86],"class_list":["post-6510","post","type-post","status-publish","format-standard","has-post-thumbnail","hentry","category-i5","category-infantil","category-portada","tag-biblioteca"],"post_mailing_queue_ids":[],"_links":{"self":[{"href":"https:\/\/agora.xtec.cat\/esc-concepcion-arenal\/wp-json\/wp\/v2\/posts\/6510","targetHints":{"allow":["GET"]}}],"collection":[{"href":"https:\/\/agora.xtec.cat\/esc-concepcion-arenal\/wp-json\/wp\/v2\/posts"}],"about":[{"href":"https:\/\/agora.xtec.cat\/esc-concepcion-arenal\/wp-json\/wp\/v2\/types\/post"}],"author":[{"embeddable":true,"href":"https:\/\/agora.xtec.cat\/esc-concepcion-arenal\/wp-json\/wp\/v2\/users\/5"}],"replies":[{"embeddable":true,"href":"https:\/\/agora.xtec.cat\/esc-concepcion-arenal\/wp-json\/wp\/v2\/comments?post=6510"}],"version-history":[{"count":2,"href":"https:\/\/agora.xtec.cat\/esc-concepcion-arenal\/wp-json\/wp\/v2\/posts\/6510\/revisions"}],"predecessor-version":[{"id":6513,"href":"https:\/\/agora.xtec.cat\/esc-concepcion-arenal\/wp-json\/wp\/v2\/posts\/6510\/revisions\/6513"}],"wp:featuredmedia":[{"embeddable":true,"href":"https:\/\/agora.xtec.cat\/esc-concepcion-arenal\/wp-json\/wp\/v2\/media\/6511"}],"wp:attachment":[{"href":"https:\/\/agora.xtec.cat\/esc-concepcion-arenal\/wp-json\/wp\/v2\/media?parent=6510"}],"wp:term":[{"taxonomy":"category","embeddable":true,"href":"https:\/\/agora.xtec.cat\/esc-concepcion-arenal\/wp-json\/wp\/v2\/categories?post=6510"},{"taxonomy":"post_tag","embeddable":true,"href":"https:\/\/agora.xtec.cat\/esc-concepcion-arenal\/wp-json\/wp\/v2\/tags?post=6510"}],"curies":[{"name":"wp","href":"https:\/\/api.w.org\/{rel}","templated":true}]}}