{"id":5766,"date":"2022-04-07T20:54:32","date_gmt":"2022-04-07T18:54:32","guid":{"rendered":"https:\/\/agora.xtec.cat\/esc-concepcion-arenal\/?p=5766"},"modified":"2022-04-07T20:58:29","modified_gmt":"2022-04-07T18:58:29","slug":"dia-mundial-de-conscienciacio-de-lautisme-2","status":"publish","type":"post","link":"https:\/\/agora.xtec.cat\/esc-concepcion-arenal\/infantil\/dia-mundial-de-conscienciacio-de-lautisme-2\/","title":{"rendered":"DIA MUNDIAL DE CONSCIENCIACI\u00d3 DE L&#8217;AUTISME"},"content":{"rendered":"<p style=\"text-align: left;\">El passat dia 2 d&#8217;abril va ser el Dia Mundial de la Conscienciaci\u00f3 sobre l&#8217;Autisme.<br \/>\nA l&#8217;escola hem fet unes activitats per fer visible i donar a con\u00e8ixer l&#8217;autisme i aix\u00ed aportar el nostre granet de sorra a trencar les barreres per a la inclusi\u00f3.<\/p>\n<p>Els petits d&#8217;educaci\u00f3 infantil i cicle inicial han treballat dos contes: \u00abEl monstre Rosa\u00bb i \u00abQuatre petites cantonades de no res\u00bb que fan reflexionar sobre el valor de la difer\u00e8ncia i, aix\u00ed, entendre la diversitat com un element enriquidor.<br \/>\nEls alumnes m\u00e9s grans de cicle mitj\u00e0 i superior han vist dos curtmetratges: Float (vola) i Loop (lla\u00e7) que expliquen qu\u00e8 \u00e9s l&#8217;autisme i ens han ajudat a comprendre la import\u00e0ncia de posar-nos en el lloc de l&#8217;altre.<br \/>\nA m\u00e9s, hem participat de la campanya de sensibilitzaci\u00f3 de l&#8217;Associaci\u00f3 Aprenem Autisme. Ens hem fet una foto fent el gest de #DonaUnCopDull a l&#8217;autisme i els alumnes de la SIEI han preparat un sorteig entre el personal educatiu per recaptar fons per aquesta associaci\u00f3.<\/p>\n<p style=\"text-align: center;\">Podeu veure les fotos clicant la imatge.<\/p>\n<p style=\"text-align: center;\"><a href=\"https:\/\/photos.app.goo.gl\/Dpuf1ysGhxkYAPwB6\" target=\"_blank\" rel=\"noopener\"><img loading=\"lazy\" decoding=\"async\" class=\"alignnone wp-image-5768\" src=\"https:\/\/agora.xtec.cat\/esc-concepcion-arenal\/wp-content\/uploads\/usu2031\/2022\/04\/PORTADA-2-300x225.jpg\" alt=\"\" width=\"600\" height=\"450\" srcset=\"https:\/\/agora.xtec.cat\/esc-concepcion-arenal\/wp-content\/uploads\/usu2031\/2022\/04\/PORTADA-2-300x225.jpg 300w, https:\/\/agora.xtec.cat\/esc-concepcion-arenal\/wp-content\/uploads\/usu2031\/2022\/04\/PORTADA-2-768x576.jpg 768w, https:\/\/agora.xtec.cat\/esc-concepcion-arenal\/wp-content\/uploads\/usu2031\/2022\/04\/PORTADA-2-200x150.jpg 200w, https:\/\/agora.xtec.cat\/esc-concepcion-arenal\/wp-content\/uploads\/usu2031\/2022\/04\/PORTADA-2.jpg 1024w\" sizes=\"auto, (max-width: 600px) 100vw, 600px\" \/><\/a><\/p>\n","protected":false},"excerpt":{"rendered":"<p>El passat dia 2 d&#8217;abril va ser el Dia Mundial de la Conscienciaci\u00f3 sobre l&#8217;Autisme. A l&#8217;escola hem fet unes activitats per fer visible i donar a con\u00e8ixer l&#8217;autisme i aix\u00ed aportar el nostre granet de sorra a trencar les barreres per a la inclusi\u00f3. Els petits d&#8217;educaci\u00f3 infantil i cicle inicial han treballat dos [&hellip;]<\/p>\n","protected":false},"author":5,"featured_media":5768,"comment_status":"open","ping_status":"closed","sticky":false,"template":"","format":"standard","meta":{"_bbp_topic_count":0,"_bbp_reply_count":0,"_bbp_total_topic_count":0,"_bbp_total_reply_count":0,"_bbp_voice_count":0,"_bbp_anonymous_reply_count":0,"_bbp_topic_count_hidden":0,"_bbp_reply_count_hidden":0,"_bbp_forum_subforum_count":0,"site-sidebar-layout":"default","site-content-layout":"","ast-site-content-layout":"","site-content-style":"default","site-sidebar-style":"default","ast-global-header-display":"","ast-banner-title-visibility":"","ast-main-header-display":"","ast-hfb-above-header-display":"","ast-hfb-below-header-display":"","ast-hfb-mobile-header-display":"","site-post-title":"","ast-breadcrumbs-content":"","ast-featured-img":"","footer-sml-layout":"","theme-transparent-header-meta":"","adv-header-id-meta":"","stick-header-meta":"","header-above-stick-meta":"","header-main-stick-meta":"","header-below-stick-meta":"","astra-migrate-meta-layouts":"default","ast-page-background-enabled":"default","ast-page-background-meta":{"desktop":{"background-color":"var(--ast-global-color-4)","background-image":"","background-repeat":"repeat","background-position":"center center","background-size":"auto","background-attachment":"scroll","background-type":"","background-media":"","overlay-type":"","overlay-color":"","overlay-opacity":"","overlay-gradient":""},"tablet":{"background-color":"","background-image":"","background-repeat":"repeat","background-position":"center center","background-size":"auto","background-attachment":"scroll","background-type":"","background-media":"","overlay-type":"","overlay-color":"","overlay-opacity":"","overlay-gradient":""},"mobile":{"background-color":"","background-image":"","background-repeat":"repeat","background-position":"center center","background-size":"auto","background-attachment":"scroll","background-type":"","background-media":"","overlay-type":"","overlay-color":"","overlay-opacity":"","overlay-gradient":""}},"ast-content-background-meta":{"desktop":{"background-color":"var(--ast-global-color-5)","background-image":"","background-repeat":"repeat","background-position":"center center","background-size":"auto","background-attachment":"scroll","background-type":"","background-media":"","overlay-type":"","overlay-color":"","overlay-opacity":"","overlay-gradient":""},"tablet":{"background-color":"var(--ast-global-color-5)","background-image":"","background-repeat":"repeat","background-position":"center center","background-size":"auto","background-attachment":"scroll","background-type":"","background-media":"","overlay-type":"","overlay-color":"","overlay-opacity":"","overlay-gradient":""},"mobile":{"background-color":"var(--ast-global-color-5)","background-image":"","background-repeat":"repeat","background-position":"center center","background-size":"auto","background-attachment":"scroll","background-type":"","background-media":"","overlay-type":"","overlay-color":"","overlay-opacity":"","overlay-gradient":""}},"footnotes":""},"categories":[10,11,115,116,117,118,3,8,2,4,5,135],"tags":[144],"class_list":["post-5766","post","type-post","status-publish","format-standard","has-post-thumbnail","hentry","category-1r","category-2n","category-3r","category-4t","category-5e","category-6e","category-i3","category-i4","category-infantil","category-portada","category-primaria","category-siei","tag-autisme"],"post_mailing_queue_ids":[],"_links":{"self":[{"href":"https:\/\/agora.xtec.cat\/esc-concepcion-arenal\/wp-json\/wp\/v2\/posts\/5766","targetHints":{"allow":["GET"]}}],"collection":[{"href":"https:\/\/agora.xtec.cat\/esc-concepcion-arenal\/wp-json\/wp\/v2\/posts"}],"about":[{"href":"https:\/\/agora.xtec.cat\/esc-concepcion-arenal\/wp-json\/wp\/v2\/types\/post"}],"author":[{"embeddable":true,"href":"https:\/\/agora.xtec.cat\/esc-concepcion-arenal\/wp-json\/wp\/v2\/users\/5"}],"replies":[{"embeddable":true,"href":"https:\/\/agora.xtec.cat\/esc-concepcion-arenal\/wp-json\/wp\/v2\/comments?post=5766"}],"version-history":[{"count":3,"href":"https:\/\/agora.xtec.cat\/esc-concepcion-arenal\/wp-json\/wp\/v2\/posts\/5766\/revisions"}],"predecessor-version":[{"id":5773,"href":"https:\/\/agora.xtec.cat\/esc-concepcion-arenal\/wp-json\/wp\/v2\/posts\/5766\/revisions\/5773"}],"wp:featuredmedia":[{"embeddable":true,"href":"https:\/\/agora.xtec.cat\/esc-concepcion-arenal\/wp-json\/wp\/v2\/media\/5768"}],"wp:attachment":[{"href":"https:\/\/agora.xtec.cat\/esc-concepcion-arenal\/wp-json\/wp\/v2\/media?parent=5766"}],"wp:term":[{"taxonomy":"category","embeddable":true,"href":"https:\/\/agora.xtec.cat\/esc-concepcion-arenal\/wp-json\/wp\/v2\/categories?post=5766"},{"taxonomy":"post_tag","embeddable":true,"href":"https:\/\/agora.xtec.cat\/esc-concepcion-arenal\/wp-json\/wp\/v2\/tags?post=5766"}],"curies":[{"name":"wp","href":"https:\/\/api.w.org\/{rel}","templated":true}]}}