{"id":5066,"date":"2022-02-13T10:04:47","date_gmt":"2022-02-13T09:04:47","guid":{"rendered":"https:\/\/agora.xtec.cat\/esc-concepcion-arenal\/?p=5066"},"modified":"2022-03-14T18:17:45","modified_gmt":"2022-03-14T17:17:45","slug":"dia-escolar-de-la-no-violencia-i-la-pau","status":"publish","type":"post","link":"https:\/\/agora.xtec.cat\/esc-concepcion-arenal\/general\/dia-escolar-de-la-no-violencia-i-la-pau\/","title":{"rendered":"Dia Escolar de la No-Viol\u00e8ncia i la Pau"},"content":{"rendered":"<p>El dia escolar de la No-viol\u00e8ncia i la Pau se celebra el dia 30 de gener i es reivindica a totes les escoles del m\u00f3n.<\/p>\n<p>Aquest curs, a la nostra escola, el treball de la setmana de la Pau va consistir en la coeducaci\u00f3 i la igualtat de g\u00e8nere. Els cursos d&#8217;infantil van partir del conte \u201cEl Quim i les barbies\u201d, al cicle inicial es va treballar el conte &#8220;Cua de Sirena&#8221;, al cicle mitj\u00e0 van llegir el conte &#8220;El meu pare \u00e9s mestressa de casa&#8230; i qu\u00e8?&#8221; . Cinqu\u00e8 va llegir &#8220;Arturo i Clementina&#8221; i 6\u00e8 &#8220;No m&#8217;agrada el futbol&#8230; i qu\u00e8?&#8221;.<\/p>\n<div>Podeu veure les nostres exposicions davant de tota l&#8217;escola clicant la imatge.<\/div>\n<div><\/div>\n<div><\/div>\n<div><\/div>\n<p><a href=\"https:\/\/photos.app.goo.gl\/sgEaJNqTJ4zWX9aQ9\"><img loading=\"lazy\" decoding=\"async\" class=\"aligncenter wp-image-5071 size-large\" src=\"https:\/\/agora.xtec.cat\/esc-concepcion-arenal\/wp-content\/uploads\/usu2031\/2022\/02\/WhatsApp-Image-2022-01-29-at-09.19.45-1024x1024.jpeg\" alt=\"\" width=\"1024\" height=\"1024\" srcset=\"https:\/\/agora.xtec.cat\/esc-concepcion-arenal\/wp-content\/uploads\/usu2031\/2022\/02\/WhatsApp-Image-2022-01-29-at-09.19.45-1024x1024.jpeg 1024w, https:\/\/agora.xtec.cat\/esc-concepcion-arenal\/wp-content\/uploads\/usu2031\/2022\/02\/WhatsApp-Image-2022-01-29-at-09.19.45-300x300.jpeg 300w, https:\/\/agora.xtec.cat\/esc-concepcion-arenal\/wp-content\/uploads\/usu2031\/2022\/02\/WhatsApp-Image-2022-01-29-at-09.19.45-150x150.jpeg 150w, https:\/\/agora.xtec.cat\/esc-concepcion-arenal\/wp-content\/uploads\/usu2031\/2022\/02\/WhatsApp-Image-2022-01-29-at-09.19.45-768x768.jpeg 768w, https:\/\/agora.xtec.cat\/esc-concepcion-arenal\/wp-content\/uploads\/usu2031\/2022\/02\/WhatsApp-Image-2022-01-29-at-09.19.45.jpeg 1200w\" sizes=\"auto, (max-width: 1024px) 100vw, 1024px\" \/><\/a><\/p>\n<p>I els v\u00eddeos de les exposicions clicant cada curs:<\/p>\n<div style=\"text-align: center;\"><\/div>\n<div style=\"text-align: left;\"><a href=\"https:\/\/youtu.be\/KbHxwvl4X4I\">P 3<\/a>\u00a0 \u00a0 \u00a0<a href=\"https:\/\/youtu.be\/4_b8nFqimlo\">P 4<\/a>\u00a0 \u00a0 \u00a0<a href=\"https:\/\/youtu.be\/LU_93oQ-8gQ\">P 5<\/a>\u00a0 \u00a0 \u00a0<a href=\"https:\/\/youtu.be\/i-B7Q_kiNTM\">1r\u00a0<\/a>\u00a0 \u00a0 \u00a0<a href=\"https:\/\/youtu.be\/XZy7hIpTIX4\">2n<\/a>\u00a0 \u00a0 \u00a0<a href=\"https:\/\/youtu.be\/5cqCEPSFwMU\">3r<\/a>\u00a0 \u00a0 \u00a0<a href=\"https:\/\/youtu.be\/Ayp6_pjRsuU\">4t<\/a>\u00a0 \u00a0\u00a0 <a href=\"https:\/\/youtu.be\/KuyK9YS0bGg\">5\u00e8<\/a>\u00a0 \u00a0\u00a0 <a href=\"https:\/\/youtu.be\/n0S1Y67FXmY\">6\u00e8<\/a><\/div>\n<div><\/div>\n<div><\/div>\n","protected":false},"excerpt":{"rendered":"<p>El dia escolar de la No-viol\u00e8ncia i la Pau se celebra el dia 30 de gener i es reivindica a totes les escoles del m\u00f3n. Aquest curs, a la nostra escola, el treball de la setmana de la Pau va consistir en la coeducaci\u00f3 i la igualtat de g\u00e8nere. Els cursos d&#8217;infantil van partir del [&hellip;]<\/p>\n","protected":false},"author":6,"featured_media":0,"comment_status":"open","ping_status":"closed","sticky":false,"template":"","format":"standard","meta":{"_bbp_topic_count":0,"_bbp_reply_count":0,"_bbp_total_topic_count":0,"_bbp_total_reply_count":0,"_bbp_voice_count":0,"_bbp_anonymous_reply_count":0,"_bbp_topic_count_hidden":0,"_bbp_reply_count_hidden":0,"_bbp_forum_subforum_count":0,"site-sidebar-layout":"default","site-content-layout":"","ast-site-content-layout":"","site-content-style":"default","site-sidebar-style":"default","ast-global-header-display":"","ast-banner-title-visibility":"","ast-main-header-display":"","ast-hfb-above-header-display":"","ast-hfb-below-header-display":"","ast-hfb-mobile-header-display":"","site-post-title":"","ast-breadcrumbs-content":"","ast-featured-img":"","footer-sml-layout":"","theme-transparent-header-meta":"","adv-header-id-meta":"","stick-header-meta":"","header-above-stick-meta":"","header-main-stick-meta":"","header-below-stick-meta":"","astra-migrate-meta-layouts":"default","ast-page-background-enabled":"default","ast-page-background-meta":{"desktop":{"background-color":"var(--ast-global-color-4)","background-image":"","background-repeat":"repeat","background-position":"center center","background-size":"auto","background-attachment":"scroll","background-type":"","background-media":"","overlay-type":"","overlay-color":"","overlay-opacity":"","overlay-gradient":""},"tablet":{"background-color":"","background-image":"","background-repeat":"repeat","background-position":"center center","background-size":"auto","background-attachment":"scroll","background-type":"","background-media":"","overlay-type":"","overlay-color":"","overlay-opacity":"","overlay-gradient":""},"mobile":{"background-color":"","background-image":"","background-repeat":"repeat","background-position":"center center","background-size":"auto","background-attachment":"scroll","background-type":"","background-media":"","overlay-type":"","overlay-color":"","overlay-opacity":"","overlay-gradient":""}},"ast-content-background-meta":{"desktop":{"background-color":"var(--ast-global-color-5)","background-image":"","background-repeat":"repeat","background-position":"center center","background-size":"auto","background-attachment":"scroll","background-type":"","background-media":"","overlay-type":"","overlay-color":"","overlay-opacity":"","overlay-gradient":""},"tablet":{"background-color":"var(--ast-global-color-5)","background-image":"","background-repeat":"repeat","background-position":"center center","background-size":"auto","background-attachment":"scroll","background-type":"","background-media":"","overlay-type":"","overlay-color":"","overlay-opacity":"","overlay-gradient":""},"mobile":{"background-color":"var(--ast-global-color-5)","background-image":"","background-repeat":"repeat","background-position":"center center","background-size":"auto","background-attachment":"scroll","background-type":"","background-media":"","overlay-type":"","overlay-color":"","overlay-opacity":"","overlay-gradient":""}},"footnotes":""},"categories":[10,11,115,116,117,118,1,3,8,9,2,4,5],"tags":[86],"class_list":["post-5066","post","type-post","status-publish","format-standard","hentry","category-1r","category-2n","category-3r","category-4t","category-5e","category-6e","category-general","category-i3","category-i4","category-i5","category-infantil","category-portada","category-primaria","tag-biblioteca"],"post_mailing_queue_ids":[],"_links":{"self":[{"href":"https:\/\/agora.xtec.cat\/esc-concepcion-arenal\/wp-json\/wp\/v2\/posts\/5066","targetHints":{"allow":["GET"]}}],"collection":[{"href":"https:\/\/agora.xtec.cat\/esc-concepcion-arenal\/wp-json\/wp\/v2\/posts"}],"about":[{"href":"https:\/\/agora.xtec.cat\/esc-concepcion-arenal\/wp-json\/wp\/v2\/types\/post"}],"author":[{"embeddable":true,"href":"https:\/\/agora.xtec.cat\/esc-concepcion-arenal\/wp-json\/wp\/v2\/users\/6"}],"replies":[{"embeddable":true,"href":"https:\/\/agora.xtec.cat\/esc-concepcion-arenal\/wp-json\/wp\/v2\/comments?post=5066"}],"version-history":[{"count":3,"href":"https:\/\/agora.xtec.cat\/esc-concepcion-arenal\/wp-json\/wp\/v2\/posts\/5066\/revisions"}],"predecessor-version":[{"id":5477,"href":"https:\/\/agora.xtec.cat\/esc-concepcion-arenal\/wp-json\/wp\/v2\/posts\/5066\/revisions\/5477"}],"wp:attachment":[{"href":"https:\/\/agora.xtec.cat\/esc-concepcion-arenal\/wp-json\/wp\/v2\/media?parent=5066"}],"wp:term":[{"taxonomy":"category","embeddable":true,"href":"https:\/\/agora.xtec.cat\/esc-concepcion-arenal\/wp-json\/wp\/v2\/categories?post=5066"},{"taxonomy":"post_tag","embeddable":true,"href":"https:\/\/agora.xtec.cat\/esc-concepcion-arenal\/wp-json\/wp\/v2\/tags?post=5066"}],"curies":[{"name":"wp","href":"https:\/\/api.w.org\/{rel}","templated":true}]}}