{"id":13366,"date":"2024-11-23T10:19:11","date_gmt":"2024-11-23T09:19:11","guid":{"rendered":"https:\/\/agora.xtec.cat\/esc-concepcion-arenal\/?p=13366"},"modified":"2024-11-30T10:24:52","modified_gmt":"2024-11-30T09:24:52","slug":"art-i-musica-al-caixaforum","status":"publish","type":"post","link":"https:\/\/agora.xtec.cat\/esc-concepcion-arenal\/portada\/art-i-musica-al-caixaforum\/","title":{"rendered":"ART I M\u00daSICA AL CAIXAFORUM"},"content":{"rendered":"<p>La classe d\u2019InfoC hem gaudit d\u2019una sortida al CaixaForum plena d\u2019art i m\u00fasica, on hem tingut l&#8217;oportunitat de participar en el taller <strong>Tots els cossos fan el paisatge<\/strong>, creat per l\u2019artista Albert Potrony. En aquest, hem utilitzat el nostre cos, fustes, teles i catifes per donar forma a paisatges sorprenents i creatius amb la pres\u00e8ncia tamb\u00e9 de la m\u00fasica.<\/p>\n<p>Despr\u00e9s, hem viscut un espectacle musical amb grans can\u00e7ons de pel\u00b7l\u00edcules com la Frozen, la Vaiana, el Rei Lle\u00f3&#8230; que ens ha perm\u00e8s reviure hist\u00f2ries a trav\u00e9s de la m\u00fasica. Ha estat una experi\u00e8ncia molt divertida!<\/p>\n<p style=\"text-align: center;\">Podeu veure les fotos clicant la imatge.<\/p>\n<div><a href=\"https:\/\/photos.app.goo.gl\/TxT3aLMb8neT3smx9\" target=\"_blank\" rel=\"noopener\"><img loading=\"lazy\" decoding=\"async\" class=\"aligncenter size-full wp-image-13423\" src=\"https:\/\/agora.xtec.cat\/esc-concepcion-arenal\/wp-content\/uploads\/usu2031\/2024\/11\/portada-14.jpg\" alt=\"\" width=\"640\" height=\"480\" srcset=\"https:\/\/agora.xtec.cat\/esc-concepcion-arenal\/wp-content\/uploads\/usu2031\/2024\/11\/portada-14.jpg 640w, https:\/\/agora.xtec.cat\/esc-concepcion-arenal\/wp-content\/uploads\/usu2031\/2024\/11\/portada-14-300x225.jpg 300w, https:\/\/agora.xtec.cat\/esc-concepcion-arenal\/wp-content\/uploads\/usu2031\/2024\/11\/portada-14-200x150.jpg 200w\" sizes=\"auto, (max-width: 640px) 100vw, 640px\" \/><\/a><\/div>\n","protected":false},"excerpt":{"rendered":"<p>La classe d\u2019InfoC hem gaudit d\u2019una sortida al CaixaForum plena d\u2019art i m\u00fasica, on hem tingut l&#8217;oportunitat de participar en el taller Tots els cossos fan el paisatge, creat per l\u2019artista Albert Potrony. En aquest, hem utilitzat el nostre cos, fustes, teles i catifes per donar forma a paisatges sorprenents i creatius amb la pres\u00e8ncia [&hellip;]<\/p>\n","protected":false},"author":6,"featured_media":0,"comment_status":"closed","ping_status":"closed","sticky":false,"template":"","format":"standard","meta":{"_bbp_topic_count":0,"_bbp_reply_count":0,"_bbp_total_topic_count":0,"_bbp_total_reply_count":0,"_bbp_voice_count":0,"_bbp_anonymous_reply_count":0,"_bbp_topic_count_hidden":0,"_bbp_reply_count_hidden":0,"_bbp_forum_subforum_count":0,"site-sidebar-layout":"default","site-content-layout":"","ast-site-content-layout":"","site-content-style":"default","site-sidebar-style":"default","ast-global-header-display":"","ast-banner-title-visibility":"","ast-main-header-display":"","ast-hfb-above-header-display":"","ast-hfb-below-header-display":"","ast-hfb-mobile-header-display":"","site-post-title":"","ast-breadcrumbs-content":"","ast-featured-img":"","footer-sml-layout":"","theme-transparent-header-meta":"","adv-header-id-meta":"","stick-header-meta":"","header-above-stick-meta":"","header-main-stick-meta":"","header-below-stick-meta":"","astra-migrate-meta-layouts":"default","ast-page-background-enabled":"default","ast-page-background-meta":{"desktop":{"background-color":"var(--ast-global-color-4)","background-image":"","background-repeat":"repeat","background-position":"center center","background-size":"auto","background-attachment":"scroll","background-type":"","background-media":"","overlay-type":"","overlay-color":"","overlay-opacity":"","overlay-gradient":""},"tablet":{"background-color":"","background-image":"","background-repeat":"repeat","background-position":"center center","background-size":"auto","background-attachment":"scroll","background-type":"","background-media":"","overlay-type":"","overlay-color":"","overlay-opacity":"","overlay-gradient":""},"mobile":{"background-color":"","background-image":"","background-repeat":"repeat","background-position":"center center","background-size":"auto","background-attachment":"scroll","background-type":"","background-media":"","overlay-type":"","overlay-color":"","overlay-opacity":"","overlay-gradient":""}},"ast-content-background-meta":{"desktop":{"background-color":"var(--ast-global-color-5)","background-image":"","background-repeat":"repeat","background-position":"center center","background-size":"auto","background-attachment":"scroll","background-type":"","background-media":"","overlay-type":"","overlay-color":"","overlay-opacity":"","overlay-gradient":""},"tablet":{"background-color":"var(--ast-global-color-5)","background-image":"","background-repeat":"repeat","background-position":"center center","background-size":"auto","background-attachment":"scroll","background-type":"","background-media":"","overlay-type":"","overlay-color":"","overlay-opacity":"","overlay-gradient":""},"mobile":{"background-color":"var(--ast-global-color-5)","background-image":"","background-repeat":"repeat","background-position":"center center","background-size":"auto","background-attachment":"scroll","background-type":"","background-media":"","overlay-type":"","overlay-color":"","overlay-opacity":"","overlay-gradient":""}},"footnotes":""},"categories":[11,4,5],"tags":[],"class_list":["post-13366","post","type-post","status-publish","format-standard","hentry","category-2n","category-portada","category-primaria"],"post_mailing_queue_ids":[],"_links":{"self":[{"href":"https:\/\/agora.xtec.cat\/esc-concepcion-arenal\/wp-json\/wp\/v2\/posts\/13366","targetHints":{"allow":["GET"]}}],"collection":[{"href":"https:\/\/agora.xtec.cat\/esc-concepcion-arenal\/wp-json\/wp\/v2\/posts"}],"about":[{"href":"https:\/\/agora.xtec.cat\/esc-concepcion-arenal\/wp-json\/wp\/v2\/types\/post"}],"author":[{"embeddable":true,"href":"https:\/\/agora.xtec.cat\/esc-concepcion-arenal\/wp-json\/wp\/v2\/users\/6"}],"replies":[{"embeddable":true,"href":"https:\/\/agora.xtec.cat\/esc-concepcion-arenal\/wp-json\/wp\/v2\/comments?post=13366"}],"version-history":[{"count":3,"href":"https:\/\/agora.xtec.cat\/esc-concepcion-arenal\/wp-json\/wp\/v2\/posts\/13366\/revisions"}],"predecessor-version":[{"id":13425,"href":"https:\/\/agora.xtec.cat\/esc-concepcion-arenal\/wp-json\/wp\/v2\/posts\/13366\/revisions\/13425"}],"wp:attachment":[{"href":"https:\/\/agora.xtec.cat\/esc-concepcion-arenal\/wp-json\/wp\/v2\/media?parent=13366"}],"wp:term":[{"taxonomy":"category","embeddable":true,"href":"https:\/\/agora.xtec.cat\/esc-concepcion-arenal\/wp-json\/wp\/v2\/categories?post=13366"},{"taxonomy":"post_tag","embeddable":true,"href":"https:\/\/agora.xtec.cat\/esc-concepcion-arenal\/wp-json\/wp\/v2\/tags?post=13366"}],"curies":[{"name":"wp","href":"https:\/\/api.w.org\/{rel}","templated":true}]}}