{"id":12473,"date":"2024-06-08T17:47:15","date_gmt":"2024-06-08T15:47:15","guid":{"rendered":"https:\/\/agora.xtec.cat\/esc-concepcion-arenal\/?p=12473"},"modified":"2024-06-23T17:54:14","modified_gmt":"2024-06-23T15:54:14","slug":"la-natura-al-nostre-abast","status":"publish","type":"post","link":"https:\/\/agora.xtec.cat\/esc-concepcion-arenal\/infantil\/la-natura-al-nostre-abast\/","title":{"rendered":"LA NATURA AL NOSTRE ABAST"},"content":{"rendered":"<p>Els Pa amb tom\u00e0quet vam tenir la sort de visitar el Museu de Ci\u00e8ncies Naturals de Barcelona (Museu Blau), i participar de l\u2019activitat: \u201cLa natura al nostre abast\u201d amb acompanyament de dues monitores del Museu. Al Niu de Ci\u00e8ncia els nostres sentits i la nostra curiositat ens va portar a explorar de manera aut\u00f2noma i anar descobrint un munt de coses relacionades amb la natura que ens envolta: animals que viuen en entorns diversos, elements d\u2019aquests entorns (roques, fulles, fruits, sorra\u2026) tot observant, tocant, escoltant, olorant, i sobretot fent-nos preguntes i pensant!<\/p>\n<p>Hem gaudit compartint tot all\u00f2 que hem descobert o que ens ha sorpr\u00e8s. Abans de marxar, asseguts en rotllana, hem compartit descobertes, hem donat resposta a algunes preguntes i d\u2019altres han quedat pendents.<\/p>\n<p>Despr\u00e9s de la visita, vam anar a jugar al parc m\u00e9s pr\u00f2xim. Va ser un gran dia.<\/p>\n<p style=\"text-align: center;\">Cliqueu la imatge per veure m\u00e9s fotos.<\/p>\n<p><a href=\"https:\/\/photos.app.goo.gl\/bd72ncUWxPHW8jES7\" target=\"_blank\" rel=\"noopener\"><img loading=\"lazy\" decoding=\"async\" class=\"aligncenter wp-image-12474\" src=\"https:\/\/agora.xtec.cat\/esc-concepcion-arenal\/wp-content\/uploads\/usu2031\/2024\/06\/portada-museu-blau.jpg\" alt=\"\" width=\"600\" height=\"338\" srcset=\"https:\/\/agora.xtec.cat\/esc-concepcion-arenal\/wp-content\/uploads\/usu2031\/2024\/06\/portada-museu-blau.jpg 1024w, https:\/\/agora.xtec.cat\/esc-concepcion-arenal\/wp-content\/uploads\/usu2031\/2024\/06\/portada-museu-blau-300x169.jpg 300w, https:\/\/agora.xtec.cat\/esc-concepcion-arenal\/wp-content\/uploads\/usu2031\/2024\/06\/portada-museu-blau-768x432.jpg 768w\" sizes=\"auto, (max-width: 600px) 100vw, 600px\" \/><\/a><\/p>\n","protected":false},"excerpt":{"rendered":"<p>Els Pa amb tom\u00e0quet vam tenir la sort de visitar el Museu de Ci\u00e8ncies Naturals de Barcelona (Museu Blau), i participar de l\u2019activitat: \u201cLa natura al nostre abast\u201d amb acompanyament de dues monitores del Museu. Al Niu de Ci\u00e8ncia els nostres sentits i la nostra curiositat ens va portar a explorar de manera aut\u00f2noma i [&hellip;]<\/p>\n","protected":false},"author":5,"featured_media":12474,"comment_status":"open","ping_status":"closed","sticky":false,"template":"","format":"standard","meta":{"_bbp_topic_count":0,"_bbp_reply_count":0,"_bbp_total_topic_count":0,"_bbp_total_reply_count":0,"_bbp_voice_count":0,"_bbp_anonymous_reply_count":0,"_bbp_topic_count_hidden":0,"_bbp_reply_count_hidden":0,"_bbp_forum_subforum_count":0,"site-sidebar-layout":"default","site-content-layout":"","ast-site-content-layout":"","site-content-style":"default","site-sidebar-style":"default","ast-global-header-display":"","ast-banner-title-visibility":"","ast-main-header-display":"","ast-hfb-above-header-display":"","ast-hfb-below-header-display":"","ast-hfb-mobile-header-display":"","site-post-title":"","ast-breadcrumbs-content":"","ast-featured-img":"","footer-sml-layout":"","theme-transparent-header-meta":"","adv-header-id-meta":"","stick-header-meta":"","header-above-stick-meta":"","header-main-stick-meta":"","header-below-stick-meta":"","astra-migrate-meta-layouts":"default","ast-page-background-enabled":"default","ast-page-background-meta":{"desktop":{"background-color":"var(--ast-global-color-4)","background-image":"","background-repeat":"repeat","background-position":"center center","background-size":"auto","background-attachment":"scroll","background-type":"","background-media":"","overlay-type":"","overlay-color":"","overlay-opacity":"","overlay-gradient":""},"tablet":{"background-color":"","background-image":"","background-repeat":"repeat","background-position":"center center","background-size":"auto","background-attachment":"scroll","background-type":"","background-media":"","overlay-type":"","overlay-color":"","overlay-opacity":"","overlay-gradient":""},"mobile":{"background-color":"","background-image":"","background-repeat":"repeat","background-position":"center center","background-size":"auto","background-attachment":"scroll","background-type":"","background-media":"","overlay-type":"","overlay-color":"","overlay-opacity":"","overlay-gradient":""}},"ast-content-background-meta":{"desktop":{"background-color":"var(--ast-global-color-5)","background-image":"","background-repeat":"repeat","background-position":"center center","background-size":"auto","background-attachment":"scroll","background-type":"","background-media":"","overlay-type":"","overlay-color":"","overlay-opacity":"","overlay-gradient":""},"tablet":{"background-color":"var(--ast-global-color-5)","background-image":"","background-repeat":"repeat","background-position":"center center","background-size":"auto","background-attachment":"scroll","background-type":"","background-media":"","overlay-type":"","overlay-color":"","overlay-opacity":"","overlay-gradient":""},"mobile":{"background-color":"var(--ast-global-color-5)","background-image":"","background-repeat":"repeat","background-position":"center center","background-size":"auto","background-attachment":"scroll","background-type":"","background-media":"","overlay-type":"","overlay-color":"","overlay-opacity":"","overlay-gradient":""}},"footnotes":""},"categories":[3,2,4],"tags":[],"class_list":["post-12473","post","type-post","status-publish","format-standard","has-post-thumbnail","hentry","category-i3","category-infantil","category-portada"],"post_mailing_queue_ids":[],"_links":{"self":[{"href":"https:\/\/agora.xtec.cat\/esc-concepcion-arenal\/wp-json\/wp\/v2\/posts\/12473","targetHints":{"allow":["GET"]}}],"collection":[{"href":"https:\/\/agora.xtec.cat\/esc-concepcion-arenal\/wp-json\/wp\/v2\/posts"}],"about":[{"href":"https:\/\/agora.xtec.cat\/esc-concepcion-arenal\/wp-json\/wp\/v2\/types\/post"}],"author":[{"embeddable":true,"href":"https:\/\/agora.xtec.cat\/esc-concepcion-arenal\/wp-json\/wp\/v2\/users\/5"}],"replies":[{"embeddable":true,"href":"https:\/\/agora.xtec.cat\/esc-concepcion-arenal\/wp-json\/wp\/v2\/comments?post=12473"}],"version-history":[{"count":2,"href":"https:\/\/agora.xtec.cat\/esc-concepcion-arenal\/wp-json\/wp\/v2\/posts\/12473\/revisions"}],"predecessor-version":[{"id":12476,"href":"https:\/\/agora.xtec.cat\/esc-concepcion-arenal\/wp-json\/wp\/v2\/posts\/12473\/revisions\/12476"}],"wp:featuredmedia":[{"embeddable":true,"href":"https:\/\/agora.xtec.cat\/esc-concepcion-arenal\/wp-json\/wp\/v2\/media\/12474"}],"wp:attachment":[{"href":"https:\/\/agora.xtec.cat\/esc-concepcion-arenal\/wp-json\/wp\/v2\/media?parent=12473"}],"wp:term":[{"taxonomy":"category","embeddable":true,"href":"https:\/\/agora.xtec.cat\/esc-concepcion-arenal\/wp-json\/wp\/v2\/categories?post=12473"},{"taxonomy":"post_tag","embeddable":true,"href":"https:\/\/agora.xtec.cat\/esc-concepcion-arenal\/wp-json\/wp\/v2\/tags?post=12473"}],"curies":[{"name":"wp","href":"https:\/\/api.w.org\/{rel}","templated":true}]}}