{"id":11944,"date":"2024-05-09T09:50:39","date_gmt":"2024-05-09T07:50:39","guid":{"rendered":"https:\/\/agora.xtec.cat\/esc-concepcion-arenal\/?p=11944"},"modified":"2024-05-17T10:00:29","modified_gmt":"2024-05-17T08:00:29","slug":"visita-a-lhospital-de-sant-pau-2","status":"publish","type":"post","link":"https:\/\/agora.xtec.cat\/esc-concepcion-arenal\/portada\/visita-a-lhospital-de-sant-pau-2\/","title":{"rendered":"VISITA A L&#8217;HOSPITAL DE SANT PAU"},"content":{"rendered":"<p>El dia 7 de maig l&#8217;alumnat de sis\u00e8 vam anar a l&#8217;Hospital de la Santa Creu i Sant Pau.<br \/>\nVam agafar el metro (l\u00ednia groga) a Bes\u00f2s Mar i vam baixar a la parada Estaci\u00f3 Sant Pau Dos de Maig.<\/p>\n<p>Quan vam arribar al recinte, ens vam quedar\u00a0al\u00b7lucinats\u00a0perqu\u00e8 era enorme. Vam comen\u00e7ar el recorregut pels\u00a0passadissos\u00a0de baix i, d&#8217;aquesta manera, vam con\u00e8ixer com era l&#8217;antic hospital. Tot seguit, vam observar diversos utensilis que feien servir per operar o curar els pacients. A m\u00e9s, ens van ensenyar com era la sala d&#8217;operacions la qual tenia llum natural i uns forats\u00a0a terra\u00a0per facilitar la neteja\u00a0de l&#8217;espai.<\/p>\n<p>Finalment, vam entrar a l&#8217;edifici de l&#8217;administraci\u00f3\u00a0que era molt maco i amb molts detalls i, per acabar, ens van deixar donar una volta pel recinte. Vam arribar molt cansats, per\u00f2 molt contents d&#8217;haver pogut visitar aquest recinte modernista que\u00a0\u00e9s\u00a0patrimoni de la humanitat.<\/p>\n<p><a href=\"https:\/\/photos.app.goo.gl\/gTQJpKH1RzvWQArf6\" target=\"_blank\" rel=\"noopener\"><img loading=\"lazy\" decoding=\"async\" class=\"aligncenter wp-image-11945\" src=\"https:\/\/agora.xtec.cat\/esc-concepcion-arenal\/wp-content\/uploads\/usu2031\/2024\/05\/PORTADA-8.jpg\" alt=\"\" width=\"600\" height=\"450\" srcset=\"https:\/\/agora.xtec.cat\/esc-concepcion-arenal\/wp-content\/uploads\/usu2031\/2024\/05\/PORTADA-8.jpg 1024w, https:\/\/agora.xtec.cat\/esc-concepcion-arenal\/wp-content\/uploads\/usu2031\/2024\/05\/PORTADA-8-300x225.jpg 300w, https:\/\/agora.xtec.cat\/esc-concepcion-arenal\/wp-content\/uploads\/usu2031\/2024\/05\/PORTADA-8-768x576.jpg 768w, https:\/\/agora.xtec.cat\/esc-concepcion-arenal\/wp-content\/uploads\/usu2031\/2024\/05\/PORTADA-8-200x150.jpg 200w\" sizes=\"auto, (max-width: 600px) 100vw, 600px\" \/><\/a><\/p>\n","protected":false},"excerpt":{"rendered":"<p>El dia 7 de maig l&#8217;alumnat de sis\u00e8 vam anar a l&#8217;Hospital de la Santa Creu i Sant Pau. Vam agafar el metro (l\u00ednia groga) a Bes\u00f2s Mar i vam baixar a la parada Estaci\u00f3 Sant Pau Dos de Maig. Quan vam arribar al recinte, ens vam quedar\u00a0al\u00b7lucinats\u00a0perqu\u00e8 era enorme. Vam comen\u00e7ar el recorregut pels\u00a0passadissos\u00a0de [&hellip;]<\/p>\n","protected":false},"author":5,"featured_media":11945,"comment_status":"open","ping_status":"closed","sticky":false,"template":"","format":"standard","meta":{"_bbp_topic_count":0,"_bbp_reply_count":0,"_bbp_total_topic_count":0,"_bbp_total_reply_count":0,"_bbp_voice_count":0,"_bbp_anonymous_reply_count":0,"_bbp_topic_count_hidden":0,"_bbp_reply_count_hidden":0,"_bbp_forum_subforum_count":0,"site-sidebar-layout":"default","site-content-layout":"","ast-site-content-layout":"","site-content-style":"default","site-sidebar-style":"default","ast-global-header-display":"","ast-banner-title-visibility":"","ast-main-header-display":"","ast-hfb-above-header-display":"","ast-hfb-below-header-display":"","ast-hfb-mobile-header-display":"","site-post-title":"","ast-breadcrumbs-content":"","ast-featured-img":"","footer-sml-layout":"","theme-transparent-header-meta":"","adv-header-id-meta":"","stick-header-meta":"","header-above-stick-meta":"","header-main-stick-meta":"","header-below-stick-meta":"","astra-migrate-meta-layouts":"default","ast-page-background-enabled":"default","ast-page-background-meta":{"desktop":{"background-color":"var(--ast-global-color-4)","background-image":"","background-repeat":"repeat","background-position":"center center","background-size":"auto","background-attachment":"scroll","background-type":"","background-media":"","overlay-type":"","overlay-color":"","overlay-opacity":"","overlay-gradient":""},"tablet":{"background-color":"","background-image":"","background-repeat":"repeat","background-position":"center center","background-size":"auto","background-attachment":"scroll","background-type":"","background-media":"","overlay-type":"","overlay-color":"","overlay-opacity":"","overlay-gradient":""},"mobile":{"background-color":"","background-image":"","background-repeat":"repeat","background-position":"center center","background-size":"auto","background-attachment":"scroll","background-type":"","background-media":"","overlay-type":"","overlay-color":"","overlay-opacity":"","overlay-gradient":""}},"ast-content-background-meta":{"desktop":{"background-color":"var(--ast-global-color-5)","background-image":"","background-repeat":"repeat","background-position":"center center","background-size":"auto","background-attachment":"scroll","background-type":"","background-media":"","overlay-type":"","overlay-color":"","overlay-opacity":"","overlay-gradient":""},"tablet":{"background-color":"var(--ast-global-color-5)","background-image":"","background-repeat":"repeat","background-position":"center center","background-size":"auto","background-attachment":"scroll","background-type":"","background-media":"","overlay-type":"","overlay-color":"","overlay-opacity":"","overlay-gradient":""},"mobile":{"background-color":"var(--ast-global-color-5)","background-image":"","background-repeat":"repeat","background-position":"center center","background-size":"auto","background-attachment":"scroll","background-type":"","background-media":"","overlay-type":"","overlay-color":"","overlay-opacity":"","overlay-gradient":""}},"footnotes":""},"categories":[118,4,5],"tags":[],"class_list":["post-11944","post","type-post","status-publish","format-standard","has-post-thumbnail","hentry","category-6e","category-portada","category-primaria"],"post_mailing_queue_ids":[],"_links":{"self":[{"href":"https:\/\/agora.xtec.cat\/esc-concepcion-arenal\/wp-json\/wp\/v2\/posts\/11944","targetHints":{"allow":["GET"]}}],"collection":[{"href":"https:\/\/agora.xtec.cat\/esc-concepcion-arenal\/wp-json\/wp\/v2\/posts"}],"about":[{"href":"https:\/\/agora.xtec.cat\/esc-concepcion-arenal\/wp-json\/wp\/v2\/types\/post"}],"author":[{"embeddable":true,"href":"https:\/\/agora.xtec.cat\/esc-concepcion-arenal\/wp-json\/wp\/v2\/users\/5"}],"replies":[{"embeddable":true,"href":"https:\/\/agora.xtec.cat\/esc-concepcion-arenal\/wp-json\/wp\/v2\/comments?post=11944"}],"version-history":[{"count":2,"href":"https:\/\/agora.xtec.cat\/esc-concepcion-arenal\/wp-json\/wp\/v2\/posts\/11944\/revisions"}],"predecessor-version":[{"id":11948,"href":"https:\/\/agora.xtec.cat\/esc-concepcion-arenal\/wp-json\/wp\/v2\/posts\/11944\/revisions\/11948"}],"wp:featuredmedia":[{"embeddable":true,"href":"https:\/\/agora.xtec.cat\/esc-concepcion-arenal\/wp-json\/wp\/v2\/media\/11945"}],"wp:attachment":[{"href":"https:\/\/agora.xtec.cat\/esc-concepcion-arenal\/wp-json\/wp\/v2\/media?parent=11944"}],"wp:term":[{"taxonomy":"category","embeddable":true,"href":"https:\/\/agora.xtec.cat\/esc-concepcion-arenal\/wp-json\/wp\/v2\/categories?post=11944"},{"taxonomy":"post_tag","embeddable":true,"href":"https:\/\/agora.xtec.cat\/esc-concepcion-arenal\/wp-json\/wp\/v2\/tags?post=11944"}],"curies":[{"name":"wp","href":"https:\/\/api.w.org\/{rel}","templated":true}]}}