{"id":11793,"date":"2024-04-24T13:23:18","date_gmt":"2024-04-24T11:23:18","guid":{"rendered":"https:\/\/agora.xtec.cat\/esc-concepcion-arenal\/?p=11793"},"modified":"2024-04-28T13:40:58","modified_gmt":"2024-04-28T11:40:58","slug":"sant-jordi-2024-jocs-florals","status":"publish","type":"post","link":"https:\/\/agora.xtec.cat\/esc-concepcion-arenal\/infantil\/sant-jordi-2024-jocs-florals\/","title":{"rendered":"SANT JORDI 2024: JOCS FLORALS"},"content":{"rendered":"<p>El 23 d&#8217;abril celebrem la diada de Sant Jordi amb la tradicional entrega de premis a les millors obres liter\u00e0ries del nostre alumnat. Per amenitzar la cerim\u00f2nia hi ha hagut tamb\u00e9 actuacions: la classe de les Neules han escollit el ball de Fresh, una de les coreografies del Dansa Ara d&#8217;aquest curs; la classe dels Torrons han interpretat la can\u00e7\u00f3 de Sant Jordi i la princesa; la classe dels Castellers han cantat una can\u00e7\u00f3 de Disney que han preparat a l&#8217;activitat de tarda de Cant Coral. La classe de Guifr\u00e9 el Pil\u00f3s ha recitat unes cites de Pau Casals, la classe de Gaud\u00ed ha cantat \u201cEl Naufragi\u201d, una de les can\u00e7ons de la Cant\u00e0nia i finalment la classe dels Correfocs ha interpretat La Rosa del musical El petit Pr\u00edncep.<\/p>\n<p style=\"text-align: center;\">Podeu veure totes les fotos i v\u00eddeos clicant la imatge.<\/p>\n<p><a href=\"https:\/\/photos.app.goo.gl\/mVCY8qVapKJoJ8Ub8\" target=\"_blank\" rel=\"noopener\"><img loading=\"lazy\" decoding=\"async\" class=\"aligncenter wp-image-11794\" src=\"https:\/\/agora.xtec.cat\/esc-concepcion-arenal\/wp-content\/uploads\/usu2031\/2024\/04\/portada-3.jpg\" alt=\"\" width=\"600\" height=\"450\" srcset=\"https:\/\/agora.xtec.cat\/esc-concepcion-arenal\/wp-content\/uploads\/usu2031\/2024\/04\/portada-3.jpg 1024w, https:\/\/agora.xtec.cat\/esc-concepcion-arenal\/wp-content\/uploads\/usu2031\/2024\/04\/portada-3-300x225.jpg 300w, https:\/\/agora.xtec.cat\/esc-concepcion-arenal\/wp-content\/uploads\/usu2031\/2024\/04\/portada-3-768x576.jpg 768w, https:\/\/agora.xtec.cat\/esc-concepcion-arenal\/wp-content\/uploads\/usu2031\/2024\/04\/portada-3-200x150.jpg 200w\" sizes=\"auto, (max-width: 600px) 100vw, 600px\" \/><\/a><\/p>\n","protected":false},"excerpt":{"rendered":"<p>El 23 d&#8217;abril celebrem la diada de Sant Jordi amb la tradicional entrega de premis a les millors obres liter\u00e0ries del nostre alumnat. Per amenitzar la cerim\u00f2nia hi ha hagut tamb\u00e9 actuacions: la classe de les Neules han escollit el ball de Fresh, una de les coreografies del Dansa Ara d&#8217;aquest curs; la classe dels [&hellip;]<\/p>\n","protected":false},"author":5,"featured_media":11794,"comment_status":"open","ping_status":"closed","sticky":false,"template":"","format":"standard","meta":{"_bbp_topic_count":0,"_bbp_reply_count":0,"_bbp_total_topic_count":0,"_bbp_total_reply_count":0,"_bbp_voice_count":0,"_bbp_anonymous_reply_count":0,"_bbp_topic_count_hidden":0,"_bbp_reply_count_hidden":0,"_bbp_forum_subforum_count":0,"site-sidebar-layout":"default","site-content-layout":"","ast-site-content-layout":"","site-content-style":"default","site-sidebar-style":"default","ast-global-header-display":"","ast-banner-title-visibility":"","ast-main-header-display":"","ast-hfb-above-header-display":"","ast-hfb-below-header-display":"","ast-hfb-mobile-header-display":"","site-post-title":"","ast-breadcrumbs-content":"","ast-featured-img":"","footer-sml-layout":"","theme-transparent-header-meta":"","adv-header-id-meta":"","stick-header-meta":"","header-above-stick-meta":"","header-main-stick-meta":"","header-below-stick-meta":"","astra-migrate-meta-layouts":"default","ast-page-background-enabled":"default","ast-page-background-meta":{"desktop":{"background-color":"var(--ast-global-color-4)","background-image":"","background-repeat":"repeat","background-position":"center center","background-size":"auto","background-attachment":"scroll","background-type":"","background-media":"","overlay-type":"","overlay-color":"","overlay-opacity":"","overlay-gradient":""},"tablet":{"background-color":"","background-image":"","background-repeat":"repeat","background-position":"center center","background-size":"auto","background-attachment":"scroll","background-type":"","background-media":"","overlay-type":"","overlay-color":"","overlay-opacity":"","overlay-gradient":""},"mobile":{"background-color":"","background-image":"","background-repeat":"repeat","background-position":"center center","background-size":"auto","background-attachment":"scroll","background-type":"","background-media":"","overlay-type":"","overlay-color":"","overlay-opacity":"","overlay-gradient":""}},"ast-content-background-meta":{"desktop":{"background-color":"var(--ast-global-color-5)","background-image":"","background-repeat":"repeat","background-position":"center center","background-size":"auto","background-attachment":"scroll","background-type":"","background-media":"","overlay-type":"","overlay-color":"","overlay-opacity":"","overlay-gradient":""},"tablet":{"background-color":"var(--ast-global-color-5)","background-image":"","background-repeat":"repeat","background-position":"center center","background-size":"auto","background-attachment":"scroll","background-type":"","background-media":"","overlay-type":"","overlay-color":"","overlay-opacity":"","overlay-gradient":""},"mobile":{"background-color":"var(--ast-global-color-5)","background-image":"","background-repeat":"repeat","background-position":"center center","background-size":"auto","background-attachment":"scroll","background-type":"","background-media":"","overlay-type":"","overlay-color":"","overlay-opacity":"","overlay-gradient":""}},"footnotes":""},"categories":[2,4,5],"tags":[152,110,207],"class_list":["post-11793","post","type-post","status-publish","format-standard","has-post-thumbnail","hentry","category-infantil","category-portada","category-primaria","tag-jocs-florals","tag-sant-jordi","tag-sant-jordi-2024"],"post_mailing_queue_ids":[],"_links":{"self":[{"href":"https:\/\/agora.xtec.cat\/esc-concepcion-arenal\/wp-json\/wp\/v2\/posts\/11793","targetHints":{"allow":["GET"]}}],"collection":[{"href":"https:\/\/agora.xtec.cat\/esc-concepcion-arenal\/wp-json\/wp\/v2\/posts"}],"about":[{"href":"https:\/\/agora.xtec.cat\/esc-concepcion-arenal\/wp-json\/wp\/v2\/types\/post"}],"author":[{"embeddable":true,"href":"https:\/\/agora.xtec.cat\/esc-concepcion-arenal\/wp-json\/wp\/v2\/users\/5"}],"replies":[{"embeddable":true,"href":"https:\/\/agora.xtec.cat\/esc-concepcion-arenal\/wp-json\/wp\/v2\/comments?post=11793"}],"version-history":[{"count":1,"href":"https:\/\/agora.xtec.cat\/esc-concepcion-arenal\/wp-json\/wp\/v2\/posts\/11793\/revisions"}],"predecessor-version":[{"id":11795,"href":"https:\/\/agora.xtec.cat\/esc-concepcion-arenal\/wp-json\/wp\/v2\/posts\/11793\/revisions\/11795"}],"wp:featuredmedia":[{"embeddable":true,"href":"https:\/\/agora.xtec.cat\/esc-concepcion-arenal\/wp-json\/wp\/v2\/media\/11794"}],"wp:attachment":[{"href":"https:\/\/agora.xtec.cat\/esc-concepcion-arenal\/wp-json\/wp\/v2\/media?parent=11793"}],"wp:term":[{"taxonomy":"category","embeddable":true,"href":"https:\/\/agora.xtec.cat\/esc-concepcion-arenal\/wp-json\/wp\/v2\/categories?post=11793"},{"taxonomy":"post_tag","embeddable":true,"href":"https:\/\/agora.xtec.cat\/esc-concepcion-arenal\/wp-json\/wp\/v2\/tags?post=11793"}],"curies":[{"name":"wp","href":"https:\/\/api.w.org\/{rel}","templated":true}]}}