{"id":11453,"date":"2024-03-23T09:50:39","date_gmt":"2024-03-23T08:50:39","guid":{"rendered":"https:\/\/agora.xtec.cat\/esc-concepcion-arenal\/?p=11453"},"modified":"2025-06-29T19:36:20","modified_gmt":"2025-06-29T17:36:20","slug":"esmorzars-amb-la-conxi-taller-dautocura","status":"publish","type":"post","link":"https:\/\/agora.xtec.cat\/esc-concepcion-arenal\/infantil\/esmorzars-amb-la-conxi-taller-dautocura\/","title":{"rendered":"ESMORZARS AMB LA CONXI: TALLER D&#8217;AUTOCURA"},"content":{"rendered":"<p>Avui hem fet l&#8217;\u00faltim \u201cEsmorzar amb la Conxi\u201d del trimestre. Un grup de mares s&#8217;ha reunit per fer un taller d&#8217;autocura liderat per l&#8217;Iram, la mare de la Iman Fatima i la Khadija.<br \/>\nA partir del dibuix del seu propi arbre, les mares s&#8217;han animat a parlar d&#8217;all\u00f2 que necessiten per a cuidar-se elles mateixes.<br \/>\nTotes han coincidit en la import\u00e0ncia de trobar espais personals i en l&#8217;autocura di\u00e0ria.<br \/>\nA m\u00e9s a m\u00e9s, la sessi\u00f3 ha perm\u00e8s a les mares con\u00e8ixer-se millor, fer vincle i descobrir coses comunes.<br \/>\nEns retrobarem despr\u00e9s de Setmana Santa per a continuar teixint lligams.<\/p>\n<p style=\"text-align: center;\">Podeu veure algunes fotos m\u00e9s clicant la imatge.<\/p>\n<p><a href=\"https:\/\/photos.app.goo.gl\/ffft7emAAAvXAYsj9\" target=\"_blank\" rel=\"noopener\"><img loading=\"lazy\" decoding=\"async\" class=\"aligncenter wp-image-11456\" src=\"https:\/\/agora.xtec.cat\/esc-concepcion-arenal\/wp-content\/uploads\/usu2031\/2024\/03\/PORTADA-11.jpg\" alt=\"\" width=\"600\" height=\"450\" srcset=\"https:\/\/agora.xtec.cat\/esc-concepcion-arenal\/wp-content\/uploads\/usu2031\/2024\/03\/PORTADA-11.jpg 1024w, https:\/\/agora.xtec.cat\/esc-concepcion-arenal\/wp-content\/uploads\/usu2031\/2024\/03\/PORTADA-11-300x225.jpg 300w, https:\/\/agora.xtec.cat\/esc-concepcion-arenal\/wp-content\/uploads\/usu2031\/2024\/03\/PORTADA-11-768x576.jpg 768w, https:\/\/agora.xtec.cat\/esc-concepcion-arenal\/wp-content\/uploads\/usu2031\/2024\/03\/PORTADA-11-200x150.jpg 200w\" sizes=\"auto, (max-width: 600px) 100vw, 600px\" \/><\/a><\/p>\n","protected":false},"excerpt":{"rendered":"<p>Avui hem fet l&#8217;\u00faltim \u201cEsmorzar amb la Conxi\u201d del trimestre. Un grup de mares s&#8217;ha reunit per fer un taller d&#8217;autocura liderat per l&#8217;Iram, la mare de la Iman Fatima i la Khadija. A partir del dibuix del seu propi arbre, les mares s&#8217;han animat a parlar d&#8217;all\u00f2 que necessiten per a cuidar-se elles mateixes. [&hellip;]<\/p>\n","protected":false},"author":5,"featured_media":11456,"comment_status":"open","ping_status":"closed","sticky":false,"template":"","format":"standard","meta":{"_bbp_topic_count":0,"_bbp_reply_count":0,"_bbp_total_topic_count":0,"_bbp_total_reply_count":0,"_bbp_voice_count":0,"_bbp_anonymous_reply_count":0,"_bbp_topic_count_hidden":0,"_bbp_reply_count_hidden":0,"_bbp_forum_subforum_count":0,"site-sidebar-layout":"default","site-content-layout":"","ast-site-content-layout":"","site-content-style":"default","site-sidebar-style":"default","ast-global-header-display":"","ast-banner-title-visibility":"","ast-main-header-display":"","ast-hfb-above-header-display":"","ast-hfb-below-header-display":"","ast-hfb-mobile-header-display":"","site-post-title":"","ast-breadcrumbs-content":"","ast-featured-img":"","footer-sml-layout":"","theme-transparent-header-meta":"","adv-header-id-meta":"","stick-header-meta":"","header-above-stick-meta":"","header-main-stick-meta":"","header-below-stick-meta":"","astra-migrate-meta-layouts":"default","ast-page-background-enabled":"default","ast-page-background-meta":{"desktop":{"background-color":"var(--ast-global-color-4)","background-image":"","background-repeat":"repeat","background-position":"center center","background-size":"auto","background-attachment":"scroll","background-type":"","background-media":"","overlay-type":"","overlay-color":"","overlay-opacity":"","overlay-gradient":""},"tablet":{"background-color":"","background-image":"","background-repeat":"repeat","background-position":"center center","background-size":"auto","background-attachment":"scroll","background-type":"","background-media":"","overlay-type":"","overlay-color":"","overlay-opacity":"","overlay-gradient":""},"mobile":{"background-color":"","background-image":"","background-repeat":"repeat","background-position":"center center","background-size":"auto","background-attachment":"scroll","background-type":"","background-media":"","overlay-type":"","overlay-color":"","overlay-opacity":"","overlay-gradient":""}},"ast-content-background-meta":{"desktop":{"background-color":"var(--ast-global-color-5)","background-image":"","background-repeat":"repeat","background-position":"center center","background-size":"auto","background-attachment":"scroll","background-type":"","background-media":"","overlay-type":"","overlay-color":"","overlay-opacity":"","overlay-gradient":""},"tablet":{"background-color":"var(--ast-global-color-5)","background-image":"","background-repeat":"repeat","background-position":"center center","background-size":"auto","background-attachment":"scroll","background-type":"","background-media":"","overlay-type":"","overlay-color":"","overlay-opacity":"","overlay-gradient":""},"mobile":{"background-color":"var(--ast-global-color-5)","background-image":"","background-repeat":"repeat","background-position":"center center","background-size":"auto","background-attachment":"scroll","background-type":"","background-media":"","overlay-type":"","overlay-color":"","overlay-opacity":"","overlay-gradient":""}},"footnotes":""},"categories":[2,4,5],"tags":[227,132,169],"class_list":["post-11453","post","type-post","status-publish","format-standard","has-post-thumbnail","hentry","category-infantil","category-portada","category-primaria","tag-esmorzars-amb-la-conxi","tag-families","tag-pla-de-barris"],"post_mailing_queue_ids":[],"_links":{"self":[{"href":"https:\/\/agora.xtec.cat\/esc-concepcion-arenal\/wp-json\/wp\/v2\/posts\/11453","targetHints":{"allow":["GET"]}}],"collection":[{"href":"https:\/\/agora.xtec.cat\/esc-concepcion-arenal\/wp-json\/wp\/v2\/posts"}],"about":[{"href":"https:\/\/agora.xtec.cat\/esc-concepcion-arenal\/wp-json\/wp\/v2\/types\/post"}],"author":[{"embeddable":true,"href":"https:\/\/agora.xtec.cat\/esc-concepcion-arenal\/wp-json\/wp\/v2\/users\/5"}],"replies":[{"embeddable":true,"href":"https:\/\/agora.xtec.cat\/esc-concepcion-arenal\/wp-json\/wp\/v2\/comments?post=11453"}],"version-history":[{"count":1,"href":"https:\/\/agora.xtec.cat\/esc-concepcion-arenal\/wp-json\/wp\/v2\/posts\/11453\/revisions"}],"predecessor-version":[{"id":11457,"href":"https:\/\/agora.xtec.cat\/esc-concepcion-arenal\/wp-json\/wp\/v2\/posts\/11453\/revisions\/11457"}],"wp:featuredmedia":[{"embeddable":true,"href":"https:\/\/agora.xtec.cat\/esc-concepcion-arenal\/wp-json\/wp\/v2\/media\/11456"}],"wp:attachment":[{"href":"https:\/\/agora.xtec.cat\/esc-concepcion-arenal\/wp-json\/wp\/v2\/media?parent=11453"}],"wp:term":[{"taxonomy":"category","embeddable":true,"href":"https:\/\/agora.xtec.cat\/esc-concepcion-arenal\/wp-json\/wp\/v2\/categories?post=11453"},{"taxonomy":"post_tag","embeddable":true,"href":"https:\/\/agora.xtec.cat\/esc-concepcion-arenal\/wp-json\/wp\/v2\/tags?post=11453"}],"curies":[{"name":"wp","href":"https:\/\/api.w.org\/{rel}","templated":true}]}}