{"id":2255,"date":"2020-03-25T10:15:32","date_gmt":"2020-03-25T09:15:32","guid":{"rendered":"https:\/\/agora.xtec.cat\/esc-cirera\/?p=2255"},"modified":"2020-03-28T14:20:01","modified_gmt":"2020-03-28T13:20:01","slug":"concerts-i-tallers-per-la-damaris-gelabert","status":"publish","type":"post","link":"https:\/\/agora.xtec.cat\/esc-cirera\/general\/concerts-i-tallers-per-la-damaris-gelabert\/","title":{"rendered":"CONCERTS per la Damaris Gelabert"},"content":{"rendered":"<div class=\"wpb_text_column wpb_content_element \">\n<div class=\"wpb_wrapper\">\n<h4>PROPERS CONCERTS<\/h4>\n<p>&nbsp;<\/p>\n<div class=\"ast-oembed-container \" style=\"height: 100%;\"><iframe loading=\"lazy\" title=\"D\u00e0maris Gelabert - I Concert en fam\u00edlia per a fam\u00edlies\" width=\"500\" height=\"281\" src=\"https:\/\/www.youtube.com\/embed\/m8IUrWex0Ts?feature=oembed\" frameborder=\"0\" allow=\"accelerometer; autoplay; clipboard-write; encrypted-media; gyroscope; picture-in-picture; web-share\" referrerpolicy=\"strict-origin-when-cross-origin\" allowfullscreen><\/iframe><\/div>\n<div>La D\u00e0maris Gelabert far\u00e0 un concert des de casa i amb la seva fam\u00edlia. Ser\u00e0 en streaming des del seu canal de YouTube.<\/div>\n<div><\/div>\n<div>Un concert per compartir m\u00fasica i can\u00e7ons, obert a totes les fam\u00edlies per passar una estona entretinguda a casa.<\/div>\n<div><\/div>\n<div>Podeu veure el concert anterior\u00a0<a href=\"https:\/\/www.youtube.com\/watch?v=m8IUrWex0Ts\">aqu\u00ed<\/a><\/div>\n<div><\/div>\n<\/div>\n<\/div>\n<div class=\"widget iron_widget_events \">\n<ul id=\"post-list\" class=\"concerts-list\">\n<li id=\"post-7404\" class=\"post-7404 event type-event status-publish has-post-thumbnail hentry\">\n<div class=\"title-row \">\n<div class=\"event-centering\">\n<p><time class=\"datetime\" datetime=\"2020-03-25T18:00:35+01:00\">25 de Mar\u00e7 de 2020<\/time><\/p>\n<div class=\"event-text-wrap\"><span class=\"location\">Concert en fam\u00edlia per a fam\u00edlies<\/span><span class=\"city\">18:00<\/span><\/div>\n<div><\/div>\n<div class=\"event-text-wrap\"><span style=\"font-family: inherit; font-size: 1em;\">#joemquedoacasa<\/span><\/div>\n<\/div>\n<div class=\"event-centering\">\n<div class=\"clear\"><\/div>\n<\/div>\n<\/div>\n<\/li>\n<\/ul>\n<\/div>\n","protected":false},"excerpt":{"rendered":"<p>PROPERS CONCERTS &nbsp; La D\u00e0maris Gelabert far\u00e0 un concert des de casa i amb la seva fam\u00edlia. Ser\u00e0 en streaming des del seu canal de YouTube. Un concert per compartir m\u00fasica i can\u00e7ons, obert a totes les fam\u00edlies per passar una estona entretinguda a casa. Podeu veure el concert anterior\u00a0aqu\u00ed 25 de Mar\u00e7 de 2020 [&hellip;]<\/p>\n","protected":false},"author":3,"featured_media":2258,"comment_status":"closed","ping_status":"closed","sticky":false,"template":"","format":"standard","meta":{"_bbp_topic_count":0,"_bbp_reply_count":0,"_bbp_total_topic_count":0,"_bbp_total_reply_count":0,"_bbp_voice_count":0,"_bbp_anonymous_reply_count":0,"_bbp_topic_count_hidden":0,"_bbp_reply_count_hidden":0,"_bbp_forum_subforum_count":0,"site-sidebar-layout":"default","site-content-layout":"","ast-site-content-layout":"","site-content-style":"default","site-sidebar-style":"default","ast-global-header-display":"","ast-banner-title-visibility":"","ast-main-header-display":"","ast-hfb-above-header-display":"","ast-hfb-below-header-display":"","ast-hfb-mobile-header-display":"","site-post-title":"","ast-breadcrumbs-content":"","ast-featured-img":"","footer-sml-layout":"","theme-transparent-header-meta":"","adv-header-id-meta":"","stick-header-meta":"","header-above-stick-meta":"","header-main-stick-meta":"","header-below-stick-meta":"","astra-migrate-meta-layouts":"default","ast-page-background-enabled":"default","ast-page-background-meta":{"desktop":{"background-color":"var(--ast-global-color-4)","background-image":"","background-repeat":"repeat","background-position":"center center","background-size":"auto","background-attachment":"scroll","background-type":"","background-media":"","overlay-type":"","overlay-color":"","overlay-opacity":"","overlay-gradient":""},"tablet":{"background-color":"","background-image":"","background-repeat":"repeat","background-position":"center center","background-size":"auto","background-attachment":"scroll","background-type":"","background-media":"","overlay-type":"","overlay-color":"","overlay-opacity":"","overlay-gradient":""},"mobile":{"background-color":"","background-image":"","background-repeat":"repeat","background-position":"center center","background-size":"auto","background-attachment":"scroll","background-type":"","background-media":"","overlay-type":"","overlay-color":"","overlay-opacity":"","overlay-gradient":""}},"ast-content-background-meta":{"desktop":{"background-color":"var(--ast-global-color-5)","background-image":"","background-repeat":"repeat","background-position":"center center","background-size":"auto","background-attachment":"scroll","background-type":"","background-media":"","overlay-type":"","overlay-color":"","overlay-opacity":"","overlay-gradient":""},"tablet":{"background-color":"var(--ast-global-color-5)","background-image":"","background-repeat":"repeat","background-position":"center center","background-size":"auto","background-attachment":"scroll","background-type":"","background-media":"","overlay-type":"","overlay-color":"","overlay-opacity":"","overlay-gradient":""},"mobile":{"background-color":"var(--ast-global-color-5)","background-image":"","background-repeat":"repeat","background-position":"center center","background-size":"auto","background-attachment":"scroll","background-type":"","background-media":"","overlay-type":"","overlay-color":"","overlay-opacity":"","overlay-gradient":""}},"footnotes":""},"categories":[1,2,4,5],"tags":[234,186,251,228,106,248],"class_list":["post-2255","post","type-post","status-publish","format-standard","has-post-thumbnail","hentry","category-general","category-infantil","category-portada","category-primaria","tag-joemquedoacasa","tag-educacio-musical","tag-esc-cirera-a-casa","tag-mho-passo-pipa","tag-musica","tag-recursos"],"post_mailing_queue_ids":[],"_links":{"self":[{"href":"https:\/\/agora.xtec.cat\/esc-cirera\/wp-json\/wp\/v2\/posts\/2255","targetHints":{"allow":["GET"]}}],"collection":[{"href":"https:\/\/agora.xtec.cat\/esc-cirera\/wp-json\/wp\/v2\/posts"}],"about":[{"href":"https:\/\/agora.xtec.cat\/esc-cirera\/wp-json\/wp\/v2\/types\/post"}],"author":[{"embeddable":true,"href":"https:\/\/agora.xtec.cat\/esc-cirera\/wp-json\/wp\/v2\/users\/3"}],"replies":[{"embeddable":true,"href":"https:\/\/agora.xtec.cat\/esc-cirera\/wp-json\/wp\/v2\/comments?post=2255"}],"version-history":[{"count":3,"href":"https:\/\/agora.xtec.cat\/esc-cirera\/wp-json\/wp\/v2\/posts\/2255\/revisions"}],"predecessor-version":[{"id":2292,"href":"https:\/\/agora.xtec.cat\/esc-cirera\/wp-json\/wp\/v2\/posts\/2255\/revisions\/2292"}],"wp:featuredmedia":[{"embeddable":true,"href":"https:\/\/agora.xtec.cat\/esc-cirera\/wp-json\/wp\/v2\/media\/2258"}],"wp:attachment":[{"href":"https:\/\/agora.xtec.cat\/esc-cirera\/wp-json\/wp\/v2\/media?parent=2255"}],"wp:term":[{"taxonomy":"category","embeddable":true,"href":"https:\/\/agora.xtec.cat\/esc-cirera\/wp-json\/wp\/v2\/categories?post=2255"},{"taxonomy":"post_tag","embeddable":true,"href":"https:\/\/agora.xtec.cat\/esc-cirera\/wp-json\/wp\/v2\/tags?post=2255"}],"curies":[{"name":"wp","href":"https:\/\/api.w.org\/{rel}","templated":true}]}}