{"id":921,"date":"2018-03-30T11:23:04","date_gmt":"2018-03-30T09:23:04","guid":{"rendered":"http:\/\/agora.xtec.cat\/esc-casserres\/?p=921"},"modified":"2018-04-05T00:18:47","modified_gmt":"2018-04-04T22:18:47","slug":"setmana-del-cinema_cicle-mitja","status":"publish","type":"post","link":"https:\/\/agora.xtec.cat\/esc-casserres\/primaria\/3r\/setmana-del-cinema_cicle-mitja\/","title":{"rendered":"Setmana del cinema_cicle mitj\u00e0"},"content":{"rendered":"<p>Un altre any hem celebrat la setmana cultural de l&#8217;escola. Aquest curs l&#8217;eix de treball ha estat el cinema i durant cinc dies hem realitzat un munt d&#8217;activitats molt diverses relacionades amb aquest tema. A cicle mitj\u00e0, concretament, hem analitzat els fets m\u00e9s rellevants de la hist\u00f2ria del cinema a partir de treballar en grup i elaborar un fris cronol\u00f2gic conjunt. Tamb\u00e9 hem creat uns originals v\u00eddeos a partir de la t\u00e8cnica &#8220;stop motion&#8221; a partir d&#8217;utilitzar les m\u00e0quines creades durant el segon trimestre a l&#8217;\u00e0rea de medi. Per altra banda, hem apr\u00e8s a calcular qu\u00e8 ens podria costar anar tots els alumnes al cinema, tamb\u00e9 hem dut a terme un taller de fotografia a c\u00e0rrec d&#8217;un expert en el tema, hem gaudit d&#8217;una xerrada de l&#8217;avi del Guillem de 3r sobre la hist\u00f2ria del cinema, hem constru\u00eft el nostre propi praxinoscopi i taum\u00e0trop, hem observat diverses m\u00e0quines de cinema antigues&#8230; i, per \u00faltim, vam poder gaudir d&#8217;una aut\u00e8ntica sessi\u00f3 de cinema al Teatre Patronat de Berga. En definitiva ha estat una gran setmana!<\/p>\n<p>Tot seguit us deixem l&#8217;\u00e0lbum complet de fotografies.<\/p>\n<p><a href=\"https:\/\/photos.app.goo.gl\/wNrTh77FkfbcxMHu2\"><img loading=\"lazy\" decoding=\"async\" class=\"wp-image-922 aligncenter\" src=\"http:\/\/agora.xtec.cat\/esc-casserres\/wp-content\/uploads\/usu1738\/2018\/03\/foto-1-1024x768.jpg\" alt=\"\" width=\"517\" height=\"388\" srcset=\"https:\/\/agora.xtec.cat\/esc-casserres\/wp-content\/uploads\/usu1738\/2018\/03\/foto-1-1024x768.jpg 1024w, https:\/\/agora.xtec.cat\/esc-casserres\/wp-content\/uploads\/usu1738\/2018\/03\/foto-1-300x225.jpg 300w, https:\/\/agora.xtec.cat\/esc-casserres\/wp-content\/uploads\/usu1738\/2018\/03\/foto-1-768x576.jpg 768w, https:\/\/agora.xtec.cat\/esc-casserres\/wp-content\/uploads\/usu1738\/2018\/03\/foto-1-200x150.jpg 200w\" sizes=\"auto, (max-width: 517px) 100vw, 517px\" \/><\/a><\/p>\n","protected":false},"excerpt":{"rendered":"<p>Un altre any hem celebrat la setmana cultural de l&#8217;escola. Aquest curs l&#8217;eix de treball ha estat el cinema i durant cinc dies hem realitzat un munt d&#8217;activitats molt diverses relacionades amb aquest tema. A cicle mitj\u00e0, concretament, hem analitzat els fets m\u00e9s rellevants de la hist\u00f2ria del cinema a partir de treballar en grup [&hellip;]<\/p>\n","protected":false},"author":6,"featured_media":922,"comment_status":"open","ping_status":"closed","sticky":false,"template":"","format":"standard","meta":{"_bbp_topic_count":0,"_bbp_reply_count":0,"_bbp_total_topic_count":0,"_bbp_total_reply_count":0,"_bbp_voice_count":0,"_bbp_anonymous_reply_count":0,"_bbp_topic_count_hidden":0,"_bbp_reply_count_hidden":0,"_bbp_forum_subforum_count":0,"site-sidebar-layout":"default","site-content-layout":"","ast-site-content-layout":"","site-content-style":"default","site-sidebar-style":"default","ast-global-header-display":"","ast-banner-title-visibility":"","ast-main-header-display":"","ast-hfb-above-header-display":"","ast-hfb-below-header-display":"","ast-hfb-mobile-header-display":"","site-post-title":"","ast-breadcrumbs-content":"","ast-featured-img":"","footer-sml-layout":"","theme-transparent-header-meta":"","adv-header-id-meta":"","stick-header-meta":"","header-above-stick-meta":"","header-main-stick-meta":"","header-below-stick-meta":"","astra-migrate-meta-layouts":"default","ast-page-background-enabled":"default","ast-page-background-meta":{"desktop":{"background-color":"var(--ast-global-color-4)","background-image":"","background-repeat":"repeat","background-position":"center center","background-size":"auto","background-attachment":"scroll","background-type":"","background-media":"","overlay-type":"","overlay-color":"","overlay-opacity":"","overlay-gradient":""},"tablet":{"background-color":"","background-image":"","background-repeat":"repeat","background-position":"center center","background-size":"auto","background-attachment":"scroll","background-type":"","background-media":"","overlay-type":"","overlay-color":"","overlay-opacity":"","overlay-gradient":""},"mobile":{"background-color":"","background-image":"","background-repeat":"repeat","background-position":"center center","background-size":"auto","background-attachment":"scroll","background-type":"","background-media":"","overlay-type":"","overlay-color":"","overlay-opacity":"","overlay-gradient":""}},"ast-content-background-meta":{"desktop":{"background-color":"var(--ast-global-color-5)","background-image":"","background-repeat":"repeat","background-position":"center center","background-size":"auto","background-attachment":"scroll","background-type":"","background-media":"","overlay-type":"","overlay-color":"","overlay-opacity":"","overlay-gradient":""},"tablet":{"background-color":"var(--ast-global-color-5)","background-image":"","background-repeat":"repeat","background-position":"center center","background-size":"auto","background-attachment":"scroll","background-type":"","background-media":"","overlay-type":"","overlay-color":"","overlay-opacity":"","overlay-gradient":""},"mobile":{"background-color":"var(--ast-global-color-5)","background-image":"","background-repeat":"repeat","background-position":"center center","background-size":"auto","background-attachment":"scroll","background-type":"","background-media":"","overlay-type":"","overlay-color":"","overlay-opacity":"","overlay-gradient":""}},"footnotes":""},"categories":[12,13,60],"tags":[81,80],"class_list":["post-921","post","type-post","status-publish","format-standard","has-post-thumbnail","hentry","category-3r","category-4t","category-cicle-mitja","tag-activitats","tag-setmana-cultural"],"post_mailing_queue_ids":[],"_links":{"self":[{"href":"https:\/\/agora.xtec.cat\/esc-casserres\/wp-json\/wp\/v2\/posts\/921","targetHints":{"allow":["GET"]}}],"collection":[{"href":"https:\/\/agora.xtec.cat\/esc-casserres\/wp-json\/wp\/v2\/posts"}],"about":[{"href":"https:\/\/agora.xtec.cat\/esc-casserres\/wp-json\/wp\/v2\/types\/post"}],"author":[{"embeddable":true,"href":"https:\/\/agora.xtec.cat\/esc-casserres\/wp-json\/wp\/v2\/users\/6"}],"replies":[{"embeddable":true,"href":"https:\/\/agora.xtec.cat\/esc-casserres\/wp-json\/wp\/v2\/comments?post=921"}],"version-history":[{"count":4,"href":"https:\/\/agora.xtec.cat\/esc-casserres\/wp-json\/wp\/v2\/posts\/921\/revisions"}],"predecessor-version":[{"id":988,"href":"https:\/\/agora.xtec.cat\/esc-casserres\/wp-json\/wp\/v2\/posts\/921\/revisions\/988"}],"wp:featuredmedia":[{"embeddable":true,"href":"https:\/\/agora.xtec.cat\/esc-casserres\/wp-json\/wp\/v2\/media\/922"}],"wp:attachment":[{"href":"https:\/\/agora.xtec.cat\/esc-casserres\/wp-json\/wp\/v2\/media?parent=921"}],"wp:term":[{"taxonomy":"category","embeddable":true,"href":"https:\/\/agora.xtec.cat\/esc-casserres\/wp-json\/wp\/v2\/categories?post=921"},{"taxonomy":"post_tag","embeddable":true,"href":"https:\/\/agora.xtec.cat\/esc-casserres\/wp-json\/wp\/v2\/tags?post=921"}],"curies":[{"name":"wp","href":"https:\/\/api.w.org\/{rel}","templated":true}]}}