{"id":779,"date":"2018-02-26T12:50:28","date_gmt":"2018-02-26T11:50:28","guid":{"rendered":"http:\/\/agora.xtec.cat\/esc-casserres\/?p=779"},"modified":"2018-02-26T23:49:56","modified_gmt":"2018-02-26T22:49:56","slug":"recorregut-pels-llocs-mes-emblematics-de-casserres","status":"publish","type":"post","link":"https:\/\/agora.xtec.cat\/esc-casserres\/primaria\/cicle-superior\/recorregut-pels-llocs-mes-emblematics-de-casserres\/","title":{"rendered":"Recorregut pels llocs m\u00e9s emblem\u00e0tics de Casserres"},"content":{"rendered":"<p style=\"text-align: justify;\">Sortim de la pla\u00e7a Santa Maria. Agafem el carrer Escodines i arribem a la pla\u00e7a de la ajuntament que era on hi havia\u00a0 l&#8217;antic castell de Casserres. Seguim pel carrer Major (on es conserven cases de la Edat Mitjana) en direcci\u00f3 a la pla\u00e7a de la Creu. Trenquem pel carrer de la Creu amunt fins a trobar el passeig Bisbe Comellas, el travessem i continuem pel cam\u00ed de la Clota fins a sortir del poble de Casserres.<\/p>\n<div class=\"separator\" style=\"clear: both; text-align: center;\"><a style=\"margin-left: 1em; margin-right: 1em;\" href=\"https:\/\/4.bp.blogspot.com\/-rFhzdHHyPVE\/WoGkTvVr1HI\/AAAAAAAAAI8\/5izGpcS-Tpsr-BdWLyiLohP3uYr61AkjgCLcBGAs\/s1600\/DSCN0113.JPG\"><img loading=\"lazy\" decoding=\"async\" class=\"alignleft\" src=\"https:\/\/4.bp.blogspot.com\/-rFhzdHHyPVE\/WoGkTvVr1HI\/AAAAAAAAAI8\/5izGpcS-Tpsr-BdWLyiLohP3uYr61AkjgCLcBGAs\/s320\/DSCN0113.JPG\" width=\"320\" height=\"240\" border=\"0\" data-original-height=\"1200\" data-original-width=\"1600\" \/><\/a><\/div>\n<p><a style=\"margin-left: 1em; margin-right: 1em;\" href=\"https:\/\/3.bp.blogspot.com\/-3nmqqG6cEK4\/WoGkU50ZveI\/AAAAAAAAAJQ\/T6eZ0-xlEYYE_0gqhNIqm2QqGRE69WrsACLcBGAs\/s1600\/DSCN0236.JPG\"><img loading=\"lazy\" decoding=\"async\" class=\"alignnone\" src=\"https:\/\/3.bp.blogspot.com\/-3nmqqG6cEK4\/WoGkU50ZveI\/AAAAAAAAAJQ\/T6eZ0-xlEYYE_0gqhNIqm2QqGRE69WrsACLcBGAs\/s320\/DSCN0236.JPG\" alt=\"\" width=\"320\" height=\"240\" border=\"0\" data-original-height=\"1200\" data-original-width=\"1600\" \/><\/a><\/p>\n<div class=\"separator\" style=\"clear: both; text-align: center;\"><a style=\"margin-left: 1em; margin-right: 1em;\" href=\"https:\/\/2.bp.blogspot.com\/-rFsOnBPQTmY\/WoGkUpaJ7sI\/AAAAAAAAAJI\/wD9JMd3hnjMwYFu5ZB1Q_g2Y7xgtU-pFwCLcBGAs\/s1600\/DSCN0229.JPG\"><img loading=\"lazy\" decoding=\"async\" class=\"alignleft\" src=\"https:\/\/2.bp.blogspot.com\/-rFsOnBPQTmY\/WoGkUpaJ7sI\/AAAAAAAAAJI\/wD9JMd3hnjMwYFu5ZB1Q_g2Y7xgtU-pFwCLcBGAs\/s320\/DSCN0229.JPG\" width=\"320\" height=\"240\" border=\"0\" data-original-height=\"1200\" data-original-width=\"1600\" \/><\/a>\u00a0<a style=\"margin-left: 1em; margin-right: 1em; text-align: center;\" href=\"https:\/\/2.bp.blogspot.com\/-4BBthBeEp9E\/WoGkUlD2KAI\/AAAAAAAAAJM\/HQ4xhBrZc3440p6xZATb9eNkGnh3aj5CgCLcBGAs\/s1600\/DSCN0232.JPG\"><img loading=\"lazy\" decoding=\"async\" class=\"aligncenter\" src=\"https:\/\/2.bp.blogspot.com\/-4BBthBeEp9E\/WoGkUlD2KAI\/AAAAAAAAAJM\/HQ4xhBrZc3440p6xZATb9eNkGnh3aj5CgCLcBGAs\/s320\/DSCN0232.JPG\" width=\"320\" height=\"240\" border=\"0\" data-original-height=\"1200\" data-original-width=\"1600\" \/><\/a><\/div>\n<p><a style=\"margin-left: 1em; margin-right: 1em;\" href=\"https:\/\/1.bp.blogspot.com\/-oFrQzpuQmW8\/WoGkVrAFJpI\/AAAAAAAAAJY\/oFiRR8BqeugbpnMOe2iG-fz5PdvOtvHBgCLcBGAs\/s1600\/DSCN0954.JPG\"><img loading=\"lazy\" decoding=\"async\" class=\"aligncenter\" src=\"https:\/\/1.bp.blogspot.com\/-oFrQzpuQmW8\/WoGkVrAFJpI\/AAAAAAAAAJY\/oFiRR8BqeugbpnMOe2iG-fz5PdvOtvHBgCLcBGAs\/s320\/DSCN0954.JPG\" width=\"320\" height=\"240\" border=\"0\" data-original-height=\"1200\" data-original-width=\"1600\" \/><\/a><\/p>\n<div style=\"text-align: justify;\"><span style=\"font-family: 'arial' , 'helvetica' , sans-serif;\">Des del pavell\u00f3 s&#8217;agafa el cam\u00ed de la Clota, deixem a l&#8217;esquerra el cam\u00ed de la Madrona i agafem el cam\u00ed de Fonollet fins que arribem a la nau dels embotits Puig Fit\u00f3. Agafem el cam\u00ed que ens queda a m\u00e0 dreta passant per a Cal Ball\u00fas, direcci\u00f3 a Casa Prat i agafem el cam\u00ed recte i deixem el cam\u00ed del Tur\u00f3 dels Colls. Seguidament girem a la dreta i agafem una pista fins arribar a l&#8217;Alzina dels Colls.<\/span><br \/>\n<span style=\"font-family: 'arial' , 'helvetica' , sans-serif;\"><br \/>\n<\/span><\/div>\n<p><a href=\"https:\/\/2.bp.blogspot.com\/-wsLNNG7uBoY\/WoGlQbaFO3I\/AAAAAAAAAKg\/Uu4G2jLiaskpdOz0q8QR-N0Wd3uDBCm6gCLcBGAs\/s1600\/DSCN0135.JPG\"><img loading=\"lazy\" decoding=\"async\" class=\"alignleft\" src=\"https:\/\/2.bp.blogspot.com\/-wsLNNG7uBoY\/WoGlQbaFO3I\/AAAAAAAAAKg\/Uu4G2jLiaskpdOz0q8QR-N0Wd3uDBCm6gCLcBGAs\/s320\/DSCN0135.JPG\" width=\"320\" height=\"240\" border=\"0\" data-original-height=\"1200\" data-original-width=\"1600\" \/><\/a><img loading=\"lazy\" decoding=\"async\" class=\"aligncenter\" src=\"https:\/\/3.bp.blogspot.com\/-OkcG6daP1vw\/WoGlR8fzsAI\/AAAAAAAAAKk\/bTKZRQjxERYqrLuoqDWZ_0XPJ0MpVQDBQCLcBGAs\/s320\/DSCN0138.JPG\" width=\"320\" height=\"240\" border=\"0\" data-original-height=\"1200\" data-original-width=\"1600\" \/><\/p>\n<div class=\"MsoNormal\" style=\"text-align: center;\">\n<div style=\"text-align: justify;\"><img loading=\"lazy\" decoding=\"async\" class=\"alignleft\" src=\"https:\/\/4.bp.blogspot.com\/-EqMBvwf_VyU\/WoGlVPBomsI\/AAAAAAAAAKs\/m_zIin4FAegbynnDCbRn5u6HxsAXKveJwCLcBGAs\/s320\/DSCN0155.JPG\" width=\"320\" height=\"240\" border=\"0\" data-original-height=\"1200\" data-original-width=\"1600\" \/><\/div>\n<div style=\"text-align: justify;\"><\/div>\n<div style=\"text-align: justify;\"><img loading=\"lazy\" decoding=\"async\" class=\"aligncenter\" src=\"https:\/\/4.bp.blogspot.com\/-q82fv4YyAkA\/WoGlTDK8yII\/AAAAAAAAAKo\/pwzHGjTFuNsr72fgqLoxA9wv2dPQ9YBdQCLcBGAs\/s320\/DSCN0166.JPG\" width=\"320\" height=\"240\" border=\"0\" data-original-height=\"1200\" data-original-width=\"1600\" \/><\/div>\n<div style=\"text-align: justify;\"><\/div>\n<div style=\"text-align: justify;\">De l\u2019alzina dels Colls vam tirar enrere i vam agafar la\u00a0pista de la dreta en direcci\u00f3 a la casa dels Colls. Abans d\u2019arribar a la casa\u00a0deixem la pista i agafem un cam\u00ed que s\u2019enfila cap a l\u2019esquerra, el seguirem\u00a0fins arribar a la carretera, girem cap a l\u2019esquerre direcci\u00f3 a la casa de\u00a0l\u2019Hostal Nou, ara anomenada Cam\u00ed Ral. Un cop davant d\u2019aquesta casa agafem la\u00a0pista que puja fins a les Roques de la Madrona on esmorzem i el Guillem baixa\u00a0rodolant per unes roques. Des d\u2019aqu\u00ed la vista \u00e9s espectacular: Montserrat, el Montseny,\u00a0els Rasos de Peguera, el cim d\u2019 Estela, el Moixer\u00f3, el Puigllan\u00e7ada, el Puigmal\u00a0i tota una plana als nostres peus. Es veia Berga, Montmajor, Montclar, l\u2019Esglaiola,\u00a0Fonollet i el Rosaret entre altres llocs.<\/div>\n<\/div>\n<div style=\"text-align: justify;\"><\/div>\n<div class=\"separator\" style=\"clear: both; text-align: center;\"><a style=\"margin-left: 1em; margin-right: 1em;\" href=\"https:\/\/3.bp.blogspot.com\/-zKC2nOTwPmI\/WoF9dbKiMMI\/AAAAAAAAAHE\/27aMHefM7Agepa8I8kFJ_TWfxzmMkLw3gCLcBGAs\/s1600\/DSCF5172.JPG\"><img loading=\"lazy\" decoding=\"async\" class=\"\" src=\"https:\/\/3.bp.blogspot.com\/-zKC2nOTwPmI\/WoF9dbKiMMI\/AAAAAAAAAHE\/27aMHefM7Agepa8I8kFJ_TWfxzmMkLw3gCLcBGAs\/s200\/DSCF5172.JPG\" width=\"204\" height=\"153\" border=\"0\" data-original-height=\"1200\" data-original-width=\"1600\" \/><\/a><\/div>\n<div class=\"separator\" style=\"clear: both; text-align: center;\"><a style=\"margin-left: 1em; margin-right: 1em;\" href=\"https:\/\/2.bp.blogspot.com\/-Bi0BXOAiXyY\/WoF9deSAelI\/AAAAAAAAAHA\/q8lBc5-HLO0slpVAFpKRTSn6cTN7VX_aQCLcBGAs\/s1600\/DSCF5186.JPG\"><img loading=\"lazy\" decoding=\"async\" src=\"https:\/\/2.bp.blogspot.com\/-Bi0BXOAiXyY\/WoF9deSAelI\/AAAAAAAAAHA\/q8lBc5-HLO0slpVAFpKRTSn6cTN7VX_aQCLcBGAs\/s200\/DSCF5186.JPG\" width=\"200\" height=\"150\" border=\"0\" data-original-height=\"1200\" data-original-width=\"1600\" \/><\/a><\/div>\n<div class=\"separator\" style=\"clear: both; text-align: center;\"><a style=\"margin-left: 1em; margin-right: 1em;\" href=\"https:\/\/4.bp.blogspot.com\/-ZPSKwk1f7w0\/WoF9dyvJPkI\/AAAAAAAAAHM\/jYcuXrK8-igCmMFGpW61Yf8rqFjg3kSCwCLcBGAs\/s1600\/DSCF5193.JPG\"><img loading=\"lazy\" decoding=\"async\" src=\"https:\/\/4.bp.blogspot.com\/-ZPSKwk1f7w0\/WoF9dyvJPkI\/AAAAAAAAAHM\/jYcuXrK8-igCmMFGpW61Yf8rqFjg3kSCwCLcBGAs\/s200\/DSCF5193.JPG\" width=\"200\" height=\"150\" border=\"0\" data-original-height=\"1200\" data-original-width=\"1600\" \/><\/a><\/div>\n<p><!-- [if gte vml 1]><v:shapetype id=\"_x0000_t75\" coordsize=\"21600,21600\" o:spt=\"75\" o:preferrelative=\"t\" path=\"m@4@5l@4@11@9@11@9@5xe\" filled=\"f\" stroked=\"f\">\n<v:stroke joinstyle=\"miter\"\/>\n<v:formulas>\n<v:f eqn=\"if lineDrawn pixelLineWidth 0\"\/>\n<v:f eqn=\"sum @0 1 0\"\/>\n<v:f eqn=\"sum 0 0 @1\"\/>\n<v:f eqn=\"prod @2 1 2\"\/>\n<v:f eqn=\"prod @3 21600 pixelWidth\"\/>\n<v:f eqn=\"prod @3 21600 pixelHeight\"\/>\n<v:f eqn=\"sum @0 0 1\"\/>\n<v:f eqn=\"prod @6 1 2\"\/>\n<v:f eqn=\"prod @7 21600 pixelWidth\"\/>\n<v:f eqn=\"sum @8 21600 0\"\/>\n<v:f eqn=\"prod @7 21600 pixelHeight\"\/>\n<v:f eqn=\"sum @10 21600 0\"\/>\n<\/v:formulas>\n<v:path o:extrusionok=\"f\" gradientshapeok=\"t\" o:connecttype=\"rect\"\/>\n<o:lock v:ext=\"edit\" aspectratio=\"t\"\/>\n<\/v:shapetype><v:shape id=\"_x0000_s1026\" type=\"#_x0000_t75\" style='position:absolute; margin-left:-.05pt;margin-top:0;width:189.8pt;height:140.35pt;z-index:251658240'>\n<v:imagedata src=\"file:\/\/\/C:\\DOCUME~1\\Usuari\\CONFIG~1\\Temp\\msohtmlclip1\\03\\clip_image001.jpg\" o:title=\"DSCF5193\" croptop=\"12869f\" cropbottom=\"4336f\" cropleft=\"13846f\" cropright=\"2253f\"\/>\n<w:wrap type=\"square\"\/>\n<\/v:shape><![endif]--><!-- [if !vml]--><!--[endif]--><\/p>\n<div style=\"text-align: justify;\"><span style=\"font-family: 'arial' , 'helvetica' , sans-serif;\"><span style=\"font-size: 16px; line-height: 18.4px; text-align: justify;\">De la Madrona vam baixar per un corriol amb for\u00e7a pendent fins arribar a la carretera. Marxant per la carretera cam\u00ed cap a Fonollet vam passar pel costat d\u2019una casa rural, el Puig de Fonollet. Passada la casa vam seguir baixant per la carretera fins arribar a Fonollet. Vam veure que enganxada a la casa hi havia una esgl\u00e9sia, no vam poder visitar-la perqu\u00e8 hi havia perill d\u2019esfondrament d\u2019alguna part del sostre. Vam seguir caminant per la carretera, vam passar pel costat de la casa d\u2019el Serrat de Fonollet i al cap de pocs metres vam agafar una pista que sortia cap a l\u2019esquerra, passava pel costat d\u2019un petit embassament (el vam poder veure, perqu\u00e8 havia plogut). Al cap d\u2019uns metres vam sortir a la carretera que va de Casserres cap a Viver i Serrateix fins arribar al Roc de la Mel que ens quedava a m\u00e0 dreta, una mica m\u00e9s avall del trencant de Cal Pascual. El Roc de la Mel \u00e9s un roc molt gran que per darrera t\u00e9 uns entrants a la roca per poder-la escalar. S\u2019ha de ser h\u00e0bil per poder-hi pujar.<\/span><\/span><\/div>\n<div style=\"text-align: center;\"><span style=\"font-family: 'arial' , 'helvetica' , sans-serif;\"><span style=\"font-size: 16px; line-height: 18.4px; text-align: justify;\">\u00a0<\/span><\/span><\/div>\n<div class=\"separator\" style=\"clear: both; text-align: center;\"><span style=\"font-family: 'arial' , 'helvetica' , sans-serif; margin-left: 1em; margin-right: 1em;\"><br \/>\n<img loading=\"lazy\" decoding=\"async\" class=\"alignleft\" src=\"https:\/\/2.bp.blogspot.com\/-aipESW8ZoUk\/WoF_o21wIDI\/AAAAAAAAAHw\/D6Snxoy67M06-Rvee4eg72tvjUJd9y6BQCLcBGAs\/s200\/DSCF6465.JPG\" width=\"239\" height=\"179\" border=\"0\" data-original-height=\"1200\" data-original-width=\"1600\" \/><\/span><a style=\"margin-left: 1em; margin-right: 1em;\" href=\"https:\/\/2.bp.blogspot.com\/-sR4HsPpm5f8\/WoGACBhUPAI\/AAAAAAAAAH4\/OW4YCfsT07IMO58xlt8gNckSV4wewS9ZACLcBGAs\/s1600\/DSCF7011.JPG\"><img loading=\"lazy\" decoding=\"async\" class=\"aligncenter\" src=\"https:\/\/2.bp.blogspot.com\/-sR4HsPpm5f8\/WoGACBhUPAI\/AAAAAAAAAH4\/OW4YCfsT07IMO58xlt8gNckSV4wewS9ZACLcBGAs\/s200\/DSCF7011.JPG\" width=\"220\" height=\"165\" border=\"0\" data-original-height=\"1200\" data-original-width=\"1600\" \/><\/a><\/div>\n<div style=\"margin-left: 1em; margin-right: 1em; text-align: left;\">\n<a style=\"clear: left; float: left; margin-bottom: 1em; margin-right: 1em; text-align: left;\" href=\"https:\/\/4.bp.blogspot.com\/-WIrpaQkKgec\/WoF_P5ZKSWI\/AAAAAAAAAHo\/LPOZVNhuEZsGJ1-cOg-lDyYtiJ-H1_ERACLcBGAs\/s1600\/DSCN1050.JPG\"><img loading=\"lazy\" decoding=\"async\" class=\"\" src=\"https:\/\/4.bp.blogspot.com\/-WIrpaQkKgec\/WoF_P5ZKSWI\/AAAAAAAAAHo\/LPOZVNhuEZsGJ1-cOg-lDyYtiJ-H1_ERACLcBGAs\/s200\/DSCN1050.JPG\" width=\"219\" height=\"164\" border=\"0\" data-original-height=\"1200\" data-original-width=\"1600\" \/><\/a> <img loading=\"lazy\" decoding=\"async\" class=\"aligncenter\" src=\"https:\/\/2.bp.blogspot.com\/-ifDunL4aHfU\/WoF-_5YRxdI\/AAAAAAAAAHk\/Rcx3x4TZ7iMG2gwf-mXzPmWk7yLCHyctQCEwYBhgL\/s200\/DSCN1047.JPG\" width=\"221\" height=\"166\" border=\"0\" data-original-height=\"1200\" data-original-width=\"1600\" \/><span style=\"text-align: justify;\">\u00a0<\/span><\/div>\n<div class=\"separator\" style=\"clear: both; text-align: justify;\"><span style=\"font-family: 'arial' , 'helvetica' , sans-serif;\">Del Roc de la Mel agafem al cam\u00ed que queda a m\u00e0 dreta, \u00e9s de terra i fa una mica de\u00a0 pujada fins que arribem a Cal Pascual. Seguim pel mateix cam\u00ed (continua fent\u00a0una mica de pujada) fins a arribar a la casa de Rip\u00e9s. Uns 100 metres m\u00e9s endavant hi ha un trencant a m\u00e0 esquerra sense p\u00e8rdua que et porta al Caf\u00e8 de les set Portes. \u00c9s una balma que t\u00e9 set portes de pedra, a dins i podem veure uns espais que ens mostren que en \u00e8poques m\u00e9s antigues hi havia viscut gent. Sobre la balma, vam poder veure les restes del que havia estat una pres\u00f3 natural en alguna guerra Carlina.<\/span><\/div>\n<div class=\"separator\" style=\"clear: both; text-align: justify;\"><\/div>\n<div class=\"separator\" style=\"clear: both; text-align: center;\"><a style=\"margin-left: 1em; margin-right: 1em;\" href=\"https:\/\/1.bp.blogspot.com\/-fKV2W2lsGk0\/WoF2qWyENUI\/AAAAAAAAAFQ\/oOmlXQQOA_UD3tJA60YWDTjigY9ZSXEyQCLcBGAs\/s1600\/DSCN1095.JPG\"><img loading=\"lazy\" decoding=\"async\" class=\"alignleft\" src=\"https:\/\/1.bp.blogspot.com\/-fKV2W2lsGk0\/WoF2qWyENUI\/AAAAAAAAAFQ\/oOmlXQQOA_UD3tJA60YWDTjigY9ZSXEyQCLcBGAs\/s200\/DSCN1095.JPG\" width=\"215\" height=\"161\" border=\"0\" data-original-height=\"1200\" data-original-width=\"1600\" \/><\/a><\/div>\n<p><a style=\"margin-left: 1em; margin-right: 1em;\" href=\"https:\/\/4.bp.blogspot.com\/-OVjGFYncTIc\/WoF2rbztS1I\/AAAAAAAAAFc\/bEeVUmkpQKIvuYmC9bABnZ3ufkMmaqMzwCLcBGAs\/s1600\/DSCN1124.JPG\"><img loading=\"lazy\" decoding=\"async\" class=\"alignleft\" src=\"https:\/\/4.bp.blogspot.com\/-OVjGFYncTIc\/WoF2rbztS1I\/AAAAAAAAAFc\/bEeVUmkpQKIvuYmC9bABnZ3ufkMmaqMzwCLcBGAs\/s200\/DSCN1124.JPG\" alt=\"\" width=\"231\" height=\"173\" border=\"0\" data-original-height=\"1200\" data-original-width=\"1600\" \/><\/a>\u00a0\u00a0<a style=\"margin-left: 1em; margin-right: 1em;\" href=\"https:\/\/1.bp.blogspot.com\/-PqGLd_2BMp4\/WoF2rOjcwvI\/AAAAAAAAAFY\/pjKKwbVWJHEaXrvvyOq1brKds-zo0UcGgCLcBGAs\/s1600\/DSCN1123.JPG\"><img loading=\"lazy\" decoding=\"async\" class=\"aligncenter\" src=\"https:\/\/1.bp.blogspot.com\/-PqGLd_2BMp4\/WoF2rOjcwvI\/AAAAAAAAAFY\/pjKKwbVWJHEaXrvvyOq1brKds-zo0UcGgCLcBGAs\/s200\/DSCN1123.JPG\" width=\"243\" height=\"182\" border=\"0\" data-original-height=\"1200\" data-original-width=\"1600\" \/><\/a><\/p>\n<div style=\"text-align: justify;\"><span style=\"font-family: 'arial' , 'helvetica' , sans-serif;\">Havent dinat v\u00e0rem sortir de la Balma de las Set Portes,i vam emprendre el cam\u00ed de tornada cap a l&#8217;escola. Es veien les\u00a0 muntanyes ben nevades i\u00a0 hi havia bassals amb gel. Dep\u00e8n de per quin lloc passaves t&#8217;enfangaves, sort que an\u00e0vem preparats. Pel cam\u00ed vam veure a m\u00e0 esquerra la font de ca l&#8217;Escaler i a davant la casa. Passem per davant la casa i agafem el cam\u00ed de pujada que voreja els camps. Continuem pel cam\u00ed deixant la Casa nova a l&#8217;esquerra. Arribem a la carretera, travessem i seguim pel cam\u00ed de terra que voreja\u00a0 les piscines fins a trobar el carrer Bisbe Comelles que ens porta fins a la pla\u00e7a Santa Maria que \u00e9s on acabem el recorregut.<\/span><\/div>\n<div style=\"text-align: justify;\"><\/div>\n<div class=\"separator\" style=\"clear: both; text-align: center;\"><a style=\"margin-left: 1em; margin-right: 1em;\" href=\"https:\/\/4.bp.blogspot.com\/--6MxzVhe-1A\/WoF60jG-i1I\/AAAAAAAAAGc\/HJ_CDKPUZ9ML-lz_5g_VL433Mqgz__cBwCLcBGAs\/s1600\/DSCN0305.JPG\"><img loading=\"lazy\" decoding=\"async\" src=\"https:\/\/4.bp.blogspot.com\/--6MxzVhe-1A\/WoF60jG-i1I\/AAAAAAAAAGc\/HJ_CDKPUZ9ML-lz_5g_VL433Mqgz__cBwCLcBGAs\/s200\/DSCN0305.JPG\" width=\"200\" height=\"150\" border=\"0\" data-original-height=\"1200\" data-original-width=\"1600\" \/><\/a><\/div>\n<p>&nbsp;<\/p>\n<div class=\"separator\" style=\"clear: both; text-align: center;\"><a style=\"margin-left: 1em; margin-right: 1em;\" href=\"https:\/\/1.bp.blogspot.com\/-yDhvnZDRbvk\/WoF60thd4MI\/AAAAAAAAAGg\/-UEmF6CJDSY-PM3a9c5z5AXKVrSXLJawgCLcBGAs\/s1600\/DSCN0308.JPG\"><img loading=\"lazy\" decoding=\"async\" src=\"https:\/\/1.bp.blogspot.com\/-yDhvnZDRbvk\/WoF60thd4MI\/AAAAAAAAAGg\/-UEmF6CJDSY-PM3a9c5z5AXKVrSXLJawgCLcBGAs\/s200\/DSCN0308.JPG\" width=\"200\" height=\"150\" border=\"0\" data-original-height=\"1200\" data-original-width=\"1600\" \/><\/a><\/div>\n<p>&nbsp;<\/p>\n<div class=\"separator\" style=\"clear: both; text-align: center;\"><a style=\"margin-left: 1em; margin-right: 1em;\" href=\"https:\/\/3.bp.blogspot.com\/-HnO1rcb0xJo\/WoF60-Cp0jI\/AAAAAAAAAGk\/JItckEUgOJYlAH5e6gLKyNH2A938U_7hwCLcBGAs\/s1600\/DSCN0356.JPG\"><img loading=\"lazy\" decoding=\"async\" src=\"https:\/\/3.bp.blogspot.com\/-HnO1rcb0xJo\/WoF60-Cp0jI\/AAAAAAAAAGk\/JItckEUgOJYlAH5e6gLKyNH2A938U_7hwCLcBGAs\/s200\/DSCN0356.JPG\" width=\"200\" height=\"150\" border=\"0\" data-original-height=\"1200\" data-original-width=\"1600\" \/><\/a><\/div>\n<p>&nbsp;<\/p>\n<div class=\"separator\" style=\"clear: both; text-align: center;\"><a style=\"margin-left: 1em; margin-right: 1em;\" href=\"https:\/\/1.bp.blogspot.com\/-RmlkS9V5cLo\/WoF68_pjjbI\/AAAAAAAAAGs\/zdSrvqA00_Me85FcXRe6Gg2KtoFbGUPvwCLcBGAs\/s1600\/DSCN0377.JPG\"><img loading=\"lazy\" decoding=\"async\" src=\"https:\/\/1.bp.blogspot.com\/-RmlkS9V5cLo\/WoF68_pjjbI\/AAAAAAAAAGs\/zdSrvqA00_Me85FcXRe6Gg2KtoFbGUPvwCLcBGAs\/s200\/DSCN0377.JPG\" width=\"200\" height=\"150\" border=\"0\" data-original-height=\"1200\" data-original-width=\"1600\" \/><\/a><\/div>\n<div style=\"text-align: justify;\"><span style=\"font-family: 'arial' , 'helvetica' , sans-serif;\">\u00a0<\/span><\/div>\n","protected":false},"excerpt":{"rendered":"<p>Aquest \u00e9s l&#8217;itinerari que vam fer pels voltants de Casserres dins del projecte &#8220;Coneix l&#8217;entorn del meu poble&#8221;.<\/p>\n","protected":false},"author":16,"featured_media":785,"comment_status":"open","ping_status":"closed","sticky":false,"template":"","format":"standard","meta":{"_bbp_topic_count":0,"_bbp_reply_count":0,"_bbp_total_topic_count":0,"_bbp_total_reply_count":0,"_bbp_voice_count":0,"_bbp_anonymous_reply_count":0,"_bbp_topic_count_hidden":0,"_bbp_reply_count_hidden":0,"_bbp_forum_subforum_count":0,"site-sidebar-layout":"default","site-content-layout":"","ast-site-content-layout":"","site-content-style":"default","site-sidebar-style":"default","ast-global-header-display":"","ast-banner-title-visibility":"","ast-main-header-display":"","ast-hfb-above-header-display":"","ast-hfb-below-header-display":"","ast-hfb-mobile-header-display":"","site-post-title":"","ast-breadcrumbs-content":"","ast-featured-img":"","footer-sml-layout":"","theme-transparent-header-meta":"","adv-header-id-meta":"","stick-header-meta":"","header-above-stick-meta":"","header-main-stick-meta":"","header-below-stick-meta":"","astra-migrate-meta-layouts":"default","ast-page-background-enabled":"default","ast-page-background-meta":{"desktop":{"background-color":"var(--ast-global-color-4)","background-image":"","background-repeat":"repeat","background-position":"center center","background-size":"auto","background-attachment":"scroll","background-type":"","background-media":"","overlay-type":"","overlay-color":"","overlay-opacity":"","overlay-gradient":""},"tablet":{"background-color":"","background-image":"","background-repeat":"repeat","background-position":"center center","background-size":"auto","background-attachment":"scroll","background-type":"","background-media":"","overlay-type":"","overlay-color":"","overlay-opacity":"","overlay-gradient":""},"mobile":{"background-color":"","background-image":"","background-repeat":"repeat","background-position":"center center","background-size":"auto","background-attachment":"scroll","background-type":"","background-media":"","overlay-type":"","overlay-color":"","overlay-opacity":"","overlay-gradient":""}},"ast-content-background-meta":{"desktop":{"background-color":"var(--ast-global-color-5)","background-image":"","background-repeat":"repeat","background-position":"center center","background-size":"auto","background-attachment":"scroll","background-type":"","background-media":"","overlay-type":"","overlay-color":"","overlay-opacity":"","overlay-gradient":""},"tablet":{"background-color":"var(--ast-global-color-5)","background-image":"","background-repeat":"repeat","background-position":"center center","background-size":"auto","background-attachment":"scroll","background-type":"","background-media":"","overlay-type":"","overlay-color":"","overlay-opacity":"","overlay-gradient":""},"mobile":{"background-color":"var(--ast-global-color-5)","background-image":"","background-repeat":"repeat","background-position":"center center","background-size":"auto","background-attachment":"scroll","background-type":"","background-media":"","overlay-type":"","overlay-color":"","overlay-opacity":"","overlay-gradient":""}},"footnotes":""},"categories":[61],"tags":[],"class_list":["post-779","post","type-post","status-publish","format-standard","has-post-thumbnail","hentry","category-cicle-superior"],"post_mailing_queue_ids":[],"_links":{"self":[{"href":"https:\/\/agora.xtec.cat\/esc-casserres\/wp-json\/wp\/v2\/posts\/779","targetHints":{"allow":["GET"]}}],"collection":[{"href":"https:\/\/agora.xtec.cat\/esc-casserres\/wp-json\/wp\/v2\/posts"}],"about":[{"href":"https:\/\/agora.xtec.cat\/esc-casserres\/wp-json\/wp\/v2\/types\/post"}],"author":[{"embeddable":true,"href":"https:\/\/agora.xtec.cat\/esc-casserres\/wp-json\/wp\/v2\/users\/16"}],"replies":[{"embeddable":true,"href":"https:\/\/agora.xtec.cat\/esc-casserres\/wp-json\/wp\/v2\/comments?post=779"}],"version-history":[{"count":4,"href":"https:\/\/agora.xtec.cat\/esc-casserres\/wp-json\/wp\/v2\/posts\/779\/revisions"}],"predecessor-version":[{"id":791,"href":"https:\/\/agora.xtec.cat\/esc-casserres\/wp-json\/wp\/v2\/posts\/779\/revisions\/791"}],"wp:featuredmedia":[{"embeddable":true,"href":"https:\/\/agora.xtec.cat\/esc-casserres\/wp-json\/wp\/v2\/media\/785"}],"wp:attachment":[{"href":"https:\/\/agora.xtec.cat\/esc-casserres\/wp-json\/wp\/v2\/media?parent=779"}],"wp:term":[{"taxonomy":"category","embeddable":true,"href":"https:\/\/agora.xtec.cat\/esc-casserres\/wp-json\/wp\/v2\/categories?post=779"},{"taxonomy":"post_tag","embeddable":true,"href":"https:\/\/agora.xtec.cat\/esc-casserres\/wp-json\/wp\/v2\/tags?post=779"}],"curies":[{"name":"wp","href":"https:\/\/api.w.org\/{rel}","templated":true}]}}