{"id":5209,"date":"2026-02-12T10:45:02","date_gmt":"2026-02-12T09:45:02","guid":{"rendered":"https:\/\/agora.xtec.cat\/esc-casserres\/?p=5209"},"modified":"2026-02-12T10:45:02","modified_gmt":"2026-02-12T09:45:02","slug":"tardes-de-lectura-compartida-p6-i-educacio-infantil","status":"publish","type":"post","link":"https:\/\/agora.xtec.cat\/esc-casserres\/general\/tardes-de-lectura-compartida-p6-i-educacio-infantil\/","title":{"rendered":"Tardes de lectura compartida P6 i Educaci\u00f3 Infantil"},"content":{"rendered":"<p>Tornen les tardes de lectura compartida a Educaci\u00f3 Infantil, <span class=\"a_GcMg font-feature-liga-off font-feature-clig-off font-feature-calt-off text-decoration-none text-strikethrough-none\">per fomentar l\u2019h\u00e0bit lector i i<\/span><span class=\"a_GcMg font-feature-liga-off font-feature-clig-off font-feature-calt-off text-decoration-none text-strikethrough-none\">ncentivar el gust per la lectura.<\/span><\/p>\n<p class=\"cvGsUA direction-ltr align-start para-style-body\">Obrim les portes de<span class=\"a_GcMg font-feature-liga-off font-feature-clig-off font-feature-calt-off text-decoration-none text-strikethrough-none\"> l\u2019aula i <strong>compartim l\u2019estona del conte<\/strong> amb els alumnes <strong>m\u00e9s grans de l\u2019escola<\/strong>. <\/span><span class=\"a_GcMg font-feature-liga-off font-feature-clig-off font-feature-calt-off text-decoration-none text-strikethrough-none\"><strong>Escoltem amb atenci\u00f3<\/strong> i seiem en rotllana, a punt per endinsar-nos en contes, llegendes i fantasia! <\/span><strong><span class=\"a_GcMg font-feature-liga-off font-feature-clig-off font-feature-calt-off text-decoration-none text-strikethrough-none\">Volem sentir i escoltar moltes veus diferents i moltes maneres de llegir i explicar hist\u00f2ries.<\/span><\/strong><\/p>\n<p>Hem comen\u00e7at compartint les tardes de lectura amb els companys i companyes de per\u00f2 ben aviat tamb\u00e9 farem arribar aquesta proposta volunt\u00e0ria a les fam\u00edlies! <strong>Us animeu? <\/strong>Mireu, mireu!<\/p>\n<p><sup><em>Aquest \u00e0lbum s&#8217;anir\u00e0 actualitzant i ampliant al llarg del curs.<\/em><\/sup><\/p>\n<p><a href=\"https:\/\/drive.google.com\/drive\/folders\/1JRqOFwckmjYJ-UUv_3RpG2XboVie4Jt4?usp=sharing\"><img loading=\"lazy\" decoding=\"async\" class=\"alignnone  wp-image-5211\" src=\"https:\/\/agora.xtec.cat\/esc-casserres\/wp-content\/uploads\/usu1738\/2026\/02\/PXL_20260108_1409145042-1024x778.jpg\" alt=\"\" width=\"441\" height=\"335\" srcset=\"https:\/\/agora.xtec.cat\/esc-casserres\/wp-content\/uploads\/usu1738\/2026\/02\/PXL_20260108_1409145042-1024x778.jpg 1024w, https:\/\/agora.xtec.cat\/esc-casserres\/wp-content\/uploads\/usu1738\/2026\/02\/PXL_20260108_1409145042-300x228.jpg 300w, https:\/\/agora.xtec.cat\/esc-casserres\/wp-content\/uploads\/usu1738\/2026\/02\/PXL_20260108_1409145042-768x584.jpg 768w, https:\/\/agora.xtec.cat\/esc-casserres\/wp-content\/uploads\/usu1738\/2026\/02\/PXL_20260108_1409145042-1536x1168.jpg 1536w, https:\/\/agora.xtec.cat\/esc-casserres\/wp-content\/uploads\/usu1738\/2026\/02\/PXL_20260108_1409145042-2048x1557.jpg 2048w\" sizes=\"auto, (max-width: 441px) 100vw, 441px\" \/><\/a><\/p>\n","protected":false},"excerpt":{"rendered":"<p>Tornen les tardes de lectura compartida a Educaci\u00f3 Infantil, per fomentar l\u2019h\u00e0bit lector i incentivar el gust per la lectura. Obrim les portes de l\u2019aula i compartim l\u2019estona del conte amb els alumnes m\u00e9s grans de l\u2019escola. Escoltem amb atenci\u00f3 i seiem en rotllana, a punt per endinsar-nos en contes, llegendes i fantasia! Volem sentir [&hellip;]<\/p>\n","protected":false},"author":6,"featured_media":5211,"comment_status":"closed","ping_status":"open","sticky":false,"template":"","format":"standard","meta":{"_bbp_topic_count":0,"_bbp_reply_count":0,"_bbp_total_topic_count":0,"_bbp_total_reply_count":0,"_bbp_voice_count":0,"_bbp_anonymous_reply_count":0,"_bbp_topic_count_hidden":0,"_bbp_reply_count_hidden":0,"_bbp_forum_subforum_count":0,"site-sidebar-layout":"default","site-content-layout":"","ast-site-content-layout":"","site-content-style":"default","site-sidebar-style":"default","ast-global-header-display":"","ast-banner-title-visibility":"","ast-main-header-display":"","ast-hfb-above-header-display":"","ast-hfb-below-header-display":"","ast-hfb-mobile-header-display":"","site-post-title":"","ast-breadcrumbs-content":"","ast-featured-img":"","footer-sml-layout":"","theme-transparent-header-meta":"","adv-header-id-meta":"","stick-header-meta":"","header-above-stick-meta":"","header-main-stick-meta":"","header-below-stick-meta":"","astra-migrate-meta-layouts":"default","ast-page-background-enabled":"default","ast-page-background-meta":{"desktop":{"background-color":"var(--ast-global-color-4)","background-image":"","background-repeat":"repeat","background-position":"center center","background-size":"auto","background-attachment":"scroll","background-type":"","background-media":"","overlay-type":"","overlay-color":"","overlay-opacity":"","overlay-gradient":""},"tablet":{"background-color":"","background-image":"","background-repeat":"repeat","background-position":"center center","background-size":"auto","background-attachment":"scroll","background-type":"","background-media":"","overlay-type":"","overlay-color":"","overlay-opacity":"","overlay-gradient":""},"mobile":{"background-color":"","background-image":"","background-repeat":"repeat","background-position":"center center","background-size":"auto","background-attachment":"scroll","background-type":"","background-media":"","overlay-type":"","overlay-color":"","overlay-opacity":"","overlay-gradient":""}},"ast-content-background-meta":{"desktop":{"background-color":"var(--ast-global-color-5)","background-image":"","background-repeat":"repeat","background-position":"center center","background-size":"auto","background-attachment":"scroll","background-type":"","background-media":"","overlay-type":"","overlay-color":"","overlay-opacity":"","overlay-gradient":""},"tablet":{"background-color":"var(--ast-global-color-5)","background-image":"","background-repeat":"repeat","background-position":"center center","background-size":"auto","background-attachment":"scroll","background-type":"","background-media":"","overlay-type":"","overlay-color":"","overlay-opacity":"","overlay-gradient":""},"mobile":{"background-color":"var(--ast-global-color-5)","background-image":"","background-repeat":"repeat","background-position":"center center","background-size":"auto","background-attachment":"scroll","background-type":"","background-media":"","overlay-type":"","overlay-color":"","overlay-opacity":"","overlay-gradient":""}},"footnotes":""},"categories":[15,61,1,2,4],"tags":[71,290],"class_list":["post-5209","post","type-post","status-publish","format-standard","has-post-thumbnail","hentry","category-6e","category-cicle-superior","category-general","category-infantil","category-portada","tag-educacio-infantil","tag-tardes-de-lectura-compartida"],"post_mailing_queue_ids":[],"_links":{"self":[{"href":"https:\/\/agora.xtec.cat\/esc-casserres\/wp-json\/wp\/v2\/posts\/5209","targetHints":{"allow":["GET"]}}],"collection":[{"href":"https:\/\/agora.xtec.cat\/esc-casserres\/wp-json\/wp\/v2\/posts"}],"about":[{"href":"https:\/\/agora.xtec.cat\/esc-casserres\/wp-json\/wp\/v2\/types\/post"}],"author":[{"embeddable":true,"href":"https:\/\/agora.xtec.cat\/esc-casserres\/wp-json\/wp\/v2\/users\/6"}],"replies":[{"embeddable":true,"href":"https:\/\/agora.xtec.cat\/esc-casserres\/wp-json\/wp\/v2\/comments?post=5209"}],"version-history":[{"count":2,"href":"https:\/\/agora.xtec.cat\/esc-casserres\/wp-json\/wp\/v2\/posts\/5209\/revisions"}],"predecessor-version":[{"id":5212,"href":"https:\/\/agora.xtec.cat\/esc-casserres\/wp-json\/wp\/v2\/posts\/5209\/revisions\/5212"}],"wp:featuredmedia":[{"embeddable":true,"href":"https:\/\/agora.xtec.cat\/esc-casserres\/wp-json\/wp\/v2\/media\/5211"}],"wp:attachment":[{"href":"https:\/\/agora.xtec.cat\/esc-casserres\/wp-json\/wp\/v2\/media?parent=5209"}],"wp:term":[{"taxonomy":"category","embeddable":true,"href":"https:\/\/agora.xtec.cat\/esc-casserres\/wp-json\/wp\/v2\/categories?post=5209"},{"taxonomy":"post_tag","embeddable":true,"href":"https:\/\/agora.xtec.cat\/esc-casserres\/wp-json\/wp\/v2\/tags?post=5209"}],"curies":[{"name":"wp","href":"https:\/\/api.w.org\/{rel}","templated":true}]}}