{"id":5197,"date":"2026-02-04T12:57:46","date_gmt":"2026-02-04T11:57:46","guid":{"rendered":"https:\/\/agora.xtec.cat\/esc-casserres\/?p=5197"},"modified":"2026-02-04T12:57:46","modified_gmt":"2026-02-04T11:57:46","slug":"roda-de-premsa-carnestoltes-2026","status":"publish","type":"post","link":"https:\/\/agora.xtec.cat\/esc-casserres\/general\/roda-de-premsa-carnestoltes-2026\/","title":{"rendered":"RODA DE PREMSA CARNESTOLTES 2026"},"content":{"rendered":"<div>Aquest mat\u00ed, l&#8217;alumnat de Cicle Inicial hem anat a l\u2019Ajuntament de Casserres per explicar la programaci\u00f3 de la setmana de Carnestoltes i presentar els cartells que hem creat a l\u2019aula. A m\u00e9s, hem aprofitat la visita per con\u00e8ixer l\u2019Ajuntament i descobrir per a qu\u00e8 serveix aquesta instituci\u00f3 tan important del nostre poble.<\/div>\n<div><\/div>\n<div>Moltes gr\u00e0cies a la regidora d&#8217;Educaci\u00f3 i a l&#8217;alcalde per la visita!<\/div>\n<div><\/div>\n<div>Podreu accedir a les imatges clicant <a href=\"https:\/\/drive.google.com\/drive\/folders\/1B_XjqHTVzSIlRrKsF1wrGhd4zy3AblLe?usp=drive_link\">aqu\u00ed<\/a>.<\/div>\n<div><\/div>\n<div><img loading=\"lazy\" decoding=\"async\" class=\"wp-image-5198 aligncenter\" src=\"https:\/\/agora.xtec.cat\/esc-casserres\/wp-content\/uploads\/usu1738\/2026\/02\/IMG_9090.jpg\" alt=\"\" width=\"260\" height=\"195\" srcset=\"https:\/\/agora.xtec.cat\/esc-casserres\/wp-content\/uploads\/usu1738\/2026\/02\/IMG_9090.jpg 1280w, https:\/\/agora.xtec.cat\/esc-casserres\/wp-content\/uploads\/usu1738\/2026\/02\/IMG_9090-300x225.jpg 300w, https:\/\/agora.xtec.cat\/esc-casserres\/wp-content\/uploads\/usu1738\/2026\/02\/IMG_9090-1024x768.jpg 1024w, https:\/\/agora.xtec.cat\/esc-casserres\/wp-content\/uploads\/usu1738\/2026\/02\/IMG_9090-768x576.jpg 768w, https:\/\/agora.xtec.cat\/esc-casserres\/wp-content\/uploads\/usu1738\/2026\/02\/IMG_9090-200x150.jpg 200w\" sizes=\"auto, (max-width: 260px) 100vw, 260px\" \/><\/div>\n","protected":false},"excerpt":{"rendered":"<p>Aquest mat\u00ed, l&#8217;alumnat de Cicle Inicial hem anat a l\u2019Ajuntament de Casserres per explicar la programaci\u00f3 de la setmana de Carnestoltes i presentar els cartells que hem creat a l\u2019aula. A m\u00e9s, hem aprofitat la visita per con\u00e8ixer l\u2019Ajuntament i descobrir per a qu\u00e8 serveix aquesta instituci\u00f3 tan important del nostre poble. Moltes gr\u00e0cies a [&hellip;]<\/p>\n","protected":false},"author":33,"featured_media":5198,"comment_status":"closed","ping_status":"open","sticky":false,"template":"","format":"standard","meta":{"_bbp_topic_count":0,"_bbp_reply_count":0,"_bbp_total_topic_count":0,"_bbp_total_reply_count":0,"_bbp_voice_count":0,"_bbp_anonymous_reply_count":0,"_bbp_topic_count_hidden":0,"_bbp_reply_count_hidden":0,"_bbp_forum_subforum_count":0,"site-sidebar-layout":"default","site-content-layout":"","ast-site-content-layout":"","site-content-style":"default","site-sidebar-style":"default","ast-global-header-display":"","ast-banner-title-visibility":"","ast-main-header-display":"","ast-hfb-above-header-display":"","ast-hfb-below-header-display":"","ast-hfb-mobile-header-display":"","site-post-title":"","ast-breadcrumbs-content":"","ast-featured-img":"","footer-sml-layout":"","theme-transparent-header-meta":"","adv-header-id-meta":"","stick-header-meta":"","header-above-stick-meta":"","header-main-stick-meta":"","header-below-stick-meta":"","astra-migrate-meta-layouts":"default","ast-page-background-enabled":"default","ast-page-background-meta":{"desktop":{"background-color":"var(--ast-global-color-4)","background-image":"","background-repeat":"repeat","background-position":"center center","background-size":"auto","background-attachment":"scroll","background-type":"","background-media":"","overlay-type":"","overlay-color":"","overlay-opacity":"","overlay-gradient":""},"tablet":{"background-color":"","background-image":"","background-repeat":"repeat","background-position":"center center","background-size":"auto","background-attachment":"scroll","background-type":"","background-media":"","overlay-type":"","overlay-color":"","overlay-opacity":"","overlay-gradient":""},"mobile":{"background-color":"","background-image":"","background-repeat":"repeat","background-position":"center center","background-size":"auto","background-attachment":"scroll","background-type":"","background-media":"","overlay-type":"","overlay-color":"","overlay-opacity":"","overlay-gradient":""}},"ast-content-background-meta":{"desktop":{"background-color":"var(--ast-global-color-5)","background-image":"","background-repeat":"repeat","background-position":"center center","background-size":"auto","background-attachment":"scroll","background-type":"","background-media":"","overlay-type":"","overlay-color":"","overlay-opacity":"","overlay-gradient":""},"tablet":{"background-color":"var(--ast-global-color-5)","background-image":"","background-repeat":"repeat","background-position":"center center","background-size":"auto","background-attachment":"scroll","background-type":"","background-media":"","overlay-type":"","overlay-color":"","overlay-opacity":"","overlay-gradient":""},"mobile":{"background-color":"var(--ast-global-color-5)","background-image":"","background-repeat":"repeat","background-position":"center center","background-size":"auto","background-attachment":"scroll","background-type":"","background-media":"","overlay-type":"","overlay-color":"","overlay-opacity":"","overlay-gradient":""}},"footnotes":""},"categories":[10,11,59,1,4,163],"tags":[289],"class_list":["post-5197","post","type-post","status-publish","format-standard","has-post-thumbnail","hentry","category-1r","category-2n","category-cicle-inicial","category-general","category-portada","category-projectes-de-llengua","tag-ajuntament"],"post_mailing_queue_ids":[],"_links":{"self":[{"href":"https:\/\/agora.xtec.cat\/esc-casserres\/wp-json\/wp\/v2\/posts\/5197","targetHints":{"allow":["GET"]}}],"collection":[{"href":"https:\/\/agora.xtec.cat\/esc-casserres\/wp-json\/wp\/v2\/posts"}],"about":[{"href":"https:\/\/agora.xtec.cat\/esc-casserres\/wp-json\/wp\/v2\/types\/post"}],"author":[{"embeddable":true,"href":"https:\/\/agora.xtec.cat\/esc-casserres\/wp-json\/wp\/v2\/users\/33"}],"replies":[{"embeddable":true,"href":"https:\/\/agora.xtec.cat\/esc-casserres\/wp-json\/wp\/v2\/comments?post=5197"}],"version-history":[{"count":1,"href":"https:\/\/agora.xtec.cat\/esc-casserres\/wp-json\/wp\/v2\/posts\/5197\/revisions"}],"predecessor-version":[{"id":5199,"href":"https:\/\/agora.xtec.cat\/esc-casserres\/wp-json\/wp\/v2\/posts\/5197\/revisions\/5199"}],"wp:featuredmedia":[{"embeddable":true,"href":"https:\/\/agora.xtec.cat\/esc-casserres\/wp-json\/wp\/v2\/media\/5198"}],"wp:attachment":[{"href":"https:\/\/agora.xtec.cat\/esc-casserres\/wp-json\/wp\/v2\/media?parent=5197"}],"wp:term":[{"taxonomy":"category","embeddable":true,"href":"https:\/\/agora.xtec.cat\/esc-casserres\/wp-json\/wp\/v2\/categories?post=5197"},{"taxonomy":"post_tag","embeddable":true,"href":"https:\/\/agora.xtec.cat\/esc-casserres\/wp-json\/wp\/v2\/tags?post=5197"}],"curies":[{"name":"wp","href":"https:\/\/api.w.org\/{rel}","templated":true}]}}