{"id":5193,"date":"2026-02-02T10:56:18","date_gmt":"2026-02-02T09:56:18","guid":{"rendered":"https:\/\/agora.xtec.cat\/esc-casserres\/?p=5193"},"modified":"2026-02-27T11:52:02","modified_gmt":"2026-02-27T10:52:02","slug":"dia-de-la-pau","status":"publish","type":"post","link":"https:\/\/agora.xtec.cat\/esc-casserres\/general\/dia-de-la-pau\/","title":{"rendered":"DIA DE LA PAU"},"content":{"rendered":"<p>El passat divendres 30 de gener, tota l&#8217;escola ens vam reunir per celebrar plegats el <b data-path-to-node=\"1\" data-index-in-node=\"100\">Dia de la Pau<\/b>. Va ser un moment molt especial on alumnes i mestres vam compartir reflexions.<\/p>\n<p>A continuaci\u00f3 en podeu llegir el manifest i veure&#8217;n <a href=\"https:\/\/drive.google.com\/drive\/folders\/1Ro7paobH3zmy7vrF0qtO8PAiq5_u9Hod?usp=sharing\">algunes imatges.<\/a><\/p>\n<p>&nbsp;<\/p>\n<p><a href=\"https:\/\/agora.xtec.cat\/esc-casserres\/wp-content\/uploads\/usu1738\/2026\/02\/web.jpg\"><img loading=\"lazy\" decoding=\"async\" class=\"wp-image-5194 alignleft\" src=\"https:\/\/agora.xtec.cat\/esc-casserres\/wp-content\/uploads\/usu1738\/2026\/02\/web.jpg\" alt=\"\" width=\"239\" height=\"159\" srcset=\"https:\/\/agora.xtec.cat\/esc-casserres\/wp-content\/uploads\/usu1738\/2026\/02\/web.jpg 620w, https:\/\/agora.xtec.cat\/esc-casserres\/wp-content\/uploads\/usu1738\/2026\/02\/web-300x200.jpg 300w\" sizes=\"auto, (max-width: 239px) 100vw, 239px\" \/><\/a><\/p>\n<p>&nbsp;<\/p>\n<p>&nbsp;<\/p>\n<p>&nbsp;<\/p>\n<p>&nbsp;<\/p>\n<p><span style=\"font-weight: 400;\">Bon dia a tothom,<\/span><\/p>\n<p><span style=\"font-weight: 400;\">Avui ens hem reunit per celebrar <\/span><b>el Dia de la Pau<\/b><span style=\"font-weight: 400;\">, un dia molt especial per recordar una cosa molt important: <\/span><b>totes les persones del m\u00f3n volem viure tranquil\u00b7les, felices i sense por<\/b><span style=\"font-weight: 400;\">.<\/span><\/p>\n<p><span style=\"font-weight: 400;\">Malauradament, <\/span><b>el m\u00f3n d\u2019avui no sempre \u00e9s un lloc de pau<\/b><span style=\"font-weight: 400;\">. Encara hi ha moltes guerres i conflictes que fan patir moltes persones. Potser n\u2019heu sentit a parlar a casa o a les not\u00edcies. Per exemple, hi ha la guerra que est\u00e0 passant a <\/span><b>Gaza<\/b><span style=\"font-weight: 400;\">, on moltes fam\u00edlies han hagut de marxar de casa seva i on molts infants no poden anar a l\u2019escola ni jugar amb els seus amics. Tamb\u00e9 hi ha la guerra a <\/span><b>Ucra\u00efna<\/b><span style=\"font-weight: 400;\">, on moltes persones han hagut de deixar el seu pa\u00eds per buscar un lloc segur on viure.<\/span><\/p>\n<p><span style=\"font-weight: 400;\">A m\u00e9s, <\/span><b>hi ha altres guerres i conflictes que no surten tant als mitjans<\/b><span style=\"font-weight: 400;\">, per\u00f2 que tamb\u00e9 existeixen i fan patir molts nens i nenes com vosaltres. Quan hi ha una guerra, passen coses molt tristes: les escoles tanquen, els parcs deixen d\u2019estar plens de rialles, i moltes persones viuen amb por. Cap infant del m\u00f3n hauria de viure aix\u00ed.<\/span><\/p>\n<p><span style=\"font-weight: 400;\">Per aix\u00f2 avui parlem de la pau. <\/span><b>La pau no \u00e9s nom\u00e9s que no hi hagi guerres<\/b><span style=\"font-weight: 400;\">, sin\u00f3 tamb\u00e9 viure respectant-nos, ajudant-nos, compartint i cuidant-nos els uns als altres. La pau comen\u00e7a amb petits gestos del dia a dia: una abra\u00e7ada, una paraula amable, ajudar un company o companya, demanar perd\u00f3 i jugar junts sense barallar-nos.<\/span><\/p>\n<p><span style=\"font-weight: 400;\">Ara, tots junts, <\/span><b>ens col\u00b7locarem en rotllana<\/b><span style=\"font-weight: 400;\"> i ballarem la dansa de <\/span><b>\u201cJerusalema\u201d<\/b><span style=\"font-weight: 400;\">. Aquesta can\u00e7\u00f3 parla de trobar un lloc on sentir-nos b\u00e9, segurs i feli\u00e7os. Ballant tots plegats, recordem que, encara que siguem diferents, <\/span><b>formem part d\u2019un mateix m\u00f3n<\/b><span style=\"font-weight: 400;\"> i qu\u00e8 units podem enviar un missatge molt bonic i molt fort: <\/span><b>volem pau, alegria i esperan\u00e7a per a tothom<\/b><span style=\"font-weight: 400;\">.<\/span><\/p>\n<p><span style=\"font-weight: 400;\">Que aquest ball sigui un s\u00edmbol d\u2019uni\u00f3, respecte i pau.<\/span><\/p>\n<p><span style=\"font-weight: 400;\">Moltes gr\u00e0cies, i que visqui la Pau!\u00a0<\/span><\/p>\n","protected":false},"excerpt":{"rendered":"<p>El passat divendres 30 de gener, tota l&#8217;escola ens vam reunir per celebrar plegats el Dia de la Pau. Va ser un moment molt especial on alumnes i mestres vam compartir reflexions. A continuaci\u00f3 en podeu llegir el manifest i veure&#8217;n algunes imatges. &nbsp; &nbsp; &nbsp; &nbsp; &nbsp; Bon dia a tothom, Avui ens hem [&hellip;]<\/p>\n","protected":false},"author":16,"featured_media":5194,"comment_status":"closed","ping_status":"open","sticky":false,"template":"","format":"standard","meta":{"_bbp_topic_count":0,"_bbp_reply_count":0,"_bbp_total_topic_count":0,"_bbp_total_reply_count":0,"_bbp_voice_count":0,"_bbp_anonymous_reply_count":0,"_bbp_topic_count_hidden":0,"_bbp_reply_count_hidden":0,"_bbp_forum_subforum_count":0,"site-sidebar-layout":"default","site-content-layout":"","ast-site-content-layout":"default","site-content-style":"default","site-sidebar-style":"default","ast-global-header-display":"","ast-banner-title-visibility":"","ast-main-header-display":"","ast-hfb-above-header-display":"","ast-hfb-below-header-display":"","ast-hfb-mobile-header-display":"","site-post-title":"","ast-breadcrumbs-content":"","ast-featured-img":"","footer-sml-layout":"","theme-transparent-header-meta":"default","adv-header-id-meta":"","stick-header-meta":"","header-above-stick-meta":"","header-main-stick-meta":"","header-below-stick-meta":"","astra-migrate-meta-layouts":"set","ast-page-background-enabled":"default","ast-page-background-meta":{"desktop":{"background-color":"var(--ast-global-color-4)","background-image":"","background-repeat":"repeat","background-position":"center center","background-size":"auto","background-attachment":"scroll","background-type":"","background-media":"","overlay-type":"","overlay-color":"","overlay-opacity":"","overlay-gradient":""},"tablet":{"background-color":"","background-image":"","background-repeat":"repeat","background-position":"center center","background-size":"auto","background-attachment":"scroll","background-type":"","background-media":"","overlay-type":"","overlay-color":"","overlay-opacity":"","overlay-gradient":""},"mobile":{"background-color":"","background-image":"","background-repeat":"repeat","background-position":"center center","background-size":"auto","background-attachment":"scroll","background-type":"","background-media":"","overlay-type":"","overlay-color":"","overlay-opacity":"","overlay-gradient":""}},"ast-content-background-meta":{"desktop":{"background-color":"var(--ast-global-color-5)","background-image":"","background-repeat":"repeat","background-position":"center center","background-size":"auto","background-attachment":"scroll","background-type":"","background-media":"","overlay-type":"","overlay-color":"","overlay-opacity":"","overlay-gradient":""},"tablet":{"background-color":"var(--ast-global-color-5)","background-image":"","background-repeat":"repeat","background-position":"center center","background-size":"auto","background-attachment":"scroll","background-type":"","background-media":"","overlay-type":"","overlay-color":"","overlay-opacity":"","overlay-gradient":""},"mobile":{"background-color":"var(--ast-global-color-5)","background-image":"","background-repeat":"repeat","background-position":"center center","background-size":"auto","background-attachment":"scroll","background-type":"","background-media":"","overlay-type":"","overlay-color":"","overlay-opacity":"","overlay-gradient":""}},"footnotes":""},"categories":[59,60,61,1,2,4,5],"tags":[],"class_list":["post-5193","post","type-post","status-publish","format-standard","has-post-thumbnail","hentry","category-cicle-inicial","category-cicle-mitja","category-cicle-superior","category-general","category-infantil","category-portada","category-primaria"],"post_mailing_queue_ids":[],"_links":{"self":[{"href":"https:\/\/agora.xtec.cat\/esc-casserres\/wp-json\/wp\/v2\/posts\/5193","targetHints":{"allow":["GET"]}}],"collection":[{"href":"https:\/\/agora.xtec.cat\/esc-casserres\/wp-json\/wp\/v2\/posts"}],"about":[{"href":"https:\/\/agora.xtec.cat\/esc-casserres\/wp-json\/wp\/v2\/types\/post"}],"author":[{"embeddable":true,"href":"https:\/\/agora.xtec.cat\/esc-casserres\/wp-json\/wp\/v2\/users\/16"}],"replies":[{"embeddable":true,"href":"https:\/\/agora.xtec.cat\/esc-casserres\/wp-json\/wp\/v2\/comments?post=5193"}],"version-history":[{"count":2,"href":"https:\/\/agora.xtec.cat\/esc-casserres\/wp-json\/wp\/v2\/posts\/5193\/revisions"}],"predecessor-version":[{"id":5196,"href":"https:\/\/agora.xtec.cat\/esc-casserres\/wp-json\/wp\/v2\/posts\/5193\/revisions\/5196"}],"wp:featuredmedia":[{"embeddable":true,"href":"https:\/\/agora.xtec.cat\/esc-casserres\/wp-json\/wp\/v2\/media\/5194"}],"wp:attachment":[{"href":"https:\/\/agora.xtec.cat\/esc-casserres\/wp-json\/wp\/v2\/media?parent=5193"}],"wp:term":[{"taxonomy":"category","embeddable":true,"href":"https:\/\/agora.xtec.cat\/esc-casserres\/wp-json\/wp\/v2\/categories?post=5193"},{"taxonomy":"post_tag","embeddable":true,"href":"https:\/\/agora.xtec.cat\/esc-casserres\/wp-json\/wp\/v2\/tags?post=5193"}],"curies":[{"name":"wp","href":"https:\/\/api.w.org\/{rel}","templated":true}]}}