{"id":5187,"date":"2026-02-12T10:03:25","date_gmt":"2026-02-12T09:03:25","guid":{"rendered":"https:\/\/agora.xtec.cat\/esc-casserres\/?p=5187"},"modified":"2026-02-12T10:03:25","modified_gmt":"2026-02-12T09:03:25","slug":"comencem-els-tallers-internivell-a-educacio-infantil","status":"publish","type":"post","link":"https:\/\/agora.xtec.cat\/esc-casserres\/general\/comencem-els-tallers-internivell-a-educacio-infantil\/","title":{"rendered":"Comencem els tallers internivell a Educaci\u00f3 Infantil!"},"content":{"rendered":"<p><span style=\"font-weight: 400;\">A l\u2019Escola apostem per la riquesa que aporta als nostres alumnes la metodologia dels\u00a0tallers internivell\u00a0i intercicle. <\/span><b>Una manera d\u2019aprendre i avan\u00e7ar molt motivadora i inclusiva. <\/b><span style=\"font-weight: 400;\">En el cas d\u2019Educaci\u00f3 Infantil es barregen nens i nenes de I3, I4 i I5 en tallers diferents tres tardes a la setmana.\u00a0<\/span><\/p>\n<p>Aquest curs hem comen\u00e7at amb els tallers internivell: <strong>Qu\u00e8 ens diu la m\u00fasica? Juguem? i Els guardians i guardianes de la mare Terra.<\/strong><\/p>\n<p>Voleu veure un petit tast del qu\u00e8 fem? <sup>(Aquest \u00e0lbum s&#8217;anir\u00e0 actualitzant i ampliant al llarg del curs<\/sup>)<\/p>\n<p><a href=\"https:\/\/drive.google.com\/drive\/folders\/1UkpeH7myxg_nOEY2Uf73O3X0De0iSKhc?usp=sharing\"><img loading=\"lazy\" decoding=\"async\" class=\"alignnone  wp-image-5207\" src=\"https:\/\/agora.xtec.cat\/esc-casserres\/wp-content\/uploads\/usu1738\/2026\/02\/PXL_20260203_150840923-1024x550.jpg\" alt=\"\" width=\"493\" height=\"265\" srcset=\"https:\/\/agora.xtec.cat\/esc-casserres\/wp-content\/uploads\/usu1738\/2026\/02\/PXL_20260203_150840923-1024x550.jpg 1024w, https:\/\/agora.xtec.cat\/esc-casserres\/wp-content\/uploads\/usu1738\/2026\/02\/PXL_20260203_150840923-300x161.jpg 300w, https:\/\/agora.xtec.cat\/esc-casserres\/wp-content\/uploads\/usu1738\/2026\/02\/PXL_20260203_150840923-768x412.jpg 768w, https:\/\/agora.xtec.cat\/esc-casserres\/wp-content\/uploads\/usu1738\/2026\/02\/PXL_20260203_150840923-1536x824.jpg 1536w, https:\/\/agora.xtec.cat\/esc-casserres\/wp-content\/uploads\/usu1738\/2026\/02\/PXL_20260203_150840923-2048x1099.jpg 2048w\" sizes=\"auto, (max-width: 493px) 100vw, 493px\" \/><\/a><\/p>\n","protected":false},"excerpt":{"rendered":"<p>A l\u2019Escola apostem per la riquesa que aporta als nostres alumnes la metodologia dels\u00a0tallers internivell\u00a0i intercicle. Una manera d\u2019aprendre i avan\u00e7ar molt motivadora i inclusiva. En el cas d\u2019Educaci\u00f3 Infantil es barregen nens i nenes de I3, I4 i I5 en tallers diferents tres tardes a la setmana.\u00a0 Aquest curs hem comen\u00e7at amb els tallers [&hellip;]<\/p>\n","protected":false},"author":6,"featured_media":5207,"comment_status":"closed","ping_status":"open","sticky":false,"template":"","format":"standard","meta":{"_bbp_topic_count":0,"_bbp_reply_count":0,"_bbp_total_topic_count":0,"_bbp_total_reply_count":0,"_bbp_voice_count":0,"_bbp_anonymous_reply_count":0,"_bbp_topic_count_hidden":0,"_bbp_reply_count_hidden":0,"_bbp_forum_subforum_count":0,"site-sidebar-layout":"default","site-content-layout":"","ast-site-content-layout":"","site-content-style":"default","site-sidebar-style":"default","ast-global-header-display":"","ast-banner-title-visibility":"","ast-main-header-display":"","ast-hfb-above-header-display":"","ast-hfb-below-header-display":"","ast-hfb-mobile-header-display":"","site-post-title":"","ast-breadcrumbs-content":"","ast-featured-img":"","footer-sml-layout":"","theme-transparent-header-meta":"","adv-header-id-meta":"","stick-header-meta":"","header-above-stick-meta":"","header-main-stick-meta":"","header-below-stick-meta":"","astra-migrate-meta-layouts":"default","ast-page-background-enabled":"default","ast-page-background-meta":{"desktop":{"background-color":"var(--ast-global-color-4)","background-image":"","background-repeat":"repeat","background-position":"center center","background-size":"auto","background-attachment":"scroll","background-type":"","background-media":"","overlay-type":"","overlay-color":"","overlay-opacity":"","overlay-gradient":""},"tablet":{"background-color":"","background-image":"","background-repeat":"repeat","background-position":"center center","background-size":"auto","background-attachment":"scroll","background-type":"","background-media":"","overlay-type":"","overlay-color":"","overlay-opacity":"","overlay-gradient":""},"mobile":{"background-color":"","background-image":"","background-repeat":"repeat","background-position":"center center","background-size":"auto","background-attachment":"scroll","background-type":"","background-media":"","overlay-type":"","overlay-color":"","overlay-opacity":"","overlay-gradient":""}},"ast-content-background-meta":{"desktop":{"background-color":"var(--ast-global-color-5)","background-image":"","background-repeat":"repeat","background-position":"center center","background-size":"auto","background-attachment":"scroll","background-type":"","background-media":"","overlay-type":"","overlay-color":"","overlay-opacity":"","overlay-gradient":""},"tablet":{"background-color":"var(--ast-global-color-5)","background-image":"","background-repeat":"repeat","background-position":"center center","background-size":"auto","background-attachment":"scroll","background-type":"","background-media":"","overlay-type":"","overlay-color":"","overlay-opacity":"","overlay-gradient":""},"mobile":{"background-color":"var(--ast-global-color-5)","background-image":"","background-repeat":"repeat","background-position":"center center","background-size":"auto","background-attachment":"scroll","background-type":"","background-media":"","overlay-type":"","overlay-color":"","overlay-opacity":"","overlay-gradient":""}},"footnotes":""},"categories":[1,2,4],"tags":[71,72],"class_list":["post-5187","post","type-post","status-publish","format-standard","has-post-thumbnail","hentry","category-general","category-infantil","category-portada","tag-educacio-infantil","tag-tallers"],"post_mailing_queue_ids":[],"_links":{"self":[{"href":"https:\/\/agora.xtec.cat\/esc-casserres\/wp-json\/wp\/v2\/posts\/5187","targetHints":{"allow":["GET"]}}],"collection":[{"href":"https:\/\/agora.xtec.cat\/esc-casserres\/wp-json\/wp\/v2\/posts"}],"about":[{"href":"https:\/\/agora.xtec.cat\/esc-casserres\/wp-json\/wp\/v2\/types\/post"}],"author":[{"embeddable":true,"href":"https:\/\/agora.xtec.cat\/esc-casserres\/wp-json\/wp\/v2\/users\/6"}],"replies":[{"embeddable":true,"href":"https:\/\/agora.xtec.cat\/esc-casserres\/wp-json\/wp\/v2\/comments?post=5187"}],"version-history":[{"count":2,"href":"https:\/\/agora.xtec.cat\/esc-casserres\/wp-json\/wp\/v2\/posts\/5187\/revisions"}],"predecessor-version":[{"id":5208,"href":"https:\/\/agora.xtec.cat\/esc-casserres\/wp-json\/wp\/v2\/posts\/5187\/revisions\/5208"}],"wp:featuredmedia":[{"embeddable":true,"href":"https:\/\/agora.xtec.cat\/esc-casserres\/wp-json\/wp\/v2\/media\/5207"}],"wp:attachment":[{"href":"https:\/\/agora.xtec.cat\/esc-casserres\/wp-json\/wp\/v2\/media?parent=5187"}],"wp:term":[{"taxonomy":"category","embeddable":true,"href":"https:\/\/agora.xtec.cat\/esc-casserres\/wp-json\/wp\/v2\/categories?post=5187"},{"taxonomy":"post_tag","embeddable":true,"href":"https:\/\/agora.xtec.cat\/esc-casserres\/wp-json\/wp\/v2\/tags?post=5187"}],"curies":[{"name":"wp","href":"https:\/\/api.w.org\/{rel}","templated":true}]}}