{"id":4868,"date":"2024-05-29T12:52:34","date_gmt":"2024-05-29T10:52:34","guid":{"rendered":"https:\/\/agora.xtec.cat\/esc-casserres\/?p=4868"},"modified":"2024-06-20T16:28:37","modified_gmt":"2024-06-20T14:28:37","slug":"agraiments-iii-cursa-sense-fronteres","status":"publish","type":"post","link":"https:\/\/agora.xtec.cat\/esc-casserres\/general\/agraiments-iii-cursa-sense-fronteres\/","title":{"rendered":"Agra\u00efments III Cursa Sense Fronteres"},"content":{"rendered":"<p>Un cop passada la <strong>III Cursa Sense fronteres<\/strong> i havent fet el recompte de donatius i la valoraci\u00f3 per part de l&#8217;alumnat i el claustre, nom\u00e9s ens queda donar les gr\u00e0cies a totes les persones, empreses i entitats que s&#8217;han bolcat amb la cursa per tal que, un any m\u00e9s, fos un \u00e8xit aclaparador! En total vam fer una recaptaci\u00f3 de <strong>1113,59\u20ac!!!! <\/strong>Us deixem el llistat d&#8217;administracions, empreses i entitats del poble i la comarca perqu\u00e8 us pugueu fer una idea de la solidaritat del nostre territori:<\/p>\n<ul>\n<li><a href=\"https:\/\/www.casserres.cat\/\">Ajuntament de Casserres<\/a><\/li>\n<li><a href=\"https:\/\/www.bergueda.cat\/\">Consell Comarcal del Bergued\u00e0<\/a><\/li>\n<li><a href=\"http:\/\/www.cebergueda.cat\/\">Consell Esportiu del Bergued\u00e0<\/a><\/li>\n<li><a href=\"https:\/\/agora.xtec.cat\/esc-casserres\/\">AFA Escola Princesa L\u00e0scaris<\/a><\/li>\n<li><a href=\"https:\/\/elniucasserres.cat\/\">AFA Llar infants El Niu<\/a><\/li>\n<li><a href=\"https:\/\/www.clubesquibergueda.cat\/\">Club Esqu\u00ed Bergued\u00e0 (CEB)<\/a><\/li>\n<li><a href=\"https:\/\/cob.orientacio.cat\/\">Club Orientaci\u00f3 Bergued\u00e0 (COB)<\/a><\/li>\n<li><a href=\"https:\/\/www.jaberga.com\/\">Joves Atletes Berguedans (JAB)<\/a><\/li>\n<li><a href=\"https:\/\/mountainrunners.cat\/\">Mountain Runners del Bergued\u00e0<\/a><\/li>\n<li><a href=\"https:\/\/www.lacasserrenca.com\/\">La Casserrenca<\/a><\/li>\n<li><a href=\"https:\/\/www.instagram.com\/club_biciclista_casserres\/?hl=af\">Club Biciclista Casserres<\/a><\/li>\n<li><a href=\"https:\/\/www.lacreativaberga.cat\/\">La Creativa<\/a><\/li>\n<li><a href=\"https:\/\/serrasports.es\/\">Serrasports<\/a><\/li>\n<li><a href=\"http:\/\/fornvilalta.cat\/\">Forn Vilalta<\/a><\/li>\n<li><a href=\"https:\/\/www.forndecabrianes.com\/\">Forn de Cabrianes<\/a><\/li>\n<li><a href=\"https:\/\/www.carnibestiarprat.com\/\">Cal Caleio<\/a><\/li>\n<li><a href=\"https:\/\/www.puigfito.com\/\">Puig Fit\u00f3<\/a><\/li>\n<li><a href=\"https:\/\/www.instagram.com\/casaenfruns\/\">Casa Enfruns<\/a><\/li>\n<li><a href=\"https:\/\/www.indaber.com\/\">Indaber<\/a><\/li>\n<li><a href=\"https:\/\/liven.es\/\">Paulig\/Liven<\/a><\/li>\n<li><a href=\"https:\/\/www.ballara.es\/\">Ballar\u00e0<\/a><\/li>\n<li><a href=\"http:\/\/www.calarmenter.cat\/\">Cal Armenter<\/a><\/li>\n<li><a href=\"https:\/\/www.casserres.cat\/el-municipi\/turisme\/productes-i-productors-locals\/queviures-sant.html\">Cal Sant<\/a><\/li>\n<li>Agro Casserres<\/li>\n<li><a href=\"https:\/\/www.instagram.com\/elterroscasserres\/\">El Terr\u00f2s<\/a><\/li>\n<li>Caf\u00e8 de la Pla\u00e7a<\/li>\n<li><a href=\"https:\/\/www.instagram.com\/frankfurtcasserres\/\">Frankfurt Casserres<\/a><\/li>\n<li><a href=\"https:\/\/www.instagram.com\/xaiesfuster\/?hl=it\">Fusteria Xaies<\/a><\/li>\n<li><a href=\"https:\/\/www.casserres.cat\/el-municipi\/guia-del-municipi\/empreses-i-comercos\/la-fusteria.html\">La Fusteria<\/a><\/li>\n<li><a href=\"https:\/\/www.instagram.com\/mireia_perruqueriaestetica\/\">Perruqueria Mireia<\/a><\/li>\n<li><a href=\"http:\/\/www.gruestock.es\/\">Grues Stock<\/a><\/li>\n<li>Fisio Marta Codina<\/li>\n<li><a href=\"https:\/\/www.cinclabel.com\/ca\/home\">Cinclabel<\/a><\/li>\n<li><a href=\"https:\/\/www.bgrup.es\/\">BGrup<\/a><\/li>\n<li><a href=\"https:\/\/www.peudevia.cat\/\">Peu de Via<\/a><\/li>\n<\/ul>\n<p>Per altra banda tamb\u00e9 us compartim la carta d&#8217;agra\u00efment i un v\u00eddeo que ens ha fet arribar <a href=\"https:\/\/www.savethechildren.es\/\"><strong>Save the Children<\/strong><\/a><\/p>\n<p><em>Apreciats amics i amigues:<\/em><\/p>\n<p><em>El 28\/05\/2024 hem rebut un ingr\u00e9s per la quantitat de 1113,59\u20ac del vostre centre.<\/em><\/p>\n<p><em>En nom dels nens i nenes dels nostres programes volem donar-vos les gr\u00e0cies pel vostre esfor\u00e7 i implicaci\u00f3.<\/em><\/p>\n<p><em>Us preguem que feu extensible aquest agra\u00efment als vostres companys i companyes, ja que han sabut traslladar la il\u00b7lusi\u00f3 pel projecte al seu alumnat. Gr\u00e0cies a ells, els nens i nenes s&#8217;han mobilitzat i han posat en marxa tots els recursos possibles: el seu propi esfor\u00e7 i han sigut l&#8217;altaveu perqu\u00e8 tot el seu entorn conegu\u00e9s la complexa situaci\u00f3 per la qual passen milers de nens i nenes.<\/em><\/p>\n<p><em>Tamb\u00e9 volem agrair a les fam\u00edlies del vostre centre, que han fet la seva aportaci\u00f3 en forma de donatiu econ\u00f2mic. La vostra ajuda ens permet continuar treballant pels drets de la inf\u00e0ncia i aconseguir que la inf\u00e0ncia sobrevisqui, tingui acc\u00e9s a una educaci\u00f3 de qualitat i estiguin protegits.<\/em><\/p>\n<p><em>Gr\u00e0cies per donar-los l&#8217;oportunitat de continuar somiant:<\/em><\/p>\n<p><em><a href=\"https:\/\/www.youtube.com\/watch?v=4dqWFipWDfI%20\" target=\"_blank\" rel=\"noopener\" data-saferedirecturl=\"https:\/\/www.google.com\/url?q=https:\/\/www.youtube.com\/watch?v%3D4dqWFipWDfI%2520&amp;source=gmail&amp;ust=1717053005237000&amp;usg=AOvVaw1uEuXMYLtOkd5NBTokPA0K\">https:\/\/www.youtube.com\/watch?<wbr \/>v=4dqWFipWDfI<\/a><\/em><\/p>\n<p><em>Adjuntem un diploma pel centre i un rebut per compartir amb tota la comunitat educativa. Al final del curs rebreu la mem\u00f2ria d&#8217;activitat.<\/em><\/p>\n<p><em>Us fem arribar tamb\u00e9 el nostre segell de centre solidari. Podeu descarregar-lo i incloure&#8217;l a la vostra web o blog. Aquest segell representa tot all\u00f2 pel qual treballem junts: la defensa dels Drets de la Inf\u00e0ncia.<\/em><\/p>\n<p><em>Gr\u00e0cies de l&#8217;Equip de Programes en Centres Escolars.<\/em><\/p>\n","protected":false},"excerpt":{"rendered":"<p>Un cop passada la III Cursa Sense fronteres i havent fet el recompte de donatius i la valoraci\u00f3 per part de l&#8217;alumnat i el claustre, nom\u00e9s ens queda donar les gr\u00e0cies a totes les persones, empreses i entitats que s&#8217;han bolcat amb la cursa per tal que, un any m\u00e9s, fos un \u00e8xit aclaparador! En [&hellip;]<\/p>\n","protected":false},"author":19,"featured_media":4871,"comment_status":"closed","ping_status":"closed","sticky":false,"template":"","format":"standard","meta":{"_bbp_topic_count":0,"_bbp_reply_count":0,"_bbp_total_topic_count":0,"_bbp_total_reply_count":0,"_bbp_voice_count":0,"_bbp_anonymous_reply_count":0,"_bbp_topic_count_hidden":0,"_bbp_reply_count_hidden":0,"_bbp_forum_subforum_count":0,"site-sidebar-layout":"default","site-content-layout":"","ast-site-content-layout":"","site-content-style":"default","site-sidebar-style":"default","ast-global-header-display":"","ast-banner-title-visibility":"","ast-main-header-display":"","ast-hfb-above-header-display":"","ast-hfb-below-header-display":"","ast-hfb-mobile-header-display":"","site-post-title":"","ast-breadcrumbs-content":"","ast-featured-img":"","footer-sml-layout":"","theme-transparent-header-meta":"","adv-header-id-meta":"","stick-header-meta":"","header-above-stick-meta":"","header-main-stick-meta":"","header-below-stick-meta":"","astra-migrate-meta-layouts":"default","ast-page-background-enabled":"default","ast-page-background-meta":{"desktop":{"background-color":"var(--ast-global-color-4)","background-image":"","background-repeat":"repeat","background-position":"center center","background-size":"auto","background-attachment":"scroll","background-type":"","background-media":"","overlay-type":"","overlay-color":"","overlay-opacity":"","overlay-gradient":""},"tablet":{"background-color":"","background-image":"","background-repeat":"repeat","background-position":"center center","background-size":"auto","background-attachment":"scroll","background-type":"","background-media":"","overlay-type":"","overlay-color":"","overlay-opacity":"","overlay-gradient":""},"mobile":{"background-color":"","background-image":"","background-repeat":"repeat","background-position":"center center","background-size":"auto","background-attachment":"scroll","background-type":"","background-media":"","overlay-type":"","overlay-color":"","overlay-opacity":"","overlay-gradient":""}},"ast-content-background-meta":{"desktop":{"background-color":"var(--ast-global-color-5)","background-image":"","background-repeat":"repeat","background-position":"center center","background-size":"auto","background-attachment":"scroll","background-type":"","background-media":"","overlay-type":"","overlay-color":"","overlay-opacity":"","overlay-gradient":""},"tablet":{"background-color":"var(--ast-global-color-5)","background-image":"","background-repeat":"repeat","background-position":"center center","background-size":"auto","background-attachment":"scroll","background-type":"","background-media":"","overlay-type":"","overlay-color":"","overlay-opacity":"","overlay-gradient":""},"mobile":{"background-color":"var(--ast-global-color-5)","background-image":"","background-repeat":"repeat","background-position":"center center","background-size":"auto","background-attachment":"scroll","background-type":"","background-media":"","overlay-type":"","overlay-color":"","overlay-opacity":"","overlay-gradient":""}},"footnotes":""},"categories":[10,11,12,13,14,15,7,60,62,1,4,5],"tags":[201,259,228,229,272],"class_list":["post-4868","post","type-post","status-publish","format-standard","has-post-thumbnail","hentry","category-1r","category-2n","category-3r","category-4t","category-5e","category-6e","category-afa","category-cicle-mitja","category-ed-fisica","category-general","category-portada","category-primaria","tag-activitat-fisica","tag-curs-23-24","tag-cursa","tag-cursa-solidaria","tag-save-the-childrenfisica"],"post_mailing_queue_ids":[],"_links":{"self":[{"href":"https:\/\/agora.xtec.cat\/esc-casserres\/wp-json\/wp\/v2\/posts\/4868","targetHints":{"allow":["GET"]}}],"collection":[{"href":"https:\/\/agora.xtec.cat\/esc-casserres\/wp-json\/wp\/v2\/posts"}],"about":[{"href":"https:\/\/agora.xtec.cat\/esc-casserres\/wp-json\/wp\/v2\/types\/post"}],"author":[{"embeddable":true,"href":"https:\/\/agora.xtec.cat\/esc-casserres\/wp-json\/wp\/v2\/users\/19"}],"replies":[{"embeddable":true,"href":"https:\/\/agora.xtec.cat\/esc-casserres\/wp-json\/wp\/v2\/comments?post=4868"}],"version-history":[{"count":1,"href":"https:\/\/agora.xtec.cat\/esc-casserres\/wp-json\/wp\/v2\/posts\/4868\/revisions"}],"predecessor-version":[{"id":4873,"href":"https:\/\/agora.xtec.cat\/esc-casserres\/wp-json\/wp\/v2\/posts\/4868\/revisions\/4873"}],"wp:featuredmedia":[{"embeddable":true,"href":"https:\/\/agora.xtec.cat\/esc-casserres\/wp-json\/wp\/v2\/media\/4871"}],"wp:attachment":[{"href":"https:\/\/agora.xtec.cat\/esc-casserres\/wp-json\/wp\/v2\/media?parent=4868"}],"wp:term":[{"taxonomy":"category","embeddable":true,"href":"https:\/\/agora.xtec.cat\/esc-casserres\/wp-json\/wp\/v2\/categories?post=4868"},{"taxonomy":"post_tag","embeddable":true,"href":"https:\/\/agora.xtec.cat\/esc-casserres\/wp-json\/wp\/v2\/tags?post=4868"}],"curies":[{"name":"wp","href":"https:\/\/api.w.org\/{rel}","templated":true}]}}