{"id":4797,"date":"2024-04-18T09:20:09","date_gmt":"2024-04-18T07:20:09","guid":{"rendered":"https:\/\/agora.xtec.cat\/esc-casserres\/?p=4797"},"modified":"2024-04-18T09:20:09","modified_gmt":"2024-04-18T07:20:09","slug":"dia-de-leducacio-fisica-al-carrer","status":"publish","type":"post","link":"https:\/\/agora.xtec.cat\/esc-casserres\/general\/dia-de-leducacio-fisica-al-carrer\/","title":{"rendered":"Dia  de l&#8217;Educaci\u00f3 f\u00edsica al Carrer"},"content":{"rendered":"<p>El <a href=\"https:\/\/www.defc.cat\/\"><strong>dia de l&#8217;Educaci\u00f3 f\u00edsica al carrer<\/strong><\/a> \u00e9s una jornada festiva i de conviv\u00e8ncia per mitj\u00e0 de la qual volem fer visible el valor de l&#8217;Educaci\u00f3 F\u00edsica. Alumnat i docents sortim a les places, parcs i carrers dels nostres pobles, ciutats i barris per acostar-la a la gent i mostrar al conjunt de la societat tot all\u00f2 que representa.<\/p>\n<p>L&#8217;Educaci\u00f3 f\u00edsica \u00e9s una mat\u00e8ria que promou espais de benestar i aprenentatge mitjan\u00e7ant el moviment i les accions saludables, c\u00edviques, participatives, cooperatives, inclusives, emocionals, creatives i expressives, en qu\u00e8 l&#8217;esfor\u00e7 i l&#8217;autonomia esdevenen fonamentals. Per aix\u00f2 confirmem, que tot i que la seva pell \u00e9s f\u00edsica, motriu i corporal, la seva ess\u00e8ncia \u00e9s, sens dubte, EDUCATIVA i social.<\/p>\n<ul>\n<li>L&#8217;educaci\u00f3 f\u00edsica \u00e9s una eina fonamental per desenvolupament integral i integrador dels nostres infants que reporta beneficis f\u00edsics, ps\u00edquics i socials.<\/li>\n<li>L&#8217;educaci\u00f3 f\u00edsica \u00e9s un mitj\u00e0 idoni per fomentar estils de vida actius i saludables per trencar els elevats \u00edndexs de sedentarisme i trastorns de l&#8217;alimentaci\u00f3.<\/li>\n<li>L&#8217;educaci\u00f3 f\u00edsica ofereix un escenari immillorable d&#8217;aprenentatge personal, social i cultural que permet construir i desenvolupar les actituds i els valors necessaris per viure i conviure en societat.<\/li>\n<\/ul>\n<p>Per tot aix\u00f2, afirmem que l&#8217;Educaci\u00f3 f\u00edsica ha de ser un component de primer ordre en aquest proc\u00e9s de renovaci\u00f3 educativa i pedag\u00f2gica que est\u00e0 vivint l&#8217;escola actualment. I per aix\u00f2 continuarem treballant, fins a aconseguir-ne la pres\u00e8ncia com a eina valuosa de transformaci\u00f3 i cohesi\u00f3 social.<\/p>\n<p>PER UNA EDUCACI\u00d3 F\u00cdSICA PER LA VIDA!<\/p>\n<p><a href=\"https:\/\/agora.xtec.cat\/esc-casserres\/general\/defc-fotos\/\">FOTOS DE LA JORNADA A CICLE MITJ\u00c0<\/a><\/p>\n<p>&nbsp;<\/p>\n","protected":false},"excerpt":{"rendered":"<p>El dia de l&#8217;Educaci\u00f3 f\u00edsica al carrer \u00e9s una jornada festiva i de conviv\u00e8ncia per mitj\u00e0 de la qual volem fer visible el valor de l&#8217;Educaci\u00f3 F\u00edsica. Alumnat i docents sortim a les places, parcs i carrers dels nostres pobles, ciutats i barris per acostar-la a la gent i mostrar al conjunt de la societat [&hellip;]<\/p>\n","protected":false},"author":19,"featured_media":4802,"comment_status":"closed","ping_status":"closed","sticky":false,"template":"","format":"standard","meta":{"_bbp_topic_count":0,"_bbp_reply_count":0,"_bbp_total_topic_count":0,"_bbp_total_reply_count":0,"_bbp_voice_count":0,"_bbp_anonymous_reply_count":0,"_bbp_topic_count_hidden":0,"_bbp_reply_count_hidden":0,"_bbp_forum_subforum_count":0,"site-sidebar-layout":"default","site-content-layout":"","ast-site-content-layout":"","site-content-style":"default","site-sidebar-style":"default","ast-global-header-display":"","ast-banner-title-visibility":"","ast-main-header-display":"","ast-hfb-above-header-display":"","ast-hfb-below-header-display":"","ast-hfb-mobile-header-display":"","site-post-title":"","ast-breadcrumbs-content":"","ast-featured-img":"","footer-sml-layout":"","theme-transparent-header-meta":"","adv-header-id-meta":"","stick-header-meta":"","header-above-stick-meta":"","header-main-stick-meta":"","header-below-stick-meta":"","astra-migrate-meta-layouts":"default","ast-page-background-enabled":"default","ast-page-background-meta":{"desktop":{"background-color":"var(--ast-global-color-4)","background-image":"","background-repeat":"repeat","background-position":"center center","background-size":"auto","background-attachment":"scroll","background-type":"","background-media":"","overlay-type":"","overlay-color":"","overlay-opacity":"","overlay-gradient":""},"tablet":{"background-color":"","background-image":"","background-repeat":"repeat","background-position":"center center","background-size":"auto","background-attachment":"scroll","background-type":"","background-media":"","overlay-type":"","overlay-color":"","overlay-opacity":"","overlay-gradient":""},"mobile":{"background-color":"","background-image":"","background-repeat":"repeat","background-position":"center center","background-size":"auto","background-attachment":"scroll","background-type":"","background-media":"","overlay-type":"","overlay-color":"","overlay-opacity":"","overlay-gradient":""}},"ast-content-background-meta":{"desktop":{"background-color":"var(--ast-global-color-5)","background-image":"","background-repeat":"repeat","background-position":"center center","background-size":"auto","background-attachment":"scroll","background-type":"","background-media":"","overlay-type":"","overlay-color":"","overlay-opacity":"","overlay-gradient":""},"tablet":{"background-color":"var(--ast-global-color-5)","background-image":"","background-repeat":"repeat","background-position":"center center","background-size":"auto","background-attachment":"scroll","background-type":"","background-media":"","overlay-type":"","overlay-color":"","overlay-opacity":"","overlay-gradient":""},"mobile":{"background-color":"var(--ast-global-color-5)","background-image":"","background-repeat":"repeat","background-position":"center center","background-size":"auto","background-attachment":"scroll","background-type":"","background-media":"","overlay-type":"","overlay-color":"","overlay-opacity":"","overlay-gradient":""}},"footnotes":""},"categories":[12,13,60,62,1,4,5],"tags":[201,81,86,259,246,168],"class_list":["post-4797","post","type-post","status-publish","format-standard","has-post-thumbnail","hentry","category-3r","category-4t","category-cicle-mitja","category-ed-fisica","category-general","category-portada","category-primaria","tag-activitat-fisica","tag-activitats","tag-cicle-mitja","tag-curs-23-24","tag-defc","tag-educacio-fisica"],"post_mailing_queue_ids":[],"_links":{"self":[{"href":"https:\/\/agora.xtec.cat\/esc-casserres\/wp-json\/wp\/v2\/posts\/4797","targetHints":{"allow":["GET"]}}],"collection":[{"href":"https:\/\/agora.xtec.cat\/esc-casserres\/wp-json\/wp\/v2\/posts"}],"about":[{"href":"https:\/\/agora.xtec.cat\/esc-casserres\/wp-json\/wp\/v2\/types\/post"}],"author":[{"embeddable":true,"href":"https:\/\/agora.xtec.cat\/esc-casserres\/wp-json\/wp\/v2\/users\/19"}],"replies":[{"embeddable":true,"href":"https:\/\/agora.xtec.cat\/esc-casserres\/wp-json\/wp\/v2\/comments?post=4797"}],"version-history":[{"count":2,"href":"https:\/\/agora.xtec.cat\/esc-casserres\/wp-json\/wp\/v2\/posts\/4797\/revisions"}],"predecessor-version":[{"id":4801,"href":"https:\/\/agora.xtec.cat\/esc-casserres\/wp-json\/wp\/v2\/posts\/4797\/revisions\/4801"}],"wp:featuredmedia":[{"embeddable":true,"href":"https:\/\/agora.xtec.cat\/esc-casserres\/wp-json\/wp\/v2\/media\/4802"}],"wp:attachment":[{"href":"https:\/\/agora.xtec.cat\/esc-casserres\/wp-json\/wp\/v2\/media?parent=4797"}],"wp:term":[{"taxonomy":"category","embeddable":true,"href":"https:\/\/agora.xtec.cat\/esc-casserres\/wp-json\/wp\/v2\/categories?post=4797"},{"taxonomy":"post_tag","embeddable":true,"href":"https:\/\/agora.xtec.cat\/esc-casserres\/wp-json\/wp\/v2\/tags?post=4797"}],"curies":[{"name":"wp","href":"https:\/\/api.w.org\/{rel}","templated":true}]}}