{"id":4771,"date":"2024-03-26T16:21:47","date_gmt":"2024-03-26T15:21:47","guid":{"rendered":"https:\/\/agora.xtec.cat\/esc-casserres\/?p=4771"},"modified":"2024-03-26T16:21:47","modified_gmt":"2024-03-26T15:21:47","slug":"p2-com-es-va-formar-lunivers-2","status":"publish","type":"post","link":"https:\/\/agora.xtec.cat\/esc-casserres\/general\/p2-com-es-va-formar-lunivers-2\/","title":{"rendered":"P2 &#8211; Com es va formar l&#8217;univers?"},"content":{"rendered":"<p>Els nens i nenes de P2 hem estat investigant sobre l&#8217;univers.<\/p>\n<p>La primera pregunta que ens vam plantejar va ser: <em><strong>Com es va formar l&#8217;univers?\u00a0<\/strong><\/em>A partir d&#8217;aquesta pregunta hem anat descobrint curiositats de l&#8217;univers: com es va formar, qu\u00e8 s\u00f3n les gal\u00e0xies i com es diu la nostra, els planetes del sistema solar, el sol, la lluna i les seves fases, els meteorits i els asteroides.\u00a0<a href=\"https:\/\/agora.xtec.cat\/esc-casserres\/?p=4769&amp;preview=true\"><img loading=\"lazy\" decoding=\"async\" class=\"wp-image-4772 alignright\" src=\"https:\/\/agora.xtec.cat\/esc-casserres\/wp-content\/uploads\/usu1738\/2024\/03\/image00001-1-1024x768.jpg\" alt=\"\" width=\"288\" height=\"216\" srcset=\"https:\/\/agora.xtec.cat\/esc-casserres\/wp-content\/uploads\/usu1738\/2024\/03\/image00001-1-1024x768.jpg 1024w, https:\/\/agora.xtec.cat\/esc-casserres\/wp-content\/uploads\/usu1738\/2024\/03\/image00001-1-300x225.jpg 300w, https:\/\/agora.xtec.cat\/esc-casserres\/wp-content\/uploads\/usu1738\/2024\/03\/image00001-1-768x576.jpg 768w, https:\/\/agora.xtec.cat\/esc-casserres\/wp-content\/uploads\/usu1738\/2024\/03\/image00001-1-1536x1152.jpg 1536w, https:\/\/agora.xtec.cat\/esc-casserres\/wp-content\/uploads\/usu1738\/2024\/03\/image00001-1-2048x1536.jpg 2048w, https:\/\/agora.xtec.cat\/esc-casserres\/wp-content\/uploads\/usu1738\/2024\/03\/image00001-1-200x150.jpg 200w\" sizes=\"auto, (max-width: 288px) 100vw, 288px\" \/><\/a><\/p>\n<p>Per acabar el projecte vam organitzar un cicle de confer\u00e8ncies on vam poder explicar tot el que hav\u00edem apr\u00e8s als nostres pares i mares i als nens i nenes de l&#8217;escola.<\/p>\n<p>Ara ja en som una mica m\u00e9s experts!<\/p>\n","protected":false},"excerpt":{"rendered":"<p>Els nens i nenes de P2 hem estat investigant sobre l&#8217;univers. La primera pregunta que ens vam plantejar va ser: Com es va formar l&#8217;univers?\u00a0A partir d&#8217;aquesta pregunta hem anat descobrint curiositats de l&#8217;univers: com es va formar, qu\u00e8 s\u00f3n les gal\u00e0xies i com es diu la nostra, els planetes del sistema solar, el sol, [&hellip;]<\/p>\n","protected":false},"author":28,"featured_media":4772,"comment_status":"closed","ping_status":"closed","sticky":false,"template":"","format":"standard","meta":{"_bbp_topic_count":0,"_bbp_reply_count":0,"_bbp_total_topic_count":0,"_bbp_total_reply_count":0,"_bbp_voice_count":0,"_bbp_anonymous_reply_count":0,"_bbp_topic_count_hidden":0,"_bbp_reply_count_hidden":0,"_bbp_forum_subforum_count":0,"site-sidebar-layout":"default","site-content-layout":"","ast-site-content-layout":"","site-content-style":"default","site-sidebar-style":"default","ast-global-header-display":"","ast-banner-title-visibility":"","ast-main-header-display":"","ast-hfb-above-header-display":"","ast-hfb-below-header-display":"","ast-hfb-mobile-header-display":"","site-post-title":"","ast-breadcrumbs-content":"","ast-featured-img":"","footer-sml-layout":"","theme-transparent-header-meta":"","adv-header-id-meta":"","stick-header-meta":"","header-above-stick-meta":"","header-main-stick-meta":"","header-below-stick-meta":"","astra-migrate-meta-layouts":"default","ast-page-background-enabled":"default","ast-page-background-meta":{"desktop":{"background-color":"var(--ast-global-color-4)","background-image":"","background-repeat":"repeat","background-position":"center center","background-size":"auto","background-attachment":"scroll","background-type":"","background-media":"","overlay-type":"","overlay-color":"","overlay-opacity":"","overlay-gradient":""},"tablet":{"background-color":"","background-image":"","background-repeat":"repeat","background-position":"center center","background-size":"auto","background-attachment":"scroll","background-type":"","background-media":"","overlay-type":"","overlay-color":"","overlay-opacity":"","overlay-gradient":""},"mobile":{"background-color":"","background-image":"","background-repeat":"repeat","background-position":"center center","background-size":"auto","background-attachment":"scroll","background-type":"","background-media":"","overlay-type":"","overlay-color":"","overlay-opacity":"","overlay-gradient":""}},"ast-content-background-meta":{"desktop":{"background-color":"var(--ast-global-color-5)","background-image":"","background-repeat":"repeat","background-position":"center center","background-size":"auto","background-attachment":"scroll","background-type":"","background-media":"","overlay-type":"","overlay-color":"","overlay-opacity":"","overlay-gradient":""},"tablet":{"background-color":"var(--ast-global-color-5)","background-image":"","background-repeat":"repeat","background-position":"center center","background-size":"auto","background-attachment":"scroll","background-type":"","background-media":"","overlay-type":"","overlay-color":"","overlay-opacity":"","overlay-gradient":""},"mobile":{"background-color":"var(--ast-global-color-5)","background-image":"","background-repeat":"repeat","background-position":"center center","background-size":"auto","background-attachment":"scroll","background-type":"","background-media":"","overlay-type":"","overlay-color":"","overlay-opacity":"","overlay-gradient":""}},"footnotes":""},"categories":[11,59,1,4,5,232],"tags":[],"class_list":["post-4771","post","type-post","status-publish","format-standard","has-post-thumbnail","hentry","category-2n","category-cicle-inicial","category-general","category-portada","category-primaria","category-projectes-de-medi"],"post_mailing_queue_ids":[],"_links":{"self":[{"href":"https:\/\/agora.xtec.cat\/esc-casserres\/wp-json\/wp\/v2\/posts\/4771","targetHints":{"allow":["GET"]}}],"collection":[{"href":"https:\/\/agora.xtec.cat\/esc-casserres\/wp-json\/wp\/v2\/posts"}],"about":[{"href":"https:\/\/agora.xtec.cat\/esc-casserres\/wp-json\/wp\/v2\/types\/post"}],"author":[{"embeddable":true,"href":"https:\/\/agora.xtec.cat\/esc-casserres\/wp-json\/wp\/v2\/users\/28"}],"replies":[{"embeddable":true,"href":"https:\/\/agora.xtec.cat\/esc-casserres\/wp-json\/wp\/v2\/comments?post=4771"}],"version-history":[{"count":1,"href":"https:\/\/agora.xtec.cat\/esc-casserres\/wp-json\/wp\/v2\/posts\/4771\/revisions"}],"predecessor-version":[{"id":4773,"href":"https:\/\/agora.xtec.cat\/esc-casserres\/wp-json\/wp\/v2\/posts\/4771\/revisions\/4773"}],"wp:featuredmedia":[{"embeddable":true,"href":"https:\/\/agora.xtec.cat\/esc-casserres\/wp-json\/wp\/v2\/media\/4772"}],"wp:attachment":[{"href":"https:\/\/agora.xtec.cat\/esc-casserres\/wp-json\/wp\/v2\/media?parent=4771"}],"wp:term":[{"taxonomy":"category","embeddable":true,"href":"https:\/\/agora.xtec.cat\/esc-casserres\/wp-json\/wp\/v2\/categories?post=4771"},{"taxonomy":"post_tag","embeddable":true,"href":"https:\/\/agora.xtec.cat\/esc-casserres\/wp-json\/wp\/v2\/tags?post=4771"}],"curies":[{"name":"wp","href":"https:\/\/api.w.org\/{rel}","templated":true}]}}