{"id":4512,"date":"2023-12-18T13:28:44","date_gmt":"2023-12-18T12:28:44","guid":{"rendered":"https:\/\/agora.xtec.cat\/esc-casserres\/?p=4512"},"modified":"2023-12-18T13:32:55","modified_gmt":"2023-12-18T12:32:55","slug":"els-petits-artistes-fem-fang-2","status":"publish","type":"post","link":"https:\/\/agora.xtec.cat\/esc-casserres\/general\/els-petits-artistes-fem-fang-2\/","title":{"rendered":"Els petits artistes fem fang!"},"content":{"rendered":"<p>Per anar acabant el trimestre&#8230; Avui tota la colla d&#8217;Educaci\u00f3 Infantil hem gaudit d&#8217;un taller de fang! Ens hem reunit tots i totes a l&#8217;aula de i5 i hem passat un mat\u00ed molt art\u00edstic! Que b\u00e9 que ens ho hem passat amassant i creant.<\/p>\n<p>Ho voleu veure? Feu clic damunt la foto i poseu la contrassenya per accedir a l&#8217;\u00e0lbum:<\/p>\n<p><a href=\"https:\/\/agora.xtec.cat\/esc-casserres\/infantil\/els-petits-artistes-fem-fang\/\"><img loading=\"lazy\" decoding=\"async\" class=\"alignnone wp-image-4522\" src=\"https:\/\/agora.xtec.cat\/esc-casserres\/wp-content\/uploads\/usu1738\/2023\/12\/PXL_20231218_094326922-1-1024x768.jpg\" alt=\"\" width=\"250\" height=\"188\" srcset=\"https:\/\/agora.xtec.cat\/esc-casserres\/wp-content\/uploads\/usu1738\/2023\/12\/PXL_20231218_094326922-1-1024x768.jpg 1024w, https:\/\/agora.xtec.cat\/esc-casserres\/wp-content\/uploads\/usu1738\/2023\/12\/PXL_20231218_094326922-1-300x225.jpg 300w, https:\/\/agora.xtec.cat\/esc-casserres\/wp-content\/uploads\/usu1738\/2023\/12\/PXL_20231218_094326922-1-768x576.jpg 768w, https:\/\/agora.xtec.cat\/esc-casserres\/wp-content\/uploads\/usu1738\/2023\/12\/PXL_20231218_094326922-1-1536x1152.jpg 1536w, https:\/\/agora.xtec.cat\/esc-casserres\/wp-content\/uploads\/usu1738\/2023\/12\/PXL_20231218_094326922-1-2048x1536.jpg 2048w, https:\/\/agora.xtec.cat\/esc-casserres\/wp-content\/uploads\/usu1738\/2023\/12\/PXL_20231218_094326922-1-200x150.jpg 200w\" sizes=\"auto, (max-width: 250px) 100vw, 250px\" \/><\/a><\/p>\n<p>&nbsp;<\/p>\n","protected":false},"excerpt":{"rendered":"<p>Per anar acabant el trimestre&#8230; Avui tota la colla d&#8217;Educaci\u00f3 Infantil hem gaudit d&#8217;un taller de fang! Ens hem reunit tots i totes a l&#8217;aula de i5 i hem passat un mat\u00ed molt art\u00edstic! Que b\u00e9 que ens ho hem passat amassant i creant. Ho voleu veure? Feu clic damunt la foto i poseu la [&hellip;]<\/p>\n","protected":false},"author":6,"featured_media":4522,"comment_status":"closed","ping_status":"closed","sticky":false,"template":"","format":"standard","meta":{"_bbp_topic_count":0,"_bbp_reply_count":0,"_bbp_total_topic_count":0,"_bbp_total_reply_count":0,"_bbp_voice_count":0,"_bbp_anonymous_reply_count":0,"_bbp_topic_count_hidden":0,"_bbp_reply_count_hidden":0,"_bbp_forum_subforum_count":0,"site-sidebar-layout":"default","site-content-layout":"","ast-site-content-layout":"","site-content-style":"default","site-sidebar-style":"default","ast-global-header-display":"","ast-banner-title-visibility":"","ast-main-header-display":"","ast-hfb-above-header-display":"","ast-hfb-below-header-display":"","ast-hfb-mobile-header-display":"","site-post-title":"","ast-breadcrumbs-content":"","ast-featured-img":"","footer-sml-layout":"","theme-transparent-header-meta":"","adv-header-id-meta":"","stick-header-meta":"","header-above-stick-meta":"","header-main-stick-meta":"","header-below-stick-meta":"","astra-migrate-meta-layouts":"default","ast-page-background-enabled":"default","ast-page-background-meta":{"desktop":{"background-color":"var(--ast-global-color-4)","background-image":"","background-repeat":"repeat","background-position":"center center","background-size":"auto","background-attachment":"scroll","background-type":"","background-media":"","overlay-type":"","overlay-color":"","overlay-opacity":"","overlay-gradient":""},"tablet":{"background-color":"","background-image":"","background-repeat":"repeat","background-position":"center center","background-size":"auto","background-attachment":"scroll","background-type":"","background-media":"","overlay-type":"","overlay-color":"","overlay-opacity":"","overlay-gradient":""},"mobile":{"background-color":"","background-image":"","background-repeat":"repeat","background-position":"center center","background-size":"auto","background-attachment":"scroll","background-type":"","background-media":"","overlay-type":"","overlay-color":"","overlay-opacity":"","overlay-gradient":""}},"ast-content-background-meta":{"desktop":{"background-color":"var(--ast-global-color-5)","background-image":"","background-repeat":"repeat","background-position":"center center","background-size":"auto","background-attachment":"scroll","background-type":"","background-media":"","overlay-type":"","overlay-color":"","overlay-opacity":"","overlay-gradient":""},"tablet":{"background-color":"var(--ast-global-color-5)","background-image":"","background-repeat":"repeat","background-position":"center center","background-size":"auto","background-attachment":"scroll","background-type":"","background-media":"","overlay-type":"","overlay-color":"","overlay-opacity":"","overlay-gradient":""},"mobile":{"background-color":"var(--ast-global-color-5)","background-image":"","background-repeat":"repeat","background-position":"center center","background-size":"auto","background-attachment":"scroll","background-type":"","background-media":"","overlay-type":"","overlay-color":"","overlay-opacity":"","overlay-gradient":""}},"footnotes":""},"categories":[1,2,4],"tags":[],"class_list":["post-4512","post","type-post","status-publish","format-standard","has-post-thumbnail","hentry","category-general","category-infantil","category-portada"],"post_mailing_queue_ids":[],"_links":{"self":[{"href":"https:\/\/agora.xtec.cat\/esc-casserres\/wp-json\/wp\/v2\/posts\/4512","targetHints":{"allow":["GET"]}}],"collection":[{"href":"https:\/\/agora.xtec.cat\/esc-casserres\/wp-json\/wp\/v2\/posts"}],"about":[{"href":"https:\/\/agora.xtec.cat\/esc-casserres\/wp-json\/wp\/v2\/types\/post"}],"author":[{"embeddable":true,"href":"https:\/\/agora.xtec.cat\/esc-casserres\/wp-json\/wp\/v2\/users\/6"}],"replies":[{"embeddable":true,"href":"https:\/\/agora.xtec.cat\/esc-casserres\/wp-json\/wp\/v2\/comments?post=4512"}],"version-history":[{"count":3,"href":"https:\/\/agora.xtec.cat\/esc-casserres\/wp-json\/wp\/v2\/posts\/4512\/revisions"}],"predecessor-version":[{"id":4531,"href":"https:\/\/agora.xtec.cat\/esc-casserres\/wp-json\/wp\/v2\/posts\/4512\/revisions\/4531"}],"wp:featuredmedia":[{"embeddable":true,"href":"https:\/\/agora.xtec.cat\/esc-casserres\/wp-json\/wp\/v2\/media\/4522"}],"wp:attachment":[{"href":"https:\/\/agora.xtec.cat\/esc-casserres\/wp-json\/wp\/v2\/media?parent=4512"}],"wp:term":[{"taxonomy":"category","embeddable":true,"href":"https:\/\/agora.xtec.cat\/esc-casserres\/wp-json\/wp\/v2\/categories?post=4512"},{"taxonomy":"post_tag","embeddable":true,"href":"https:\/\/agora.xtec.cat\/esc-casserres\/wp-json\/wp\/v2\/tags?post=4512"}],"curies":[{"name":"wp","href":"https:\/\/api.w.org\/{rel}","templated":true}]}}