{"id":4401,"date":"2023-09-19T10:07:51","date_gmt":"2023-09-19T08:07:51","guid":{"rendered":"https:\/\/agora.xtec.cat\/esc-casserres\/?p=4401"},"modified":"2023-09-19T10:07:51","modified_gmt":"2023-09-19T08:07:51","slug":"ens-movem","status":"publish","type":"post","link":"https:\/\/agora.xtec.cat\/esc-casserres\/infantil\/ens-movem\/","title":{"rendered":"Ens movem!"},"content":{"rendered":"<p>Ahir a la tarda quan la colla d&#8217;Eduaci\u00f3 Infantil va sortir al pati van trobar-se una sopresa: Amb cons de colors i banderoles hi havia senyalitzat un recorregut amb un INICI i una META.<\/p>\n<p>A partir d&#8217;aqu\u00ed se&#8217;ls va plantejar un repte:\u00a0<strong>Com podem arribar fins a la meta?<\/strong><\/p>\n<p>Van sortir moltes idees de com despla\u00e7ar-nos: caminant, corrent, saltant a peu coix, saltant amb els peus junts, reptant com serps, gatejant, rodolant (fent rodes, fent la croqueta, fent tombarelles&#8230;). Les idees les vam anar anotant a la paret de pissarra i les vam posar a prova totes per comprovar si funcionaven!<\/p>\n<p>Ens podem moure de moltes maneres per\u00f2 les que ens han cridat m\u00e9s l&#8217;atenci\u00f3 i ens han fet riure m\u00e9s passaran ser el nostre NOM DE CLASSE aquest curs!<\/p>\n<p><strong>La colla de i3: Els saltirons<\/strong><\/p>\n<p><strong>La colla de i4: 3, 2, 1&#8230; Corre!<\/strong><\/p>\n<p><strong>La colla de i5: Les tombarelles<\/strong><\/p>\n<p><sub>Si voleu veure-ho feu clic damunt la foto!<\/sub><\/p>\n<p><a href=\"https:\/\/photos.app.goo.gl\/62HmbVELFyBRbeZ56\"><img loading=\"lazy\" decoding=\"async\" class=\"alignnone  wp-image-4404\" src=\"https:\/\/agora.xtec.cat\/esc-casserres\/wp-content\/uploads\/usu1738\/2023\/09\/Foto-de-Sol-16-1.jpg\" alt=\"\" width=\"341\" height=\"375\" srcset=\"https:\/\/agora.xtec.cat\/esc-casserres\/wp-content\/uploads\/usu1738\/2023\/09\/Foto-de-Sol-16-1.jpg 628w, https:\/\/agora.xtec.cat\/esc-casserres\/wp-content\/uploads\/usu1738\/2023\/09\/Foto-de-Sol-16-1-273x300.jpg 273w\" sizes=\"auto, (max-width: 341px) 100vw, 341px\" \/><\/a><\/p>\n","protected":false},"excerpt":{"rendered":"<p>Ahir a la tarda quan la colla d&#8217;Eduaci\u00f3 Infantil va sortir al pati van trobar-se una sopresa: Amb cons de colors i banderoles hi havia senyalitzat un recorregut amb un INICI i una META. A partir d&#8217;aqu\u00ed se&#8217;ls va plantejar un repte:\u00a0Com podem arribar fins a la meta? Van sortir moltes idees de com despla\u00e7ar-nos: [&hellip;]<\/p>\n","protected":false},"author":6,"featured_media":4404,"comment_status":"closed","ping_status":"closed","sticky":false,"template":"","format":"standard","meta":{"_bbp_topic_count":0,"_bbp_reply_count":0,"_bbp_total_topic_count":0,"_bbp_total_reply_count":0,"_bbp_voice_count":0,"_bbp_anonymous_reply_count":0,"_bbp_topic_count_hidden":0,"_bbp_reply_count_hidden":0,"_bbp_forum_subforum_count":0,"site-sidebar-layout":"default","site-content-layout":"","ast-site-content-layout":"","site-content-style":"default","site-sidebar-style":"default","ast-global-header-display":"","ast-banner-title-visibility":"","ast-main-header-display":"","ast-hfb-above-header-display":"","ast-hfb-below-header-display":"","ast-hfb-mobile-header-display":"","site-post-title":"","ast-breadcrumbs-content":"","ast-featured-img":"","footer-sml-layout":"","theme-transparent-header-meta":"","adv-header-id-meta":"","stick-header-meta":"","header-above-stick-meta":"","header-main-stick-meta":"","header-below-stick-meta":"","astra-migrate-meta-layouts":"default","ast-page-background-enabled":"default","ast-page-background-meta":{"desktop":{"background-color":"var(--ast-global-color-4)","background-image":"","background-repeat":"repeat","background-position":"center center","background-size":"auto","background-attachment":"scroll","background-type":"","background-media":"","overlay-type":"","overlay-color":"","overlay-opacity":"","overlay-gradient":""},"tablet":{"background-color":"","background-image":"","background-repeat":"repeat","background-position":"center center","background-size":"auto","background-attachment":"scroll","background-type":"","background-media":"","overlay-type":"","overlay-color":"","overlay-opacity":"","overlay-gradient":""},"mobile":{"background-color":"","background-image":"","background-repeat":"repeat","background-position":"center center","background-size":"auto","background-attachment":"scroll","background-type":"","background-media":"","overlay-type":"","overlay-color":"","overlay-opacity":"","overlay-gradient":""}},"ast-content-background-meta":{"desktop":{"background-color":"var(--ast-global-color-5)","background-image":"","background-repeat":"repeat","background-position":"center center","background-size":"auto","background-attachment":"scroll","background-type":"","background-media":"","overlay-type":"","overlay-color":"","overlay-opacity":"","overlay-gradient":""},"tablet":{"background-color":"var(--ast-global-color-5)","background-image":"","background-repeat":"repeat","background-position":"center center","background-size":"auto","background-attachment":"scroll","background-type":"","background-media":"","overlay-type":"","overlay-color":"","overlay-opacity":"","overlay-gradient":""},"mobile":{"background-color":"var(--ast-global-color-5)","background-image":"","background-repeat":"repeat","background-position":"center center","background-size":"auto","background-attachment":"scroll","background-type":"","background-media":"","overlay-type":"","overlay-color":"","overlay-opacity":"","overlay-gradient":""}},"footnotes":""},"categories":[3,8,9,2,4],"tags":[71],"class_list":["post-4401","post","type-post","status-publish","format-standard","has-post-thumbnail","hentry","category-i3","category-i4","category-i5","category-infantil","category-portada","tag-educacio-infantil"],"post_mailing_queue_ids":[],"_links":{"self":[{"href":"https:\/\/agora.xtec.cat\/esc-casserres\/wp-json\/wp\/v2\/posts\/4401","targetHints":{"allow":["GET"]}}],"collection":[{"href":"https:\/\/agora.xtec.cat\/esc-casserres\/wp-json\/wp\/v2\/posts"}],"about":[{"href":"https:\/\/agora.xtec.cat\/esc-casserres\/wp-json\/wp\/v2\/types\/post"}],"author":[{"embeddable":true,"href":"https:\/\/agora.xtec.cat\/esc-casserres\/wp-json\/wp\/v2\/users\/6"}],"replies":[{"embeddable":true,"href":"https:\/\/agora.xtec.cat\/esc-casserres\/wp-json\/wp\/v2\/comments?post=4401"}],"version-history":[{"count":1,"href":"https:\/\/agora.xtec.cat\/esc-casserres\/wp-json\/wp\/v2\/posts\/4401\/revisions"}],"predecessor-version":[{"id":4405,"href":"https:\/\/agora.xtec.cat\/esc-casserres\/wp-json\/wp\/v2\/posts\/4401\/revisions\/4405"}],"wp:featuredmedia":[{"embeddable":true,"href":"https:\/\/agora.xtec.cat\/esc-casserres\/wp-json\/wp\/v2\/media\/4404"}],"wp:attachment":[{"href":"https:\/\/agora.xtec.cat\/esc-casserres\/wp-json\/wp\/v2\/media?parent=4401"}],"wp:term":[{"taxonomy":"category","embeddable":true,"href":"https:\/\/agora.xtec.cat\/esc-casserres\/wp-json\/wp\/v2\/categories?post=4401"},{"taxonomy":"post_tag","embeddable":true,"href":"https:\/\/agora.xtec.cat\/esc-casserres\/wp-json\/wp\/v2\/tags?post=4401"}],"curies":[{"name":"wp","href":"https:\/\/api.w.org\/{rel}","templated":true}]}}