{"id":4303,"date":"2023-06-06T13:14:51","date_gmt":"2023-06-06T11:14:51","guid":{"rendered":"https:\/\/agora.xtec.cat\/esc-casserres\/?p=4303"},"modified":"2023-06-06T13:20:00","modified_gmt":"2023-06-06T11:20:00","slug":"curs-22-23_cm-conferencies","status":"publish","type":"post","link":"https:\/\/agora.xtec.cat\/esc-casserres\/general\/curs-22-23_cm-conferencies\/","title":{"rendered":"CURS 22-23_CM CONFER\u00c8NCIES"},"content":{"rendered":"<p>Un any m\u00e9s, els\/les alumnes de Cicle Mitj\u00e0 s&#8217;han preparat les <strong>confer\u00e8ncies<\/strong> (amb tema lliure), i les han exposat davant de la resta de companys\/es de classe.<\/p>\n<p>Pensar una feina, fer-la i comunicar-la en p\u00fablic no s\u00f3n tasques f\u00e0cils. Les confer\u00e8ncies tenen com a objectiu principal aprendre a expressar-se oralment i per escrit, aix\u00ed com aportar coneixements i opinions, mentre es respecten les dels altres.<\/p>\n<p>Un cop acabades, tamb\u00e9 \u00e9s important que tant l\u2019alumne\/a conferenciant, com els companys\/es i la mestra puguin fer-ne una valoraci\u00f3, per aix\u00f2 utilitzem r\u00fabriques com a eina d&#8217;avaluaci\u00f3.<\/p>\n<p><strong>Felicitem als 34 alumnes que ho han fet genial i se&#8217;ls ha vist molt motivats amb l&#8217;activitat.<\/strong> Podeu clicar la imatge per veure&#8217;n les fotos.<\/p>\n<p style=\"text-align: center;\"><a href=\"https:\/\/photos.app.goo.gl\/BJQm2tWdgP9C3WaPA\"><img loading=\"lazy\" decoding=\"async\" class=\"alignnone wp-image-4305\" src=\"https:\/\/agora.xtec.cat\/esc-casserres\/wp-content\/uploads\/usu1738\/2023\/06\/CONFERENCIES-CM-CARTELL-1024x576.jpg\" alt=\"\" width=\"439\" height=\"247\" srcset=\"https:\/\/agora.xtec.cat\/esc-casserres\/wp-content\/uploads\/usu1738\/2023\/06\/CONFERENCIES-CM-CARTELL-1024x576.jpg 1024w, https:\/\/agora.xtec.cat\/esc-casserres\/wp-content\/uploads\/usu1738\/2023\/06\/CONFERENCIES-CM-CARTELL-300x169.jpg 300w, https:\/\/agora.xtec.cat\/esc-casserres\/wp-content\/uploads\/usu1738\/2023\/06\/CONFERENCIES-CM-CARTELL-768x432.jpg 768w, https:\/\/agora.xtec.cat\/esc-casserres\/wp-content\/uploads\/usu1738\/2023\/06\/CONFERENCIES-CM-CARTELL-1536x864.jpg 1536w, https:\/\/agora.xtec.cat\/esc-casserres\/wp-content\/uploads\/usu1738\/2023\/06\/CONFERENCIES-CM-CARTELL-2048x1152.jpg 2048w\" sizes=\"auto, (max-width: 439px) 100vw, 439px\" \/><\/a><\/p>\n<p>&nbsp;<\/p>\n","protected":false},"excerpt":{"rendered":"<p>Un any m\u00e9s, els\/les alumnes de Cicle Mitj\u00e0 s&#8217;han preparat les confer\u00e8ncies (amb tema lliure), i les han exposat davant de la resta de companys\/es de classe. Pensar una feina, fer-la i comunicar-la en p\u00fablic no s\u00f3n tasques f\u00e0cils. Les confer\u00e8ncies tenen com a objectiu principal aprendre a expressar-se oralment i per escrit, aix\u00ed com [&hellip;]<\/p>\n","protected":false},"author":29,"featured_media":4305,"comment_status":"closed","ping_status":"closed","sticky":false,"template":"","format":"standard","meta":{"_bbp_topic_count":0,"_bbp_reply_count":0,"_bbp_total_topic_count":0,"_bbp_total_reply_count":0,"_bbp_voice_count":0,"_bbp_anonymous_reply_count":0,"_bbp_topic_count_hidden":0,"_bbp_reply_count_hidden":0,"_bbp_forum_subforum_count":0,"site-sidebar-layout":"default","site-content-layout":"","ast-site-content-layout":"","site-content-style":"default","site-sidebar-style":"default","ast-global-header-display":"","ast-banner-title-visibility":"","ast-main-header-display":"","ast-hfb-above-header-display":"","ast-hfb-below-header-display":"","ast-hfb-mobile-header-display":"","site-post-title":"","ast-breadcrumbs-content":"","ast-featured-img":"","footer-sml-layout":"","theme-transparent-header-meta":"","adv-header-id-meta":"","stick-header-meta":"","header-above-stick-meta":"","header-main-stick-meta":"","header-below-stick-meta":"","astra-migrate-meta-layouts":"default","ast-page-background-enabled":"default","ast-page-background-meta":{"desktop":{"background-color":"var(--ast-global-color-4)","background-image":"","background-repeat":"repeat","background-position":"center center","background-size":"auto","background-attachment":"scroll","background-type":"","background-media":"","overlay-type":"","overlay-color":"","overlay-opacity":"","overlay-gradient":""},"tablet":{"background-color":"","background-image":"","background-repeat":"repeat","background-position":"center center","background-size":"auto","background-attachment":"scroll","background-type":"","background-media":"","overlay-type":"","overlay-color":"","overlay-opacity":"","overlay-gradient":""},"mobile":{"background-color":"","background-image":"","background-repeat":"repeat","background-position":"center center","background-size":"auto","background-attachment":"scroll","background-type":"","background-media":"","overlay-type":"","overlay-color":"","overlay-opacity":"","overlay-gradient":""}},"ast-content-background-meta":{"desktop":{"background-color":"var(--ast-global-color-5)","background-image":"","background-repeat":"repeat","background-position":"center center","background-size":"auto","background-attachment":"scroll","background-type":"","background-media":"","overlay-type":"","overlay-color":"","overlay-opacity":"","overlay-gradient":""},"tablet":{"background-color":"var(--ast-global-color-5)","background-image":"","background-repeat":"repeat","background-position":"center center","background-size":"auto","background-attachment":"scroll","background-type":"","background-media":"","overlay-type":"","overlay-color":"","overlay-opacity":"","overlay-gradient":""},"mobile":{"background-color":"var(--ast-global-color-5)","background-image":"","background-repeat":"repeat","background-position":"center center","background-size":"auto","background-attachment":"scroll","background-type":"","background-media":"","overlay-type":"","overlay-color":"","overlay-opacity":"","overlay-gradient":""}},"footnotes":""},"categories":[12,13,60,1,4,5,163],"tags":[],"class_list":["post-4303","post","type-post","status-publish","format-standard","has-post-thumbnail","hentry","category-3r","category-4t","category-cicle-mitja","category-general","category-portada","category-primaria","category-projectes-de-llengua"],"post_mailing_queue_ids":[],"_links":{"self":[{"href":"https:\/\/agora.xtec.cat\/esc-casserres\/wp-json\/wp\/v2\/posts\/4303","targetHints":{"allow":["GET"]}}],"collection":[{"href":"https:\/\/agora.xtec.cat\/esc-casserres\/wp-json\/wp\/v2\/posts"}],"about":[{"href":"https:\/\/agora.xtec.cat\/esc-casserres\/wp-json\/wp\/v2\/types\/post"}],"author":[{"embeddable":true,"href":"https:\/\/agora.xtec.cat\/esc-casserres\/wp-json\/wp\/v2\/users\/29"}],"replies":[{"embeddable":true,"href":"https:\/\/agora.xtec.cat\/esc-casserres\/wp-json\/wp\/v2\/comments?post=4303"}],"version-history":[{"count":2,"href":"https:\/\/agora.xtec.cat\/esc-casserres\/wp-json\/wp\/v2\/posts\/4303\/revisions"}],"predecessor-version":[{"id":4313,"href":"https:\/\/agora.xtec.cat\/esc-casserres\/wp-json\/wp\/v2\/posts\/4303\/revisions\/4313"}],"wp:featuredmedia":[{"embeddable":true,"href":"https:\/\/agora.xtec.cat\/esc-casserres\/wp-json\/wp\/v2\/media\/4305"}],"wp:attachment":[{"href":"https:\/\/agora.xtec.cat\/esc-casserres\/wp-json\/wp\/v2\/media?parent=4303"}],"wp:term":[{"taxonomy":"category","embeddable":true,"href":"https:\/\/agora.xtec.cat\/esc-casserres\/wp-json\/wp\/v2\/categories?post=4303"},{"taxonomy":"post_tag","embeddable":true,"href":"https:\/\/agora.xtec.cat\/esc-casserres\/wp-json\/wp\/v2\/tags?post=4303"}],"curies":[{"name":"wp","href":"https:\/\/api.w.org\/{rel}","templated":true}]}}