{"id":4298,"date":"2023-06-06T13:17:39","date_gmt":"2023-06-06T11:17:39","guid":{"rendered":"https:\/\/agora.xtec.cat\/esc-casserres\/?p=4298"},"modified":"2023-06-07T10:10:49","modified_gmt":"2023-06-07T08:10:49","slug":"ii-premi-narrativa-bergueda-omnium-cultural","status":"publish","type":"post","link":"https:\/\/agora.xtec.cat\/esc-casserres\/general\/ii-premi-narrativa-bergueda-omnium-cultural\/","title":{"rendered":"II PREMI NARRATIVA BERGUED\u00c0 (\u00d2MNIUM CULTURAL)"},"content":{"rendered":"<p>Divendres 2 de juny, l&#8217;Helena C de Prim3 i el Pau R de Prim4, van assistir a l&#8217;acte de recollida de premis d&#8217;\u00d2mnium Bergued\u00e0, al pavell\u00f3 de Su\u00e8cia de Berga. <strong>Els hem de felicitar, donat que els seus textos van resultar guanyadors en les seves categories.<\/strong><\/p>\n<p>Aquest \u00e9s el segon any que es celebra aquest premi de narrativa catalana, organitzada per <strong>\u00d2mnium<\/strong> <strong>Bergued\u00e0<\/strong>. Per segon any consecutiu, la nostra escola hi va tenir pres\u00e8ncia.\u00a0Vam poder gaudir tamb\u00e9 de l&#8217;actuaci\u00f3 musical dels &#8220;Entrompats&#8221;.\u00a0Orgullosos com a escola de tenir alumnes com ells!<\/p>\n<p>Cliqueu la imatge per veure&#8217;n les fotos.<\/p>\n<p style=\"text-align: center;\"><a href=\"https:\/\/photos.app.goo.gl\/TbVF66qyuDmMRm4H9\"><img loading=\"lazy\" decoding=\"async\" class=\"alignnone wp-image-4299\" src=\"https:\/\/agora.xtec.cat\/esc-casserres\/wp-content\/uploads\/usu1738\/2023\/06\/Cartell-Omnium-22-23-820x1024.jpg\" alt=\"\" width=\"341\" height=\"426\" srcset=\"https:\/\/agora.xtec.cat\/esc-casserres\/wp-content\/uploads\/usu1738\/2023\/06\/Cartell-Omnium-22-23-820x1024.jpg 820w, https:\/\/agora.xtec.cat\/esc-casserres\/wp-content\/uploads\/usu1738\/2023\/06\/Cartell-Omnium-22-23-240x300.jpg 240w, https:\/\/agora.xtec.cat\/esc-casserres\/wp-content\/uploads\/usu1738\/2023\/06\/Cartell-Omnium-22-23-768x959.jpg 768w, https:\/\/agora.xtec.cat\/esc-casserres\/wp-content\/uploads\/usu1738\/2023\/06\/Cartell-Omnium-22-23.jpg 1064w\" sizes=\"auto, (max-width: 341px) 100vw, 341px\" \/><\/a><\/p>\n","protected":false},"excerpt":{"rendered":"<p>Divendres 2 de juny, l&#8217;Helena C de Prim3 i el Pau R de Prim4, van assistir a l&#8217;acte de recollida de premis d&#8217;\u00d2mnium Bergued\u00e0, al pavell\u00f3 de Su\u00e8cia de Berga. Els hem de felicitar, donat que els seus textos van resultar guanyadors en les seves categories. Aquest \u00e9s el segon any que es celebra aquest [&hellip;]<\/p>\n","protected":false},"author":29,"featured_media":4301,"comment_status":"closed","ping_status":"closed","sticky":false,"template":"","format":"standard","meta":{"_bbp_topic_count":0,"_bbp_reply_count":0,"_bbp_total_topic_count":0,"_bbp_total_reply_count":0,"_bbp_voice_count":0,"_bbp_anonymous_reply_count":0,"_bbp_topic_count_hidden":0,"_bbp_reply_count_hidden":0,"_bbp_forum_subforum_count":0,"site-sidebar-layout":"default","site-content-layout":"","ast-site-content-layout":"","site-content-style":"default","site-sidebar-style":"default","ast-global-header-display":"","ast-banner-title-visibility":"","ast-main-header-display":"","ast-hfb-above-header-display":"","ast-hfb-below-header-display":"","ast-hfb-mobile-header-display":"","site-post-title":"","ast-breadcrumbs-content":"","ast-featured-img":"","footer-sml-layout":"","theme-transparent-header-meta":"","adv-header-id-meta":"","stick-header-meta":"","header-above-stick-meta":"","header-main-stick-meta":"","header-below-stick-meta":"","astra-migrate-meta-layouts":"default","ast-page-background-enabled":"default","ast-page-background-meta":{"desktop":{"background-color":"var(--ast-global-color-4)","background-image":"","background-repeat":"repeat","background-position":"center center","background-size":"auto","background-attachment":"scroll","background-type":"","background-media":"","overlay-type":"","overlay-color":"","overlay-opacity":"","overlay-gradient":""},"tablet":{"background-color":"","background-image":"","background-repeat":"repeat","background-position":"center center","background-size":"auto","background-attachment":"scroll","background-type":"","background-media":"","overlay-type":"","overlay-color":"","overlay-opacity":"","overlay-gradient":""},"mobile":{"background-color":"","background-image":"","background-repeat":"repeat","background-position":"center center","background-size":"auto","background-attachment":"scroll","background-type":"","background-media":"","overlay-type":"","overlay-color":"","overlay-opacity":"","overlay-gradient":""}},"ast-content-background-meta":{"desktop":{"background-color":"var(--ast-global-color-5)","background-image":"","background-repeat":"repeat","background-position":"center center","background-size":"auto","background-attachment":"scroll","background-type":"","background-media":"","overlay-type":"","overlay-color":"","overlay-opacity":"","overlay-gradient":""},"tablet":{"background-color":"var(--ast-global-color-5)","background-image":"","background-repeat":"repeat","background-position":"center center","background-size":"auto","background-attachment":"scroll","background-type":"","background-media":"","overlay-type":"","overlay-color":"","overlay-opacity":"","overlay-gradient":""},"mobile":{"background-color":"var(--ast-global-color-5)","background-image":"","background-repeat":"repeat","background-position":"center center","background-size":"auto","background-attachment":"scroll","background-type":"","background-media":"","overlay-type":"","overlay-color":"","overlay-opacity":"","overlay-gradient":""}},"footnotes":""},"categories":[12,13,60,1,4,5,163],"tags":[],"class_list":["post-4298","post","type-post","status-publish","format-standard","has-post-thumbnail","hentry","category-3r","category-4t","category-cicle-mitja","category-general","category-portada","category-primaria","category-projectes-de-llengua"],"post_mailing_queue_ids":[],"_links":{"self":[{"href":"https:\/\/agora.xtec.cat\/esc-casserres\/wp-json\/wp\/v2\/posts\/4298","targetHints":{"allow":["GET"]}}],"collection":[{"href":"https:\/\/agora.xtec.cat\/esc-casserres\/wp-json\/wp\/v2\/posts"}],"about":[{"href":"https:\/\/agora.xtec.cat\/esc-casserres\/wp-json\/wp\/v2\/types\/post"}],"author":[{"embeddable":true,"href":"https:\/\/agora.xtec.cat\/esc-casserres\/wp-json\/wp\/v2\/users\/29"}],"replies":[{"embeddable":true,"href":"https:\/\/agora.xtec.cat\/esc-casserres\/wp-json\/wp\/v2\/comments?post=4298"}],"version-history":[{"count":3,"href":"https:\/\/agora.xtec.cat\/esc-casserres\/wp-json\/wp\/v2\/posts\/4298\/revisions"}],"predecessor-version":[{"id":4315,"href":"https:\/\/agora.xtec.cat\/esc-casserres\/wp-json\/wp\/v2\/posts\/4298\/revisions\/4315"}],"wp:featuredmedia":[{"embeddable":true,"href":"https:\/\/agora.xtec.cat\/esc-casserres\/wp-json\/wp\/v2\/media\/4301"}],"wp:attachment":[{"href":"https:\/\/agora.xtec.cat\/esc-casserres\/wp-json\/wp\/v2\/media?parent=4298"}],"wp:term":[{"taxonomy":"category","embeddable":true,"href":"https:\/\/agora.xtec.cat\/esc-casserres\/wp-json\/wp\/v2\/categories?post=4298"},{"taxonomy":"post_tag","embeddable":true,"href":"https:\/\/agora.xtec.cat\/esc-casserres\/wp-json\/wp\/v2\/tags?post=4298"}],"curies":[{"name":"wp","href":"https:\/\/api.w.org\/{rel}","templated":true}]}}