{"id":4272,"date":"2023-05-25T10:45:45","date_gmt":"2023-05-25T08:45:45","guid":{"rendered":"https:\/\/agora.xtec.cat\/esc-casserres\/?p=4272"},"modified":"2023-05-26T08:46:12","modified_gmt":"2023-05-26T06:46:12","slug":"ii-cursa-sense-fronteres","status":"publish","type":"post","link":"https:\/\/agora.xtec.cat\/esc-casserres\/general\/ii-cursa-sense-fronteres\/","title":{"rendered":"II Cursa Sense Fronteres"},"content":{"rendered":"<p>Ja tenim la <strong>II Cursa Sense fronteres<\/strong> aqu\u00ed!! Ser\u00e0 el proper divendres dia 2 de juny a les 15h pels voltants de l&#8217;escola. Ja fa molts dies que els i les alumnes de Cicle Mitj\u00e0 estem preparant l&#8217;esdeveniment amb moltes ganes. Hem parlat amb entitats, comer\u00e7os, negocis i fam\u00edlies perqu\u00e8 tothom col\u00b7labori. Ser\u00e0 un \u00e8xit!! Aquest any recollirem donacions per l&#8217;organitzaci\u00f3 <a href=\"https:\/\/pallapupas.org\/ca\/\"><strong>Pallapupas<\/strong><\/a> que es dediquen a anar a visitar hospitals i centres de salut per fer passar bones estones a les persones que estan en un proc\u00e9s de malaltia o de tractament m\u00e8dic.<\/p>\n<p>Consulteu el cartell per veure la quantitat de col\u00b7laboracions que hem tingut! Nom\u00e9s hi faltes tu!! Vine i col\u00b7labora!!<\/p>\n<div><a href=\"https:\/\/agora.xtec.cat\/esc-casserres\/wp-content\/uploads\/usu1738\/2023\/05\/II-Cursa-Sense-fronteres-2.png\"><img loading=\"lazy\" decoding=\"async\" class=\"alignnone  wp-image-4278\" src=\"https:\/\/agora.xtec.cat\/esc-casserres\/wp-content\/uploads\/usu1738\/2023\/05\/II-Cursa-Sense-fronteres-2-724x1024.png\" alt=\"\" width=\"399\" height=\"565\" srcset=\"https:\/\/agora.xtec.cat\/esc-casserres\/wp-content\/uploads\/usu1738\/2023\/05\/II-Cursa-Sense-fronteres-2-724x1024.png 724w, https:\/\/agora.xtec.cat\/esc-casserres\/wp-content\/uploads\/usu1738\/2023\/05\/II-Cursa-Sense-fronteres-2-212x300.png 212w, https:\/\/agora.xtec.cat\/esc-casserres\/wp-content\/uploads\/usu1738\/2023\/05\/II-Cursa-Sense-fronteres-2-768x1086.png 768w, https:\/\/agora.xtec.cat\/esc-casserres\/wp-content\/uploads\/usu1738\/2023\/05\/II-Cursa-Sense-fronteres-2-1086x1536.png 1086w, https:\/\/agora.xtec.cat\/esc-casserres\/wp-content\/uploads\/usu1738\/2023\/05\/II-Cursa-Sense-fronteres-2-1448x2048.png 1448w, https:\/\/agora.xtec.cat\/esc-casserres\/wp-content\/uploads\/usu1738\/2023\/05\/II-Cursa-Sense-fronteres-2.png 1587w\" sizes=\"auto, (max-width: 399px) 100vw, 399px\" \/><\/a><\/div>\n<p>&nbsp;<\/p>\n","protected":false},"excerpt":{"rendered":"<p>Ja tenim la II Cursa Sense fronteres aqu\u00ed!! Ser\u00e0 el proper divendres dia 2 de juny a les 15h pels voltants de l&#8217;escola. Ja fa molts dies que els i les alumnes de Cicle Mitj\u00e0 estem preparant l&#8217;esdeveniment amb moltes ganes. Hem parlat amb entitats, comer\u00e7os, negocis i fam\u00edlies perqu\u00e8 tothom col\u00b7labori. Ser\u00e0 un \u00e8xit!! [&hellip;]<\/p>\n","protected":false},"author":19,"featured_media":4278,"comment_status":"closed","ping_status":"closed","sticky":false,"template":"","format":"standard","meta":{"_bbp_topic_count":0,"_bbp_reply_count":0,"_bbp_total_topic_count":0,"_bbp_total_reply_count":0,"_bbp_voice_count":0,"_bbp_anonymous_reply_count":0,"_bbp_topic_count_hidden":0,"_bbp_reply_count_hidden":0,"_bbp_forum_subforum_count":0,"site-sidebar-layout":"default","site-content-layout":"","ast-site-content-layout":"","site-content-style":"default","site-sidebar-style":"default","ast-global-header-display":"","ast-banner-title-visibility":"","ast-main-header-display":"","ast-hfb-above-header-display":"","ast-hfb-below-header-display":"","ast-hfb-mobile-header-display":"","site-post-title":"","ast-breadcrumbs-content":"","ast-featured-img":"","footer-sml-layout":"","theme-transparent-header-meta":"","adv-header-id-meta":"","stick-header-meta":"","header-above-stick-meta":"","header-main-stick-meta":"","header-below-stick-meta":"","astra-migrate-meta-layouts":"default","ast-page-background-enabled":"default","ast-page-background-meta":{"desktop":{"background-color":"var(--ast-global-color-4)","background-image":"","background-repeat":"repeat","background-position":"center center","background-size":"auto","background-attachment":"scroll","background-type":"","background-media":"","overlay-type":"","overlay-color":"","overlay-opacity":"","overlay-gradient":""},"tablet":{"background-color":"","background-image":"","background-repeat":"repeat","background-position":"center center","background-size":"auto","background-attachment":"scroll","background-type":"","background-media":"","overlay-type":"","overlay-color":"","overlay-opacity":"","overlay-gradient":""},"mobile":{"background-color":"","background-image":"","background-repeat":"repeat","background-position":"center center","background-size":"auto","background-attachment":"scroll","background-type":"","background-media":"","overlay-type":"","overlay-color":"","overlay-opacity":"","overlay-gradient":""}},"ast-content-background-meta":{"desktop":{"background-color":"var(--ast-global-color-5)","background-image":"","background-repeat":"repeat","background-position":"center center","background-size":"auto","background-attachment":"scroll","background-type":"","background-media":"","overlay-type":"","overlay-color":"","overlay-opacity":"","overlay-gradient":""},"tablet":{"background-color":"var(--ast-global-color-5)","background-image":"","background-repeat":"repeat","background-position":"center center","background-size":"auto","background-attachment":"scroll","background-type":"","background-media":"","overlay-type":"","overlay-color":"","overlay-opacity":"","overlay-gradient":""},"mobile":{"background-color":"var(--ast-global-color-5)","background-image":"","background-repeat":"repeat","background-position":"center center","background-size":"auto","background-attachment":"scroll","background-type":"","background-media":"","overlay-type":"","overlay-color":"","overlay-opacity":"","overlay-gradient":""}},"footnotes":""},"categories":[12,13,60,1,4,5],"tags":[81,86,237,228,229,168,249,79,139],"class_list":["post-4272","post","type-post","status-publish","format-standard","has-post-thumbnail","hentry","category-3r","category-4t","category-cicle-mitja","category-general","category-portada","category-primaria","tag-activitats","tag-cicle-mitja","tag-curs-22-23","tag-cursa","tag-cursa-solidaria","tag-educacio-fisica","tag-pallapupas","tag-pla-catala-de-lesport","tag-projectes"],"post_mailing_queue_ids":[],"_links":{"self":[{"href":"https:\/\/agora.xtec.cat\/esc-casserres\/wp-json\/wp\/v2\/posts\/4272","targetHints":{"allow":["GET"]}}],"collection":[{"href":"https:\/\/agora.xtec.cat\/esc-casserres\/wp-json\/wp\/v2\/posts"}],"about":[{"href":"https:\/\/agora.xtec.cat\/esc-casserres\/wp-json\/wp\/v2\/types\/post"}],"author":[{"embeddable":true,"href":"https:\/\/agora.xtec.cat\/esc-casserres\/wp-json\/wp\/v2\/users\/19"}],"replies":[{"embeddable":true,"href":"https:\/\/agora.xtec.cat\/esc-casserres\/wp-json\/wp\/v2\/comments?post=4272"}],"version-history":[{"count":3,"href":"https:\/\/agora.xtec.cat\/esc-casserres\/wp-json\/wp\/v2\/posts\/4272\/revisions"}],"predecessor-version":[{"id":4279,"href":"https:\/\/agora.xtec.cat\/esc-casserres\/wp-json\/wp\/v2\/posts\/4272\/revisions\/4279"}],"wp:featuredmedia":[{"embeddable":true,"href":"https:\/\/agora.xtec.cat\/esc-casserres\/wp-json\/wp\/v2\/media\/4278"}],"wp:attachment":[{"href":"https:\/\/agora.xtec.cat\/esc-casserres\/wp-json\/wp\/v2\/media?parent=4272"}],"wp:term":[{"taxonomy":"category","embeddable":true,"href":"https:\/\/agora.xtec.cat\/esc-casserres\/wp-json\/wp\/v2\/categories?post=4272"},{"taxonomy":"post_tag","embeddable":true,"href":"https:\/\/agora.xtec.cat\/esc-casserres\/wp-json\/wp\/v2\/tags?post=4272"}],"curies":[{"name":"wp","href":"https:\/\/api.w.org\/{rel}","templated":true}]}}