{"id":4237,"date":"2023-05-11T10:26:15","date_gmt":"2023-05-11T08:26:15","guid":{"rendered":"https:\/\/agora.xtec.cat\/esc-casserres\/?p=4237"},"modified":"2023-05-29T21:17:05","modified_gmt":"2023-05-29T19:17:05","slug":"jorge-del-corral-a-cicle-inicial-i-educacio-infantil","status":"publish","type":"post","link":"https:\/\/agora.xtec.cat\/esc-casserres\/infantil\/jorge-del-corral-a-cicle-inicial-i-educacio-infantil\/","title":{"rendered":"Jorge del Corral a Cicle Inicial i Educaci\u00f3 Infantil"},"content":{"rendered":"<p>La setmana passada vam tenir una visita molt especial. Vam tenir el plaer de con\u00e8ixer l&#8217;il\u00b7lustrador <a href=\"https:\/\/jdelco.blogspot.com\/\"><strong>Jorge del Corral<\/strong>!<\/a> Ens va explicar una mica la seva traject\u00f2ria i ens va donar uns quants trucs per aprendre a dibuixar llops i altres personatges. A m\u00e9s a m\u00e9s, vam gaudir en directe del seu art, ja que ens va il\u00b7lustrar una paret de l&#8217;escola! Quina sort!<\/p>\n<p>Ho voleu veure? <sub>feu clic damunt la foto per accedir a l&#8217;\u00e0lbum:<\/sub><\/p>\n<p><a href=\"https:\/\/photos.app.goo.gl\/QkAkZ5yV89koBq138\"><img loading=\"lazy\" decoding=\"async\" class=\"alignnone wp-image-4243\" src=\"https:\/\/agora.xtec.cat\/esc-casserres\/wp-content\/uploads\/usu1738\/2023\/05\/1683190685290-1024x977.jpg\" alt=\"\" width=\"328\" height=\"313\" srcset=\"https:\/\/agora.xtec.cat\/esc-casserres\/wp-content\/uploads\/usu1738\/2023\/05\/1683190685290-1024x977.jpg 1024w, https:\/\/agora.xtec.cat\/esc-casserres\/wp-content\/uploads\/usu1738\/2023\/05\/1683190685290-300x286.jpg 300w, https:\/\/agora.xtec.cat\/esc-casserres\/wp-content\/uploads\/usu1738\/2023\/05\/1683190685290-768x732.jpg 768w, https:\/\/agora.xtec.cat\/esc-casserres\/wp-content\/uploads\/usu1738\/2023\/05\/1683190685290-1536x1465.jpg 1536w, https:\/\/agora.xtec.cat\/esc-casserres\/wp-content\/uploads\/usu1738\/2023\/05\/1683190685290-2048x1953.jpg 2048w\" sizes=\"auto, (max-width: 328px) 100vw, 328px\" \/><\/a><\/p>\n","protected":false},"excerpt":{"rendered":"<p>La setmana passada vam tenir una visita molt especial. Vam tenir el plaer de con\u00e8ixer l&#8217;il\u00b7lustrador Jorge del Corral! Ens va explicar una mica la seva traject\u00f2ria i ens va donar uns quants trucs per aprendre a dibuixar llops i altres personatges. A m\u00e9s a m\u00e9s, vam gaudir en directe del seu art, ja que [&hellip;]<\/p>\n","protected":false},"author":6,"featured_media":4243,"comment_status":"closed","ping_status":"closed","sticky":false,"template":"","format":"standard","meta":{"_bbp_topic_count":0,"_bbp_reply_count":0,"_bbp_total_topic_count":0,"_bbp_total_reply_count":0,"_bbp_voice_count":0,"_bbp_anonymous_reply_count":0,"_bbp_topic_count_hidden":0,"_bbp_reply_count_hidden":0,"_bbp_forum_subforum_count":0,"site-sidebar-layout":"default","site-content-layout":"","ast-site-content-layout":"","site-content-style":"default","site-sidebar-style":"default","ast-global-header-display":"","ast-banner-title-visibility":"","ast-main-header-display":"","ast-hfb-above-header-display":"","ast-hfb-below-header-display":"","ast-hfb-mobile-header-display":"","site-post-title":"","ast-breadcrumbs-content":"","ast-featured-img":"","footer-sml-layout":"","theme-transparent-header-meta":"","adv-header-id-meta":"","stick-header-meta":"","header-above-stick-meta":"","header-main-stick-meta":"","header-below-stick-meta":"","astra-migrate-meta-layouts":"default","ast-page-background-enabled":"default","ast-page-background-meta":{"desktop":{"background-color":"var(--ast-global-color-4)","background-image":"","background-repeat":"repeat","background-position":"center center","background-size":"auto","background-attachment":"scroll","background-type":"","background-media":"","overlay-type":"","overlay-color":"","overlay-opacity":"","overlay-gradient":""},"tablet":{"background-color":"","background-image":"","background-repeat":"repeat","background-position":"center center","background-size":"auto","background-attachment":"scroll","background-type":"","background-media":"","overlay-type":"","overlay-color":"","overlay-opacity":"","overlay-gradient":""},"mobile":{"background-color":"","background-image":"","background-repeat":"repeat","background-position":"center center","background-size":"auto","background-attachment":"scroll","background-type":"","background-media":"","overlay-type":"","overlay-color":"","overlay-opacity":"","overlay-gradient":""}},"ast-content-background-meta":{"desktop":{"background-color":"var(--ast-global-color-5)","background-image":"","background-repeat":"repeat","background-position":"center center","background-size":"auto","background-attachment":"scroll","background-type":"","background-media":"","overlay-type":"","overlay-color":"","overlay-opacity":"","overlay-gradient":""},"tablet":{"background-color":"var(--ast-global-color-5)","background-image":"","background-repeat":"repeat","background-position":"center center","background-size":"auto","background-attachment":"scroll","background-type":"","background-media":"","overlay-type":"","overlay-color":"","overlay-opacity":"","overlay-gradient":""},"mobile":{"background-color":"var(--ast-global-color-5)","background-image":"","background-repeat":"repeat","background-position":"center center","background-size":"auto","background-attachment":"scroll","background-type":"","background-media":"","overlay-type":"","overlay-color":"","overlay-opacity":"","overlay-gradient":""}},"footnotes":""},"categories":[10,11,59,3,8,9,2,4,5],"tags":[88,83,71],"class_list":["post-4237","post","type-post","status-publish","format-standard","has-post-thumbnail","hentry","category-1r","category-2n","category-cicle-inicial","category-i3","category-i4","category-i5","category-infantil","category-portada","category-primaria","tag-autora","tag-cicle-inicial","tag-educacio-infantil"],"post_mailing_queue_ids":[],"_links":{"self":[{"href":"https:\/\/agora.xtec.cat\/esc-casserres\/wp-json\/wp\/v2\/posts\/4237","targetHints":{"allow":["GET"]}}],"collection":[{"href":"https:\/\/agora.xtec.cat\/esc-casserres\/wp-json\/wp\/v2\/posts"}],"about":[{"href":"https:\/\/agora.xtec.cat\/esc-casserres\/wp-json\/wp\/v2\/types\/post"}],"author":[{"embeddable":true,"href":"https:\/\/agora.xtec.cat\/esc-casserres\/wp-json\/wp\/v2\/users\/6"}],"replies":[{"embeddable":true,"href":"https:\/\/agora.xtec.cat\/esc-casserres\/wp-json\/wp\/v2\/comments?post=4237"}],"version-history":[{"count":2,"href":"https:\/\/agora.xtec.cat\/esc-casserres\/wp-json\/wp\/v2\/posts\/4237\/revisions"}],"predecessor-version":[{"id":4295,"href":"https:\/\/agora.xtec.cat\/esc-casserres\/wp-json\/wp\/v2\/posts\/4237\/revisions\/4295"}],"wp:featuredmedia":[{"embeddable":true,"href":"https:\/\/agora.xtec.cat\/esc-casserres\/wp-json\/wp\/v2\/media\/4243"}],"wp:attachment":[{"href":"https:\/\/agora.xtec.cat\/esc-casserres\/wp-json\/wp\/v2\/media?parent=4237"}],"wp:term":[{"taxonomy":"category","embeddable":true,"href":"https:\/\/agora.xtec.cat\/esc-casserres\/wp-json\/wp\/v2\/categories?post=4237"},{"taxonomy":"post_tag","embeddable":true,"href":"https:\/\/agora.xtec.cat\/esc-casserres\/wp-json\/wp\/v2\/tags?post=4237"}],"curies":[{"name":"wp","href":"https:\/\/api.w.org\/{rel}","templated":true}]}}