{"id":4220,"date":"2023-04-28T09:32:30","date_gmt":"2023-04-28T07:32:30","guid":{"rendered":"https:\/\/agora.xtec.cat\/esc-casserres\/?p=4220"},"modified":"2023-04-28T09:32:30","modified_gmt":"2023-04-28T07:32:30","slug":"dia-mundial-de-leducacio-fisica-al-carrer","status":"publish","type":"post","link":"https:\/\/agora.xtec.cat\/esc-casserres\/general\/dia-mundial-de-leducacio-fisica-al-carrer\/","title":{"rendered":"Dia Mundial de l&#8217;Educaci\u00f3 F\u00edsica al carrer"},"content":{"rendered":"<p>El dia 26 d&#8217;abril \u00e9s el Dia Mundial de l&#8217;Educaci\u00f3 F\u00edsica al carrer i des de l&#8217;Escola ens hem adherit a la campanya. Amb els i les alumnes de Cicle Mitj\u00e0 hem anat a fer la classe d&#8217;Educaci\u00f3 f\u00edsica als carrers i places de Casserres. Aquesta iniciativa \u00e9s una jornada festiva i de conviv\u00e8ncia per mitj\u00e0 de la qual volem fer <b>visible el valor l\u2019Educaci\u00f3 F\u00edsica.<\/b> Es tracta de que l\u2019alumnat i professorat de les diferents escoles i instituts de la nostra zona surtin a les places, parcs i carrers per acostar-la a la gent i mostrar al conjunt de la societat tot all\u00f2 que \u00e9s i representa. Podeu trobar m\u00e9s informaci\u00f3 si cliqueu en aquest enlla\u00e7: <a href=\"https:\/\/www.defc.cat\/\">https:\/\/www.defc.cat\/<\/a><\/p>\n<p>Clicant a sobre la foto podreu veure les imatges de la jornada.<\/p>\n<p>Visca l&#8217;Educaci\u00f3 f\u00edsica!<\/p>\n<p><a href=\"https:\/\/photos.app.goo.gl\/oeEj61QSn1yqeb6g9\"><img loading=\"lazy\" decoding=\"async\" class=\"alignnone wp-image-4221\" src=\"https:\/\/agora.xtec.cat\/esc-casserres\/wp-content\/uploads\/usu1738\/2023\/04\/IMG_20230426_100602-1024x768.jpg\" alt=\"\" width=\"285\" height=\"214\" srcset=\"https:\/\/agora.xtec.cat\/esc-casserres\/wp-content\/uploads\/usu1738\/2023\/04\/IMG_20230426_100602-1024x768.jpg 1024w, https:\/\/agora.xtec.cat\/esc-casserres\/wp-content\/uploads\/usu1738\/2023\/04\/IMG_20230426_100602-300x225.jpg 300w, https:\/\/agora.xtec.cat\/esc-casserres\/wp-content\/uploads\/usu1738\/2023\/04\/IMG_20230426_100602-768x576.jpg 768w, https:\/\/agora.xtec.cat\/esc-casserres\/wp-content\/uploads\/usu1738\/2023\/04\/IMG_20230426_100602-1536x1152.jpg 1536w, https:\/\/agora.xtec.cat\/esc-casserres\/wp-content\/uploads\/usu1738\/2023\/04\/IMG_20230426_100602-2048x1536.jpg 2048w, https:\/\/agora.xtec.cat\/esc-casserres\/wp-content\/uploads\/usu1738\/2023\/04\/IMG_20230426_100602-200x150.jpg 200w\" sizes=\"auto, (max-width: 285px) 100vw, 285px\" \/><\/a><\/p>\n","protected":false},"excerpt":{"rendered":"<p>El dia 26 d&#8217;abril \u00e9s el Dia Mundial de l&#8217;Educaci\u00f3 F\u00edsica al carrer i des de l&#8217;Escola ens hem adherit a la campanya. Amb els i les alumnes de Cicle Mitj\u00e0 hem anat a fer la classe d&#8217;Educaci\u00f3 f\u00edsica als carrers i places de Casserres. Aquesta iniciativa \u00e9s una jornada festiva i de conviv\u00e8ncia per [&hellip;]<\/p>\n","protected":false},"author":19,"featured_media":4221,"comment_status":"closed","ping_status":"closed","sticky":false,"template":"","format":"standard","meta":{"_bbp_topic_count":0,"_bbp_reply_count":0,"_bbp_total_topic_count":0,"_bbp_total_reply_count":0,"_bbp_voice_count":0,"_bbp_anonymous_reply_count":0,"_bbp_topic_count_hidden":0,"_bbp_reply_count_hidden":0,"_bbp_forum_subforum_count":0,"site-sidebar-layout":"default","site-content-layout":"","ast-site-content-layout":"","site-content-style":"default","site-sidebar-style":"default","ast-global-header-display":"","ast-banner-title-visibility":"","ast-main-header-display":"","ast-hfb-above-header-display":"","ast-hfb-below-header-display":"","ast-hfb-mobile-header-display":"","site-post-title":"","ast-breadcrumbs-content":"","ast-featured-img":"","footer-sml-layout":"","theme-transparent-header-meta":"","adv-header-id-meta":"","stick-header-meta":"","header-above-stick-meta":"","header-main-stick-meta":"","header-below-stick-meta":"","astra-migrate-meta-layouts":"default","ast-page-background-enabled":"default","ast-page-background-meta":{"desktop":{"background-color":"var(--ast-global-color-4)","background-image":"","background-repeat":"repeat","background-position":"center center","background-size":"auto","background-attachment":"scroll","background-type":"","background-media":"","overlay-type":"","overlay-color":"","overlay-opacity":"","overlay-gradient":""},"tablet":{"background-color":"","background-image":"","background-repeat":"repeat","background-position":"center center","background-size":"auto","background-attachment":"scroll","background-type":"","background-media":"","overlay-type":"","overlay-color":"","overlay-opacity":"","overlay-gradient":""},"mobile":{"background-color":"","background-image":"","background-repeat":"repeat","background-position":"center center","background-size":"auto","background-attachment":"scroll","background-type":"","background-media":"","overlay-type":"","overlay-color":"","overlay-opacity":"","overlay-gradient":""}},"ast-content-background-meta":{"desktop":{"background-color":"var(--ast-global-color-5)","background-image":"","background-repeat":"repeat","background-position":"center center","background-size":"auto","background-attachment":"scroll","background-type":"","background-media":"","overlay-type":"","overlay-color":"","overlay-opacity":"","overlay-gradient":""},"tablet":{"background-color":"var(--ast-global-color-5)","background-image":"","background-repeat":"repeat","background-position":"center center","background-size":"auto","background-attachment":"scroll","background-type":"","background-media":"","overlay-type":"","overlay-color":"","overlay-opacity":"","overlay-gradient":""},"mobile":{"background-color":"var(--ast-global-color-5)","background-image":"","background-repeat":"repeat","background-position":"center center","background-size":"auto","background-attachment":"scroll","background-type":"","background-media":"","overlay-type":"","overlay-color":"","overlay-opacity":"","overlay-gradient":""}},"footnotes":""},"categories":[12,13,60,62,1,4,5],"tags":[81,86,237,246,168],"class_list":["post-4220","post","type-post","status-publish","format-standard","has-post-thumbnail","hentry","category-3r","category-4t","category-cicle-mitja","category-ed-fisica","category-general","category-portada","category-primaria","tag-activitats","tag-cicle-mitja","tag-curs-22-23","tag-defc","tag-educacio-fisica"],"post_mailing_queue_ids":[],"_links":{"self":[{"href":"https:\/\/agora.xtec.cat\/esc-casserres\/wp-json\/wp\/v2\/posts\/4220","targetHints":{"allow":["GET"]}}],"collection":[{"href":"https:\/\/agora.xtec.cat\/esc-casserres\/wp-json\/wp\/v2\/posts"}],"about":[{"href":"https:\/\/agora.xtec.cat\/esc-casserres\/wp-json\/wp\/v2\/types\/post"}],"author":[{"embeddable":true,"href":"https:\/\/agora.xtec.cat\/esc-casserres\/wp-json\/wp\/v2\/users\/19"}],"replies":[{"embeddable":true,"href":"https:\/\/agora.xtec.cat\/esc-casserres\/wp-json\/wp\/v2\/comments?post=4220"}],"version-history":[{"count":3,"href":"https:\/\/agora.xtec.cat\/esc-casserres\/wp-json\/wp\/v2\/posts\/4220\/revisions"}],"predecessor-version":[{"id":4225,"href":"https:\/\/agora.xtec.cat\/esc-casserres\/wp-json\/wp\/v2\/posts\/4220\/revisions\/4225"}],"wp:featuredmedia":[{"embeddable":true,"href":"https:\/\/agora.xtec.cat\/esc-casserres\/wp-json\/wp\/v2\/media\/4221"}],"wp:attachment":[{"href":"https:\/\/agora.xtec.cat\/esc-casserres\/wp-json\/wp\/v2\/media?parent=4220"}],"wp:term":[{"taxonomy":"category","embeddable":true,"href":"https:\/\/agora.xtec.cat\/esc-casserres\/wp-json\/wp\/v2\/categories?post=4220"},{"taxonomy":"post_tag","embeddable":true,"href":"https:\/\/agora.xtec.cat\/esc-casserres\/wp-json\/wp\/v2\/tags?post=4220"}],"curies":[{"name":"wp","href":"https:\/\/api.w.org\/{rel}","templated":true}]}}