{"id":4195,"date":"2023-04-20T13:11:06","date_gmt":"2023-04-20T11:11:06","guid":{"rendered":"https:\/\/agora.xtec.cat\/esc-casserres\/?p=4195"},"modified":"2023-04-20T13:11:06","modified_gmt":"2023-04-20T11:11:06","slug":"sortides-de-primavera","status":"publish","type":"post","link":"https:\/\/agora.xtec.cat\/esc-casserres\/infantil\/sortides-de-primavera\/","title":{"rendered":"Sortides de PRIMAVERA"},"content":{"rendered":"<p><strong>Ja ha arribat la primavera!<\/strong> Aquest mat\u00ed tota la colla d&#8217;Educaci\u00f3 infantil hem aprofitat que feia un dia radiant per sortir a caminar! Tenim un entorn privilegiat i cal aprofitar-lo!<\/p>\n<p><sub>Si feu clic damunt la foto accedireu a l&#8217;\u00e0lbum de SORTIDES DE PRIMAVERA. Aquest \u00e0lbum s&#8217;anir\u00e0 actualitzant al llarg del trimestre, si us hi uniu en rebreu les novetats.<\/sub><\/p>\n<p><a href=\"https:\/\/photos.app.goo.gl\/mT1LSLAyPj8Xn8cNA\"><img loading=\"lazy\" decoding=\"async\" class=\"alignnone  wp-image-4196\" src=\"https:\/\/agora.xtec.cat\/esc-casserres\/wp-content\/uploads\/usu1738\/2023\/04\/IMG_20230420_105152111111111111-1024x608.jpg\" alt=\"\" width=\"412\" height=\"245\" srcset=\"https:\/\/agora.xtec.cat\/esc-casserres\/wp-content\/uploads\/usu1738\/2023\/04\/IMG_20230420_105152111111111111-1024x608.jpg 1024w, https:\/\/agora.xtec.cat\/esc-casserres\/wp-content\/uploads\/usu1738\/2023\/04\/IMG_20230420_105152111111111111-300x178.jpg 300w, https:\/\/agora.xtec.cat\/esc-casserres\/wp-content\/uploads\/usu1738\/2023\/04\/IMG_20230420_105152111111111111-768x456.jpg 768w, https:\/\/agora.xtec.cat\/esc-casserres\/wp-content\/uploads\/usu1738\/2023\/04\/IMG_20230420_105152111111111111-1536x911.jpg 1536w, https:\/\/agora.xtec.cat\/esc-casserres\/wp-content\/uploads\/usu1738\/2023\/04\/IMG_20230420_105152111111111111-2048x1215.jpg 2048w\" sizes=\"auto, (max-width: 412px) 100vw, 412px\" \/><\/a><\/p>\n","protected":false},"excerpt":{"rendered":"<p>Ja ha arribat la primavera! Aquest mat\u00ed tota la colla d&#8217;Educaci\u00f3 infantil hem aprofitat que feia un dia radiant per sortir a caminar! Tenim un entorn privilegiat i cal aprofitar-lo! Si feu clic damunt la foto accedireu a l&#8217;\u00e0lbum de SORTIDES DE PRIMAVERA. Aquest \u00e0lbum s&#8217;anir\u00e0 actualitzant al llarg del trimestre, si us hi uniu [&hellip;]<\/p>\n","protected":false},"author":6,"featured_media":4196,"comment_status":"closed","ping_status":"closed","sticky":false,"template":"","format":"standard","meta":{"_bbp_topic_count":0,"_bbp_reply_count":0,"_bbp_total_topic_count":0,"_bbp_total_reply_count":0,"_bbp_voice_count":0,"_bbp_anonymous_reply_count":0,"_bbp_topic_count_hidden":0,"_bbp_reply_count_hidden":0,"_bbp_forum_subforum_count":0,"site-sidebar-layout":"default","site-content-layout":"","ast-site-content-layout":"","site-content-style":"default","site-sidebar-style":"default","ast-global-header-display":"","ast-banner-title-visibility":"","ast-main-header-display":"","ast-hfb-above-header-display":"","ast-hfb-below-header-display":"","ast-hfb-mobile-header-display":"","site-post-title":"","ast-breadcrumbs-content":"","ast-featured-img":"","footer-sml-layout":"","theme-transparent-header-meta":"","adv-header-id-meta":"","stick-header-meta":"","header-above-stick-meta":"","header-main-stick-meta":"","header-below-stick-meta":"","astra-migrate-meta-layouts":"default","ast-page-background-enabled":"default","ast-page-background-meta":{"desktop":{"background-color":"var(--ast-global-color-4)","background-image":"","background-repeat":"repeat","background-position":"center center","background-size":"auto","background-attachment":"scroll","background-type":"","background-media":"","overlay-type":"","overlay-color":"","overlay-opacity":"","overlay-gradient":""},"tablet":{"background-color":"","background-image":"","background-repeat":"repeat","background-position":"center center","background-size":"auto","background-attachment":"scroll","background-type":"","background-media":"","overlay-type":"","overlay-color":"","overlay-opacity":"","overlay-gradient":""},"mobile":{"background-color":"","background-image":"","background-repeat":"repeat","background-position":"center center","background-size":"auto","background-attachment":"scroll","background-type":"","background-media":"","overlay-type":"","overlay-color":"","overlay-opacity":"","overlay-gradient":""}},"ast-content-background-meta":{"desktop":{"background-color":"var(--ast-global-color-5)","background-image":"","background-repeat":"repeat","background-position":"center center","background-size":"auto","background-attachment":"scroll","background-type":"","background-media":"","overlay-type":"","overlay-color":"","overlay-opacity":"","overlay-gradient":""},"tablet":{"background-color":"var(--ast-global-color-5)","background-image":"","background-repeat":"repeat","background-position":"center center","background-size":"auto","background-attachment":"scroll","background-type":"","background-media":"","overlay-type":"","overlay-color":"","overlay-opacity":"","overlay-gradient":""},"mobile":{"background-color":"var(--ast-global-color-5)","background-image":"","background-repeat":"repeat","background-position":"center center","background-size":"auto","background-attachment":"scroll","background-type":"","background-media":"","overlay-type":"","overlay-color":"","overlay-opacity":"","overlay-gradient":""}},"footnotes":""},"categories":[3,8,9,2,4],"tags":[71,16],"class_list":["post-4195","post","type-post","status-publish","format-standard","has-post-thumbnail","hentry","category-i3","category-i4","category-i5","category-infantil","category-portada","tag-educacio-infantil","tag-sortides"],"post_mailing_queue_ids":[],"_links":{"self":[{"href":"https:\/\/agora.xtec.cat\/esc-casserres\/wp-json\/wp\/v2\/posts\/4195","targetHints":{"allow":["GET"]}}],"collection":[{"href":"https:\/\/agora.xtec.cat\/esc-casserres\/wp-json\/wp\/v2\/posts"}],"about":[{"href":"https:\/\/agora.xtec.cat\/esc-casserres\/wp-json\/wp\/v2\/types\/post"}],"author":[{"embeddable":true,"href":"https:\/\/agora.xtec.cat\/esc-casserres\/wp-json\/wp\/v2\/users\/6"}],"replies":[{"embeddable":true,"href":"https:\/\/agora.xtec.cat\/esc-casserres\/wp-json\/wp\/v2\/comments?post=4195"}],"version-history":[{"count":1,"href":"https:\/\/agora.xtec.cat\/esc-casserres\/wp-json\/wp\/v2\/posts\/4195\/revisions"}],"predecessor-version":[{"id":4197,"href":"https:\/\/agora.xtec.cat\/esc-casserres\/wp-json\/wp\/v2\/posts\/4195\/revisions\/4197"}],"wp:featuredmedia":[{"embeddable":true,"href":"https:\/\/agora.xtec.cat\/esc-casserres\/wp-json\/wp\/v2\/media\/4196"}],"wp:attachment":[{"href":"https:\/\/agora.xtec.cat\/esc-casserres\/wp-json\/wp\/v2\/media?parent=4195"}],"wp:term":[{"taxonomy":"category","embeddable":true,"href":"https:\/\/agora.xtec.cat\/esc-casserres\/wp-json\/wp\/v2\/categories?post=4195"},{"taxonomy":"post_tag","embeddable":true,"href":"https:\/\/agora.xtec.cat\/esc-casserres\/wp-json\/wp\/v2\/tags?post=4195"}],"curies":[{"name":"wp","href":"https:\/\/api.w.org\/{rel}","templated":true}]}}