{"id":4115,"date":"2023-03-08T19:12:32","date_gmt":"2023-03-08T18:12:32","guid":{"rendered":"https:\/\/agora.xtec.cat\/esc-casserres\/?p=4115"},"modified":"2023-03-08T19:39:40","modified_gmt":"2023-03-08T18:39:40","slug":"dia-de-la-dona","status":"publish","type":"post","link":"https:\/\/agora.xtec.cat\/esc-casserres\/portada\/dia-de-la-dona\/","title":{"rendered":"DIA DE LA DONA"},"content":{"rendered":"<p><span style=\"font-weight: 400;\">Avui, dimecres 8 de mar\u00e7 \u00e9s el <strong>DIA DE LA DONA.<\/strong><\/span><\/p>\n<p><span style=\"font-weight: 400;\">Avui hem creat un gran mural col\u00b7laboratiu on hem comen\u00e7at a plasmar-hi <strong>desitjos, prop\u00f2sits i reivindicacions<\/strong>. Us animem a participar-hi de forma activa ja que la vostra col\u00b7laboraci\u00f3 ajudar\u00e0 a completar aquesta din\u00e0mica reflexiva i de debat que hem iniciat avui.<\/span><\/p>\n<p><span style=\"font-weight: 400;\">Trobareu el mural per enganxar els post-its a l&#8217;entrada de l\u2019escola davant d\u2019I4 el dimecres 8, dijous 9 i divendres 10 de mar\u00e7.<\/span><\/p>\n<p><span style=\"font-weight: 400;\"><strong>Moltes gr\u00e0cies per la vostra col\u00b7laboraci\u00f3!<\/strong><\/span><\/p>\n<p>Feu clic damunt la foto per accedir a l&#8217;\u00e0lbum <sup>(aquest \u00e0lbum s&#8217;anir\u00e0 omplint al llarg d&#8217;aquesta setmana)<\/sup><\/p>\n<p><span style=\"font-weight: 400;\"><strong><a href=\"https:\/\/photos.app.goo.gl\/oddfMFLmCjguh5Us8\"><img loading=\"lazy\" decoding=\"async\" class=\"alignnone wp-image-4116\" src=\"https:\/\/agora.xtec.cat\/esc-casserres\/wp-content\/uploads\/usu1738\/2023\/03\/8m-1024x768.jpg\" alt=\"\" width=\"505\" height=\"379\" srcset=\"https:\/\/agora.xtec.cat\/esc-casserres\/wp-content\/uploads\/usu1738\/2023\/03\/8m-1024x768.jpg 1024w, https:\/\/agora.xtec.cat\/esc-casserres\/wp-content\/uploads\/usu1738\/2023\/03\/8m-300x225.jpg 300w, https:\/\/agora.xtec.cat\/esc-casserres\/wp-content\/uploads\/usu1738\/2023\/03\/8m-768x576.jpg 768w, https:\/\/agora.xtec.cat\/esc-casserres\/wp-content\/uploads\/usu1738\/2023\/03\/8m-1536x1152.jpg 1536w, https:\/\/agora.xtec.cat\/esc-casserres\/wp-content\/uploads\/usu1738\/2023\/03\/8m-200x150.jpg 200w, https:\/\/agora.xtec.cat\/esc-casserres\/wp-content\/uploads\/usu1738\/2023\/03\/8m.jpg 1672w\" sizes=\"auto, (max-width: 505px) 100vw, 505px\" \/><\/a><\/strong><\/span><\/p>\n","protected":false},"excerpt":{"rendered":"<p>Avui, dimecres 8 de mar\u00e7 \u00e9s el DIA DE LA DONA. Avui hem creat un gran mural col\u00b7laboratiu on hem comen\u00e7at a plasmar-hi desitjos, prop\u00f2sits i reivindicacions. Us animem a participar-hi de forma activa ja que la vostra col\u00b7laboraci\u00f3 ajudar\u00e0 a completar aquesta din\u00e0mica reflexiva i de debat que hem iniciat avui. Trobareu el mural [&hellip;]<\/p>\n","protected":false},"author":6,"featured_media":4116,"comment_status":"closed","ping_status":"closed","sticky":false,"template":"","format":"standard","meta":{"_bbp_topic_count":0,"_bbp_reply_count":0,"_bbp_total_topic_count":0,"_bbp_total_reply_count":0,"_bbp_voice_count":0,"_bbp_anonymous_reply_count":0,"_bbp_topic_count_hidden":0,"_bbp_reply_count_hidden":0,"_bbp_forum_subforum_count":0,"site-sidebar-layout":"default","site-content-layout":"","ast-site-content-layout":"","site-content-style":"default","site-sidebar-style":"default","ast-global-header-display":"","ast-banner-title-visibility":"","ast-main-header-display":"","ast-hfb-above-header-display":"","ast-hfb-below-header-display":"","ast-hfb-mobile-header-display":"","site-post-title":"","ast-breadcrumbs-content":"","ast-featured-img":"","footer-sml-layout":"","theme-transparent-header-meta":"","adv-header-id-meta":"","stick-header-meta":"","header-above-stick-meta":"","header-main-stick-meta":"","header-below-stick-meta":"","astra-migrate-meta-layouts":"default","ast-page-background-enabled":"default","ast-page-background-meta":{"desktop":{"background-color":"var(--ast-global-color-4)","background-image":"","background-repeat":"repeat","background-position":"center center","background-size":"auto","background-attachment":"scroll","background-type":"","background-media":"","overlay-type":"","overlay-color":"","overlay-opacity":"","overlay-gradient":""},"tablet":{"background-color":"","background-image":"","background-repeat":"repeat","background-position":"center center","background-size":"auto","background-attachment":"scroll","background-type":"","background-media":"","overlay-type":"","overlay-color":"","overlay-opacity":"","overlay-gradient":""},"mobile":{"background-color":"","background-image":"","background-repeat":"repeat","background-position":"center center","background-size":"auto","background-attachment":"scroll","background-type":"","background-media":"","overlay-type":"","overlay-color":"","overlay-opacity":"","overlay-gradient":""}},"ast-content-background-meta":{"desktop":{"background-color":"var(--ast-global-color-5)","background-image":"","background-repeat":"repeat","background-position":"center center","background-size":"auto","background-attachment":"scroll","background-type":"","background-media":"","overlay-type":"","overlay-color":"","overlay-opacity":"","overlay-gradient":""},"tablet":{"background-color":"var(--ast-global-color-5)","background-image":"","background-repeat":"repeat","background-position":"center center","background-size":"auto","background-attachment":"scroll","background-type":"","background-media":"","overlay-type":"","overlay-color":"","overlay-opacity":"","overlay-gradient":""},"mobile":{"background-color":"var(--ast-global-color-5)","background-image":"","background-repeat":"repeat","background-position":"center center","background-size":"auto","background-attachment":"scroll","background-type":"","background-media":"","overlay-type":"","overlay-color":"","overlay-opacity":"","overlay-gradient":""}},"footnotes":""},"categories":[4],"tags":[222],"class_list":["post-4115","post","type-post","status-publish","format-standard","has-post-thumbnail","hentry","category-portada","tag-dia-de-la-dona"],"post_mailing_queue_ids":[],"_links":{"self":[{"href":"https:\/\/agora.xtec.cat\/esc-casserres\/wp-json\/wp\/v2\/posts\/4115","targetHints":{"allow":["GET"]}}],"collection":[{"href":"https:\/\/agora.xtec.cat\/esc-casserres\/wp-json\/wp\/v2\/posts"}],"about":[{"href":"https:\/\/agora.xtec.cat\/esc-casserres\/wp-json\/wp\/v2\/types\/post"}],"author":[{"embeddable":true,"href":"https:\/\/agora.xtec.cat\/esc-casserres\/wp-json\/wp\/v2\/users\/6"}],"replies":[{"embeddable":true,"href":"https:\/\/agora.xtec.cat\/esc-casserres\/wp-json\/wp\/v2\/comments?post=4115"}],"version-history":[{"count":2,"href":"https:\/\/agora.xtec.cat\/esc-casserres\/wp-json\/wp\/v2\/posts\/4115\/revisions"}],"predecessor-version":[{"id":4118,"href":"https:\/\/agora.xtec.cat\/esc-casserres\/wp-json\/wp\/v2\/posts\/4115\/revisions\/4118"}],"wp:featuredmedia":[{"embeddable":true,"href":"https:\/\/agora.xtec.cat\/esc-casserres\/wp-json\/wp\/v2\/media\/4116"}],"wp:attachment":[{"href":"https:\/\/agora.xtec.cat\/esc-casserres\/wp-json\/wp\/v2\/media?parent=4115"}],"wp:term":[{"taxonomy":"category","embeddable":true,"href":"https:\/\/agora.xtec.cat\/esc-casserres\/wp-json\/wp\/v2\/categories?post=4115"},{"taxonomy":"post_tag","embeddable":true,"href":"https:\/\/agora.xtec.cat\/esc-casserres\/wp-json\/wp\/v2\/tags?post=4115"}],"curies":[{"name":"wp","href":"https:\/\/api.w.org\/{rel}","templated":true}]}}