{"id":4079,"date":"2023-02-23T18:10:01","date_gmt":"2023-02-23T17:10:01","guid":{"rendered":"https:\/\/agora.xtec.cat\/esc-casserres\/?p=4079"},"modified":"2023-02-23T18:10:01","modified_gmt":"2023-02-23T17:10:01","slug":"lhora-del-conte-a-i4","status":"publish","type":"post","link":"https:\/\/agora.xtec.cat\/esc-casserres\/general\/lhora-del-conte-a-i4\/","title":{"rendered":"L&#8217;hora del conte a I4!"},"content":{"rendered":"<p>A l&#8217;escola tenim establertes unes estones di\u00e0ries de lectura. \u00c9s on expliquem i llegim contes i revistes, fem biblioteca&#8230;amb <strong>l&#8217;objectiu d&#8217;incentivar i adquirir el gust per la lectura. <\/strong><\/p>\n<p>Fa uns dies vam demanar a les fam\u00edlies la participaci\u00f3 i col\u00b7laboraci\u00f3 en aquest espai per tal de compartir aquest objectiu d&#8217;una forma m\u00e9s din\u00e0mica i amena. Aix\u00ed, ajudem a que els infants puguin <strong>gaudir de diferents contes i models lectors.\u00a0<\/strong><\/p>\n<p>Ja hem comen\u00e7at a gaudir de les primeres lectures, i estem tots i totes ben entusiasmats i emocionats! Mireu, mireu:<\/p>\n<p><a href=\"https:\/\/photos.app.goo.gl\/xxrKnCTgoFEuYqG99\"><img loading=\"lazy\" decoding=\"async\" class=\"alignnone  wp-image-4087\" src=\"https:\/\/agora.xtec.cat\/esc-casserres\/wp-content\/uploads\/usu1738\/2023\/02\/MLL-1024x768.jpg\" alt=\"\" width=\"519\" height=\"389\" srcset=\"https:\/\/agora.xtec.cat\/esc-casserres\/wp-content\/uploads\/usu1738\/2023\/02\/MLL-1024x768.jpg 1024w, https:\/\/agora.xtec.cat\/esc-casserres\/wp-content\/uploads\/usu1738\/2023\/02\/MLL-300x225.jpg 300w, https:\/\/agora.xtec.cat\/esc-casserres\/wp-content\/uploads\/usu1738\/2023\/02\/MLL-768x576.jpg 768w, https:\/\/agora.xtec.cat\/esc-casserres\/wp-content\/uploads\/usu1738\/2023\/02\/MLL-1536x1152.jpg 1536w, https:\/\/agora.xtec.cat\/esc-casserres\/wp-content\/uploads\/usu1738\/2023\/02\/MLL-200x150.jpg 200w, https:\/\/agora.xtec.cat\/esc-casserres\/wp-content\/uploads\/usu1738\/2023\/02\/MLL.jpg 1672w\" sizes=\"auto, (max-width: 519px) 100vw, 519px\" \/><\/a><\/p>\n<p>&nbsp;<\/p>\n<p>&nbsp;<\/p>\n<p>&nbsp;<\/p>\n","protected":false},"excerpt":{"rendered":"<p>A l&#8217;escola tenim establertes unes estones di\u00e0ries de lectura. \u00c9s on expliquem i llegim contes i revistes, fem biblioteca&#8230;amb l&#8217;objectiu d&#8217;incentivar i adquirir el gust per la lectura. Fa uns dies vam demanar a les fam\u00edlies la participaci\u00f3 i col\u00b7laboraci\u00f3 en aquest espai per tal de compartir aquest objectiu d&#8217;una forma m\u00e9s din\u00e0mica i amena. [&hellip;]<\/p>\n","protected":false},"author":6,"featured_media":4087,"comment_status":"closed","ping_status":"closed","sticky":false,"template":"","format":"standard","meta":{"_bbp_topic_count":0,"_bbp_reply_count":0,"_bbp_total_topic_count":0,"_bbp_total_reply_count":0,"_bbp_voice_count":0,"_bbp_anonymous_reply_count":0,"_bbp_topic_count_hidden":0,"_bbp_reply_count_hidden":0,"_bbp_forum_subforum_count":0,"site-sidebar-layout":"default","site-content-layout":"","ast-site-content-layout":"","site-content-style":"default","site-sidebar-style":"default","ast-global-header-display":"","ast-banner-title-visibility":"","ast-main-header-display":"","ast-hfb-above-header-display":"","ast-hfb-below-header-display":"","ast-hfb-mobile-header-display":"","site-post-title":"","ast-breadcrumbs-content":"","ast-featured-img":"","footer-sml-layout":"","theme-transparent-header-meta":"","adv-header-id-meta":"","stick-header-meta":"","header-above-stick-meta":"","header-main-stick-meta":"","header-below-stick-meta":"","astra-migrate-meta-layouts":"default","ast-page-background-enabled":"default","ast-page-background-meta":{"desktop":{"background-color":"var(--ast-global-color-4)","background-image":"","background-repeat":"repeat","background-position":"center center","background-size":"auto","background-attachment":"scroll","background-type":"","background-media":"","overlay-type":"","overlay-color":"","overlay-opacity":"","overlay-gradient":""},"tablet":{"background-color":"","background-image":"","background-repeat":"repeat","background-position":"center center","background-size":"auto","background-attachment":"scroll","background-type":"","background-media":"","overlay-type":"","overlay-color":"","overlay-opacity":"","overlay-gradient":""},"mobile":{"background-color":"","background-image":"","background-repeat":"repeat","background-position":"center center","background-size":"auto","background-attachment":"scroll","background-type":"","background-media":"","overlay-type":"","overlay-color":"","overlay-opacity":"","overlay-gradient":""}},"ast-content-background-meta":{"desktop":{"background-color":"var(--ast-global-color-5)","background-image":"","background-repeat":"repeat","background-position":"center center","background-size":"auto","background-attachment":"scroll","background-type":"","background-media":"","overlay-type":"","overlay-color":"","overlay-opacity":"","overlay-gradient":""},"tablet":{"background-color":"var(--ast-global-color-5)","background-image":"","background-repeat":"repeat","background-position":"center center","background-size":"auto","background-attachment":"scroll","background-type":"","background-media":"","overlay-type":"","overlay-color":"","overlay-opacity":"","overlay-gradient":""},"mobile":{"background-color":"var(--ast-global-color-5)","background-image":"","background-repeat":"repeat","background-position":"center center","background-size":"auto","background-attachment":"scroll","background-type":"","background-media":"","overlay-type":"","overlay-color":"","overlay-opacity":"","overlay-gradient":""}},"footnotes":""},"categories":[1,8,2,4],"tags":[71,244],"class_list":["post-4079","post","type-post","status-publish","format-standard","has-post-thumbnail","hentry","category-general","category-i4","category-infantil","category-portada","tag-educacio-infantil","tag-lhora-del-conte"],"post_mailing_queue_ids":[],"_links":{"self":[{"href":"https:\/\/agora.xtec.cat\/esc-casserres\/wp-json\/wp\/v2\/posts\/4079","targetHints":{"allow":["GET"]}}],"collection":[{"href":"https:\/\/agora.xtec.cat\/esc-casserres\/wp-json\/wp\/v2\/posts"}],"about":[{"href":"https:\/\/agora.xtec.cat\/esc-casserres\/wp-json\/wp\/v2\/types\/post"}],"author":[{"embeddable":true,"href":"https:\/\/agora.xtec.cat\/esc-casserres\/wp-json\/wp\/v2\/users\/6"}],"replies":[{"embeddable":true,"href":"https:\/\/agora.xtec.cat\/esc-casserres\/wp-json\/wp\/v2\/comments?post=4079"}],"version-history":[{"count":1,"href":"https:\/\/agora.xtec.cat\/esc-casserres\/wp-json\/wp\/v2\/posts\/4079\/revisions"}],"predecessor-version":[{"id":4088,"href":"https:\/\/agora.xtec.cat\/esc-casserres\/wp-json\/wp\/v2\/posts\/4079\/revisions\/4088"}],"wp:featuredmedia":[{"embeddable":true,"href":"https:\/\/agora.xtec.cat\/esc-casserres\/wp-json\/wp\/v2\/media\/4087"}],"wp:attachment":[{"href":"https:\/\/agora.xtec.cat\/esc-casserres\/wp-json\/wp\/v2\/media?parent=4079"}],"wp:term":[{"taxonomy":"category","embeddable":true,"href":"https:\/\/agora.xtec.cat\/esc-casserres\/wp-json\/wp\/v2\/categories?post=4079"},{"taxonomy":"post_tag","embeddable":true,"href":"https:\/\/agora.xtec.cat\/esc-casserres\/wp-json\/wp\/v2\/tags?post=4079"}],"curies":[{"name":"wp","href":"https:\/\/api.w.org\/{rel}","templated":true}]}}