{"id":3997,"date":"2023-01-20T13:09:51","date_gmt":"2023-01-20T12:09:51","guid":{"rendered":"https:\/\/agora.xtec.cat\/esc-casserres\/?p=3997"},"modified":"2023-01-21T18:54:20","modified_gmt":"2023-01-21T17:54:20","slug":"activitats-a-les-aules-de-p1-i-p2","status":"publish","type":"post","link":"https:\/\/agora.xtec.cat\/esc-casserres\/general\/activitats-a-les-aules-de-p1-i-p2\/","title":{"rendered":"Activitats a les aules de P1 i P2"},"content":{"rendered":"<p>Aquestes s\u00f3n algunes de les activitats de llengua i matem\u00e0tiques que hem fet a la classe de P1 i P2 des que hem comen\u00e7at el curs! Per veure-les, cliqueu sobre les imatges!<\/p>\n<p><a href=\"https:\/\/photos.app.goo.gl\/RStAG1oHM98KTHbB7\"><img loading=\"lazy\" decoding=\"async\" class=\"alignnone wp-image-3999 \" src=\"https:\/\/agora.xtec.cat\/esc-casserres\/wp-content\/uploads\/usu1738\/2023\/01\/IMG_20220914_104415-e1674215825932.jpg\" alt=\"\" width=\"223\" height=\"225\" srcset=\"https:\/\/agora.xtec.cat\/esc-casserres\/wp-content\/uploads\/usu1738\/2023\/01\/IMG_20220914_104415-e1674215825932.jpg 443w, https:\/\/agora.xtec.cat\/esc-casserres\/wp-content\/uploads\/usu1738\/2023\/01\/IMG_20220914_104415-e1674215825932-297x300.jpg 297w, https:\/\/agora.xtec.cat\/esc-casserres\/wp-content\/uploads\/usu1738\/2023\/01\/IMG_20220914_104415-e1674215825932-150x150.jpg 150w\" sizes=\"auto, (max-width: 223px) 100vw, 223px\" \/><\/a><a href=\"https:\/\/photos.app.goo.gl\/aHbo3LfzDSPask2B7\"><img loading=\"lazy\" decoding=\"async\" class=\"alignnone wp-image-3998\" src=\"https:\/\/agora.xtec.cat\/esc-casserres\/wp-content\/uploads\/usu1738\/2023\/01\/IMG_20221005_153947-2.jpg\" alt=\"\" width=\"296\" height=\"222\" srcset=\"https:\/\/agora.xtec.cat\/esc-casserres\/wp-content\/uploads\/usu1738\/2023\/01\/IMG_20221005_153947-2.jpg 591w, https:\/\/agora.xtec.cat\/esc-casserres\/wp-content\/uploads\/usu1738\/2023\/01\/IMG_20221005_153947-2-300x225.jpg 300w, https:\/\/agora.xtec.cat\/esc-casserres\/wp-content\/uploads\/usu1738\/2023\/01\/IMG_20221005_153947-2-200x150.jpg 200w\" sizes=\"auto, (max-width: 296px) 100vw, 296px\" \/><\/a><\/p>\n","protected":false},"excerpt":{"rendered":"<p>Aquestes s\u00f3n algunes de les activitats de llengua i matem\u00e0tiques que hem fet a la classe de P1 i P2 des que hem comen\u00e7at el curs!<\/p>\n","protected":false},"author":33,"featured_media":4002,"comment_status":"closed","ping_status":"closed","sticky":false,"template":"","format":"standard","meta":{"_bbp_topic_count":0,"_bbp_reply_count":0,"_bbp_total_topic_count":0,"_bbp_total_reply_count":0,"_bbp_voice_count":0,"_bbp_anonymous_reply_count":0,"_bbp_topic_count_hidden":0,"_bbp_reply_count_hidden":0,"_bbp_forum_subforum_count":0,"site-sidebar-layout":"default","site-content-layout":"","ast-site-content-layout":"","site-content-style":"default","site-sidebar-style":"default","ast-global-header-display":"","ast-banner-title-visibility":"","ast-main-header-display":"","ast-hfb-above-header-display":"","ast-hfb-below-header-display":"","ast-hfb-mobile-header-display":"","site-post-title":"","ast-breadcrumbs-content":"","ast-featured-img":"","footer-sml-layout":"","theme-transparent-header-meta":"","adv-header-id-meta":"","stick-header-meta":"","header-above-stick-meta":"","header-main-stick-meta":"","header-below-stick-meta":"","astra-migrate-meta-layouts":"default","ast-page-background-enabled":"default","ast-page-background-meta":{"desktop":{"background-color":"var(--ast-global-color-4)","background-image":"","background-repeat":"repeat","background-position":"center center","background-size":"auto","background-attachment":"scroll","background-type":"","background-media":"","overlay-type":"","overlay-color":"","overlay-opacity":"","overlay-gradient":""},"tablet":{"background-color":"","background-image":"","background-repeat":"repeat","background-position":"center center","background-size":"auto","background-attachment":"scroll","background-type":"","background-media":"","overlay-type":"","overlay-color":"","overlay-opacity":"","overlay-gradient":""},"mobile":{"background-color":"","background-image":"","background-repeat":"repeat","background-position":"center center","background-size":"auto","background-attachment":"scroll","background-type":"","background-media":"","overlay-type":"","overlay-color":"","overlay-opacity":"","overlay-gradient":""}},"ast-content-background-meta":{"desktop":{"background-color":"var(--ast-global-color-5)","background-image":"","background-repeat":"repeat","background-position":"center center","background-size":"auto","background-attachment":"scroll","background-type":"","background-media":"","overlay-type":"","overlay-color":"","overlay-opacity":"","overlay-gradient":""},"tablet":{"background-color":"var(--ast-global-color-5)","background-image":"","background-repeat":"repeat","background-position":"center center","background-size":"auto","background-attachment":"scroll","background-type":"","background-media":"","overlay-type":"","overlay-color":"","overlay-opacity":"","overlay-gradient":""},"mobile":{"background-color":"var(--ast-global-color-5)","background-image":"","background-repeat":"repeat","background-position":"center center","background-size":"auto","background-attachment":"scroll","background-type":"","background-media":"","overlay-type":"","overlay-color":"","overlay-opacity":"","overlay-gradient":""}},"footnotes":""},"categories":[10,11,59,1,4,5],"tags":[81,83,237,133,67,242,243],"class_list":["post-3997","post","type-post","status-publish","format-standard","has-post-thumbnail","hentry","category-1r","category-2n","category-cicle-inicial","category-general","category-portada","category-primaria","tag-activitats","tag-cicle-inicial","tag-curs-22-23","tag-educacio-primaria","tag-escola","tag-p1","tag-p2"],"post_mailing_queue_ids":[],"_links":{"self":[{"href":"https:\/\/agora.xtec.cat\/esc-casserres\/wp-json\/wp\/v2\/posts\/3997","targetHints":{"allow":["GET"]}}],"collection":[{"href":"https:\/\/agora.xtec.cat\/esc-casserres\/wp-json\/wp\/v2\/posts"}],"about":[{"href":"https:\/\/agora.xtec.cat\/esc-casserres\/wp-json\/wp\/v2\/types\/post"}],"author":[{"embeddable":true,"href":"https:\/\/agora.xtec.cat\/esc-casserres\/wp-json\/wp\/v2\/users\/33"}],"replies":[{"embeddable":true,"href":"https:\/\/agora.xtec.cat\/esc-casserres\/wp-json\/wp\/v2\/comments?post=3997"}],"version-history":[{"count":1,"href":"https:\/\/agora.xtec.cat\/esc-casserres\/wp-json\/wp\/v2\/posts\/3997\/revisions"}],"predecessor-version":[{"id":4003,"href":"https:\/\/agora.xtec.cat\/esc-casserres\/wp-json\/wp\/v2\/posts\/3997\/revisions\/4003"}],"wp:featuredmedia":[{"embeddable":true,"href":"https:\/\/agora.xtec.cat\/esc-casserres\/wp-json\/wp\/v2\/media\/4002"}],"wp:attachment":[{"href":"https:\/\/agora.xtec.cat\/esc-casserres\/wp-json\/wp\/v2\/media?parent=3997"}],"wp:term":[{"taxonomy":"category","embeddable":true,"href":"https:\/\/agora.xtec.cat\/esc-casserres\/wp-json\/wp\/v2\/categories?post=3997"},{"taxonomy":"post_tag","embeddable":true,"href":"https:\/\/agora.xtec.cat\/esc-casserres\/wp-json\/wp\/v2\/tags?post=3997"}],"curies":[{"name":"wp","href":"https:\/\/api.w.org\/{rel}","templated":true}]}}