{"id":3934,"date":"2022-11-25T10:38:03","date_gmt":"2022-11-25T09:38:03","guid":{"rendered":"https:\/\/agora.xtec.cat\/esc-casserres\/?p=3934"},"modified":"2022-11-25T10:40:06","modified_gmt":"2022-11-25T09:40:06","slug":"la-rateta-voladora","status":"publish","type":"post","link":"https:\/\/agora.xtec.cat\/esc-casserres\/general\/la-rateta-voladora\/","title":{"rendered":"La rateta voladora"},"content":{"rendered":"<h3 class=\"margin-bottom-half\">La rateta voladora<\/h3>\n<p class=\"has-text-align-justify\">Totes coneixem el conte de la Rateta presumida i totes ja estem cansades d\u2019aquest tipus de contes on la viol\u00e8ncia masclista \u00e9s acceptada i justificada.<\/p>\n<p class=\"has-text-align-justify\">Us presentem a la Rateta voladora; la nostra rata feminista a la que se li ha trencat l\u2019escombra que necessita per poder volar pels aires. En el temps d\u2019arreglar-la, succeeix una passarel\u00b7la d\u2019animals que per la seva condici\u00f3 de mascles es creuen amb el dret de molestar-la. La Rateta Voladora, per\u00f2, no t\u00e9 por de plantar cara a l\u2019assetjament constant i d\u00f3na una resposta clara i activa davant de la situaci\u00f3.<\/p>\n<p class=\"has-text-align-justify\">La Mitja i la Mitjoneta posen en dubte aquest conte tradicional als ulls de les m\u00e9s petites, que hauran de participar perqu\u00e8 les protagonistes puguin seguir amb la hist\u00f2ria.<\/p>\n<p class=\"has-text-align-justify\">Un conte ple de reflexi\u00f3, humor, cr\u00edtica i m\u00e0gia.<\/p>\n<p>El dia 23 de novembre del 2022, vam tenir la sort que La companyia La Mitja i la Mitjoneta ens vingu\u00e9ssin a l&#8217;escola a presentar-nos aquest conte. Vol ser una reflexi\u00f3 del 25 de novembre, Dia de la NO viol\u00e8ncia envers les dones.<\/p>\n<p>Clicant a la imatge en podreu veure algunes fotos.<\/p>\n<p><a href=\"https:\/\/photos.app.goo.gl\/GWs85gsiLgC7GBDC7\"><img decoding=\"async\" src=\"https:\/\/petitsabadell.cat\/wp-content\/uploads\/2022\/11\/rateta_3.jpg\" alt=\"Petit Sabadell | 'La rateta voladora', de la companyia Mitj\u00f3 i Mitjoneta\" \/><\/a><\/p>\n","protected":false},"excerpt":{"rendered":"<p>La rateta voladora Totes coneixem el conte de la Rateta presumida i totes ja estem cansades d\u2019aquest tipus de contes on la viol\u00e8ncia masclista \u00e9s acceptada i justificada. Us presentem a la Rateta voladora; la nostra rata feminista a la que se li ha trencat l\u2019escombra que necessita per poder volar pels aires. En el [&hellip;]<\/p>\n","protected":false},"author":16,"featured_media":0,"comment_status":"closed","ping_status":"closed","sticky":false,"template":"","format":"standard","meta":{"_bbp_topic_count":0,"_bbp_reply_count":0,"_bbp_total_topic_count":0,"_bbp_total_reply_count":0,"_bbp_voice_count":0,"_bbp_anonymous_reply_count":0,"_bbp_topic_count_hidden":0,"_bbp_reply_count_hidden":0,"_bbp_forum_subforum_count":0,"site-sidebar-layout":"default","site-content-layout":"","ast-site-content-layout":"","site-content-style":"default","site-sidebar-style":"default","ast-global-header-display":"","ast-banner-title-visibility":"","ast-main-header-display":"","ast-hfb-above-header-display":"","ast-hfb-below-header-display":"","ast-hfb-mobile-header-display":"","site-post-title":"","ast-breadcrumbs-content":"","ast-featured-img":"","footer-sml-layout":"","theme-transparent-header-meta":"","adv-header-id-meta":"","stick-header-meta":"","header-above-stick-meta":"","header-main-stick-meta":"","header-below-stick-meta":"","astra-migrate-meta-layouts":"default","ast-page-background-enabled":"default","ast-page-background-meta":{"desktop":{"background-color":"var(--ast-global-color-4)","background-image":"","background-repeat":"repeat","background-position":"center center","background-size":"auto","background-attachment":"scroll","background-type":"","background-media":"","overlay-type":"","overlay-color":"","overlay-opacity":"","overlay-gradient":""},"tablet":{"background-color":"","background-image":"","background-repeat":"repeat","background-position":"center center","background-size":"auto","background-attachment":"scroll","background-type":"","background-media":"","overlay-type":"","overlay-color":"","overlay-opacity":"","overlay-gradient":""},"mobile":{"background-color":"","background-image":"","background-repeat":"repeat","background-position":"center center","background-size":"auto","background-attachment":"scroll","background-type":"","background-media":"","overlay-type":"","overlay-color":"","overlay-opacity":"","overlay-gradient":""}},"ast-content-background-meta":{"desktop":{"background-color":"var(--ast-global-color-5)","background-image":"","background-repeat":"repeat","background-position":"center center","background-size":"auto","background-attachment":"scroll","background-type":"","background-media":"","overlay-type":"","overlay-color":"","overlay-opacity":"","overlay-gradient":""},"tablet":{"background-color":"var(--ast-global-color-5)","background-image":"","background-repeat":"repeat","background-position":"center center","background-size":"auto","background-attachment":"scroll","background-type":"","background-media":"","overlay-type":"","overlay-color":"","overlay-opacity":"","overlay-gradient":""},"mobile":{"background-color":"var(--ast-global-color-5)","background-image":"","background-repeat":"repeat","background-position":"center center","background-size":"auto","background-attachment":"scroll","background-type":"","background-media":"","overlay-type":"","overlay-color":"","overlay-opacity":"","overlay-gradient":""}},"footnotes":""},"categories":[1,2,4,5],"tags":[],"class_list":["post-3934","post","type-post","status-publish","format-standard","hentry","category-general","category-infantil","category-portada","category-primaria"],"post_mailing_queue_ids":[],"_links":{"self":[{"href":"https:\/\/agora.xtec.cat\/esc-casserres\/wp-json\/wp\/v2\/posts\/3934","targetHints":{"allow":["GET"]}}],"collection":[{"href":"https:\/\/agora.xtec.cat\/esc-casserres\/wp-json\/wp\/v2\/posts"}],"about":[{"href":"https:\/\/agora.xtec.cat\/esc-casserres\/wp-json\/wp\/v2\/types\/post"}],"author":[{"embeddable":true,"href":"https:\/\/agora.xtec.cat\/esc-casserres\/wp-json\/wp\/v2\/users\/16"}],"replies":[{"embeddable":true,"href":"https:\/\/agora.xtec.cat\/esc-casserres\/wp-json\/wp\/v2\/comments?post=3934"}],"version-history":[{"count":3,"href":"https:\/\/agora.xtec.cat\/esc-casserres\/wp-json\/wp\/v2\/posts\/3934\/revisions"}],"predecessor-version":[{"id":3937,"href":"https:\/\/agora.xtec.cat\/esc-casserres\/wp-json\/wp\/v2\/posts\/3934\/revisions\/3937"}],"wp:attachment":[{"href":"https:\/\/agora.xtec.cat\/esc-casserres\/wp-json\/wp\/v2\/media?parent=3934"}],"wp:term":[{"taxonomy":"category","embeddable":true,"href":"https:\/\/agora.xtec.cat\/esc-casserres\/wp-json\/wp\/v2\/categories?post=3934"},{"taxonomy":"post_tag","embeddable":true,"href":"https:\/\/agora.xtec.cat\/esc-casserres\/wp-json\/wp\/v2\/tags?post=3934"}],"curies":[{"name":"wp","href":"https:\/\/api.w.org\/{rel}","templated":true}]}}