{"id":3903,"date":"2022-10-30T16:34:18","date_gmt":"2022-10-30T15:34:18","guid":{"rendered":"https:\/\/agora.xtec.cat\/esc-casserres\/?p=3903"},"modified":"2022-11-16T09:39:39","modified_gmt":"2022-11-16T08:39:39","slug":"llenguatge-de-signes-a-4t","status":"publish","type":"post","link":"https:\/\/agora.xtec.cat\/esc-casserres\/general\/llenguatge-de-signes-a-4t\/","title":{"rendered":"LLENGUA DE SIGNES A 4t"},"content":{"rendered":"<p>Aquesta setmana hem apr\u00e8s una altra manera de comunicar-nos: LA LLENGUA DE SIGNES.<\/p>\n<p>Sabeu qu\u00e8 \u00e9s? Doncs \u00e9s la llengua\/canal en el que es comuniquen les persones sordes. Es tracta d&#8217;una llengua natural de modalitat gestual i visual.<\/p>\n<p style=\"text-align: left;\">El Marcel de 4t curs ens va explicar que havia anat a Barcelona a veure uns amics i que un d&#8217;ells es comunicava en la llengua de signes.Tots els\/les alumnes s&#8217;hi van interessar molt i el Marcel ens va ensenyar com es representava cada lletra. Vam aprendre a dir HOLA. Ara cada mat\u00ed, molts de nosaltres entrem a classe saludant aix\u00ed.\ud83d\ude0d GR\u00c0CIES MARCEL!<\/p>\n<p style=\"text-align: left;\">Cliqueu sobre la imatge per veure&#8217;n les fotos:<\/p>\n<p style=\"text-align: center;\"><a href=\"https:\/\/photos.app.goo.gl\/ZFB2CsHRen7QzRK96\"><img loading=\"lazy\" decoding=\"async\" class=\"alignnone wp-image-3904\" src=\"https:\/\/agora.xtec.cat\/esc-casserres\/wp-content\/uploads\/usu1738\/2022\/10\/abecedari-dactilolc3b2gic1-720x1024.jpg\" alt=\"\" width=\"202\" height=\"287\" srcset=\"https:\/\/agora.xtec.cat\/esc-casserres\/wp-content\/uploads\/usu1738\/2022\/10\/abecedari-dactilolc3b2gic1-720x1024.jpg 720w, https:\/\/agora.xtec.cat\/esc-casserres\/wp-content\/uploads\/usu1738\/2022\/10\/abecedari-dactilolc3b2gic1-211x300.jpg 211w, https:\/\/agora.xtec.cat\/esc-casserres\/wp-content\/uploads\/usu1738\/2022\/10\/abecedari-dactilolc3b2gic1-768x1093.jpg 768w, https:\/\/agora.xtec.cat\/esc-casserres\/wp-content\/uploads\/usu1738\/2022\/10\/abecedari-dactilolc3b2gic1-1079x1536.jpg 1079w, https:\/\/agora.xtec.cat\/esc-casserres\/wp-content\/uploads\/usu1738\/2022\/10\/abecedari-dactilolc3b2gic1-1439x2048.jpg 1439w, https:\/\/agora.xtec.cat\/esc-casserres\/wp-content\/uploads\/usu1738\/2022\/10\/abecedari-dactilolc3b2gic1-scaled.jpg 1799w\" sizes=\"auto, (max-width: 202px) 100vw, 202px\" \/><\/a><\/p>\n<p>&nbsp;<\/p>\n<p>&nbsp;<\/p>\n","protected":false},"excerpt":{"rendered":"<p>Aquesta setmana hem apr\u00e8s una altra manera de comunicar-nos: LA LLENGUA DE SIGNES. Sabeu qu\u00e8 \u00e9s? Doncs \u00e9s la llengua\/canal en el que es comuniquen les persones sordes. Es tracta d&#8217;una llengua natural de modalitat gestual i visual. El Marcel de 4t curs ens va explicar que havia anat a Barcelona a veure uns amics [&hellip;]<\/p>\n","protected":false},"author":29,"featured_media":3905,"comment_status":"closed","ping_status":"closed","sticky":false,"template":"","format":"standard","meta":{"_bbp_topic_count":0,"_bbp_reply_count":0,"_bbp_total_topic_count":0,"_bbp_total_reply_count":0,"_bbp_voice_count":0,"_bbp_anonymous_reply_count":0,"_bbp_topic_count_hidden":0,"_bbp_reply_count_hidden":0,"_bbp_forum_subforum_count":0,"site-sidebar-layout":"default","site-content-layout":"","ast-site-content-layout":"","site-content-style":"default","site-sidebar-style":"default","ast-global-header-display":"","ast-banner-title-visibility":"","ast-main-header-display":"","ast-hfb-above-header-display":"","ast-hfb-below-header-display":"","ast-hfb-mobile-header-display":"","site-post-title":"","ast-breadcrumbs-content":"","ast-featured-img":"","footer-sml-layout":"","theme-transparent-header-meta":"","adv-header-id-meta":"","stick-header-meta":"","header-above-stick-meta":"","header-main-stick-meta":"","header-below-stick-meta":"","astra-migrate-meta-layouts":"default","ast-page-background-enabled":"default","ast-page-background-meta":{"desktop":{"background-color":"var(--ast-global-color-4)","background-image":"","background-repeat":"repeat","background-position":"center center","background-size":"auto","background-attachment":"scroll","background-type":"","background-media":"","overlay-type":"","overlay-color":"","overlay-opacity":"","overlay-gradient":""},"tablet":{"background-color":"","background-image":"","background-repeat":"repeat","background-position":"center center","background-size":"auto","background-attachment":"scroll","background-type":"","background-media":"","overlay-type":"","overlay-color":"","overlay-opacity":"","overlay-gradient":""},"mobile":{"background-color":"","background-image":"","background-repeat":"repeat","background-position":"center center","background-size":"auto","background-attachment":"scroll","background-type":"","background-media":"","overlay-type":"","overlay-color":"","overlay-opacity":"","overlay-gradient":""}},"ast-content-background-meta":{"desktop":{"background-color":"var(--ast-global-color-5)","background-image":"","background-repeat":"repeat","background-position":"center center","background-size":"auto","background-attachment":"scroll","background-type":"","background-media":"","overlay-type":"","overlay-color":"","overlay-opacity":"","overlay-gradient":""},"tablet":{"background-color":"var(--ast-global-color-5)","background-image":"","background-repeat":"repeat","background-position":"center center","background-size":"auto","background-attachment":"scroll","background-type":"","background-media":"","overlay-type":"","overlay-color":"","overlay-opacity":"","overlay-gradient":""},"mobile":{"background-color":"var(--ast-global-color-5)","background-image":"","background-repeat":"repeat","background-position":"center center","background-size":"auto","background-attachment":"scroll","background-type":"","background-media":"","overlay-type":"","overlay-color":"","overlay-opacity":"","overlay-gradient":""}},"footnotes":""},"categories":[12,13,60,1,4,5,163],"tags":[],"class_list":["post-3903","post","type-post","status-publish","format-standard","has-post-thumbnail","hentry","category-3r","category-4t","category-cicle-mitja","category-general","category-portada","category-primaria","category-projectes-de-llengua"],"post_mailing_queue_ids":[],"_links":{"self":[{"href":"https:\/\/agora.xtec.cat\/esc-casserres\/wp-json\/wp\/v2\/posts\/3903","targetHints":{"allow":["GET"]}}],"collection":[{"href":"https:\/\/agora.xtec.cat\/esc-casserres\/wp-json\/wp\/v2\/posts"}],"about":[{"href":"https:\/\/agora.xtec.cat\/esc-casserres\/wp-json\/wp\/v2\/types\/post"}],"author":[{"embeddable":true,"href":"https:\/\/agora.xtec.cat\/esc-casserres\/wp-json\/wp\/v2\/users\/29"}],"replies":[{"embeddable":true,"href":"https:\/\/agora.xtec.cat\/esc-casserres\/wp-json\/wp\/v2\/comments?post=3903"}],"version-history":[{"count":3,"href":"https:\/\/agora.xtec.cat\/esc-casserres\/wp-json\/wp\/v2\/posts\/3903\/revisions"}],"predecessor-version":[{"id":3924,"href":"https:\/\/agora.xtec.cat\/esc-casserres\/wp-json\/wp\/v2\/posts\/3903\/revisions\/3924"}],"wp:featuredmedia":[{"embeddable":true,"href":"https:\/\/agora.xtec.cat\/esc-casserres\/wp-json\/wp\/v2\/media\/3905"}],"wp:attachment":[{"href":"https:\/\/agora.xtec.cat\/esc-casserres\/wp-json\/wp\/v2\/media?parent=3903"}],"wp:term":[{"taxonomy":"category","embeddable":true,"href":"https:\/\/agora.xtec.cat\/esc-casserres\/wp-json\/wp\/v2\/categories?post=3903"},{"taxonomy":"post_tag","embeddable":true,"href":"https:\/\/agora.xtec.cat\/esc-casserres\/wp-json\/wp\/v2\/tags?post=3903"}],"curies":[{"name":"wp","href":"https:\/\/api.w.org\/{rel}","templated":true}]}}