{"id":3795,"date":"2022-09-21T18:57:11","date_gmt":"2022-09-21T16:57:11","guid":{"rendered":"https:\/\/agora.xtec.cat\/esc-casserres\/?p=3795"},"modified":"2022-10-07T18:28:16","modified_gmt":"2022-10-07T16:28:16","slug":"per-molts-anys","status":"publish","type":"post","link":"https:\/\/agora.xtec.cat\/esc-casserres\/infantil\/per-molts-anys\/","title":{"rendered":"PER MOLTS ANYS!"},"content":{"rendered":"<p><span lang=\"CA\">Els nens i nenes viuen amb molta il\u00b7lusi\u00f3 el dia del seu aniversari. <\/span><span lang=\"CA\">A l&#8217;escola el dia de l&#8217;aniversari est\u00e0 marcat al calendari. Sovint, quan arriba &#8220;el dia&#8221; ja fa setmanes que fem el compte enrere!\u00a0 Els aniversaris poden ser oportunitats molt significatives per ajudar-nos a situar en el calendari.<\/span><\/p>\n<p><span lang=\"CA\">Quan arriba el dia esperat qui fa anys \u00e9s l&#8217;aut\u00e8ntic protagonista. T\u00e9 la feina i oportunitat de pensar un desig molt bonic i bufar fort les espelmes mentre els companys i companyes esperen impacients i emocionats que aquestes s&#8217;apaguin per aplaudir, cantar i cridar ben fort: -PER MOLTS ANYS!<\/span><\/p>\n<p>Tot seguit venen les abra\u00e7ades i els petons, els compliments, afalacs i floretes! Tamb\u00e9 el detall d&#8217;aniversari que regalem als protagonistes de part de l&#8217;escola.<\/p>\n<p>Celebrar l&#8217;aniversari a l&#8217;escola amb els companys i companyes \u00e9s molt emocionant!<\/p>\n<p>Ho voleu veure?<\/p>\n<p><sup>feu clic damunt la foto per accedir a l&#8217;\u00e0lbum d&#8217;aniversaris de I4. Si us uniu a l&#8217;\u00e0lbum rebreu les notificacions quan aquest es vagi actualitzant al llarg del curs.<\/sup><\/p>\n<p><a href=\"https:\/\/photos.app.goo.gl\/t9wkgWL1GYApVhD49\"><img loading=\"lazy\" decoding=\"async\" class=\"alignnone  wp-image-3796\" src=\"https:\/\/agora.xtec.cat\/esc-casserres\/wp-content\/uploads\/usu1738\/2022\/09\/PXL_20220907_082101602.PORTRAIT.jpg\" alt=\"\" width=\"267\" height=\"355\" srcset=\"https:\/\/agora.xtec.cat\/esc-casserres\/wp-content\/uploads\/usu1738\/2022\/09\/PXL_20220907_082101602.PORTRAIT.jpg 311w, https:\/\/agora.xtec.cat\/esc-casserres\/wp-content\/uploads\/usu1738\/2022\/09\/PXL_20220907_082101602.PORTRAIT-225x300.jpg 225w\" sizes=\"auto, (max-width: 267px) 100vw, 267px\" \/><\/a><\/p>\n","protected":false},"excerpt":{"rendered":"<p>Els nens i nenes viuen amb molta il\u00b7lusi\u00f3 el dia del seu aniversari. A l&#8217;escola el dia de l&#8217;aniversari est\u00e0 marcat al calendari. Sovint, quan arriba &#8220;el dia&#8221; ja fa setmanes que fem el compte enrere!\u00a0 Els aniversaris poden ser oportunitats molt significatives per ajudar-nos a situar en el calendari. Quan arriba el dia esperat [&hellip;]<\/p>\n","protected":false},"author":6,"featured_media":3796,"comment_status":"closed","ping_status":"closed","sticky":false,"template":"","format":"standard","meta":{"_bbp_topic_count":0,"_bbp_reply_count":0,"_bbp_total_topic_count":0,"_bbp_total_reply_count":0,"_bbp_voice_count":0,"_bbp_anonymous_reply_count":0,"_bbp_topic_count_hidden":0,"_bbp_reply_count_hidden":0,"_bbp_forum_subforum_count":0,"site-sidebar-layout":"default","site-content-layout":"","ast-site-content-layout":"","site-content-style":"default","site-sidebar-style":"default","ast-global-header-display":"","ast-banner-title-visibility":"","ast-main-header-display":"","ast-hfb-above-header-display":"","ast-hfb-below-header-display":"","ast-hfb-mobile-header-display":"","site-post-title":"","ast-breadcrumbs-content":"","ast-featured-img":"","footer-sml-layout":"","theme-transparent-header-meta":"","adv-header-id-meta":"","stick-header-meta":"","header-above-stick-meta":"","header-main-stick-meta":"","header-below-stick-meta":"","astra-migrate-meta-layouts":"default","ast-page-background-enabled":"default","ast-page-background-meta":{"desktop":{"background-color":"var(--ast-global-color-4)","background-image":"","background-repeat":"repeat","background-position":"center center","background-size":"auto","background-attachment":"scroll","background-type":"","background-media":"","overlay-type":"","overlay-color":"","overlay-opacity":"","overlay-gradient":""},"tablet":{"background-color":"","background-image":"","background-repeat":"repeat","background-position":"center center","background-size":"auto","background-attachment":"scroll","background-type":"","background-media":"","overlay-type":"","overlay-color":"","overlay-opacity":"","overlay-gradient":""},"mobile":{"background-color":"","background-image":"","background-repeat":"repeat","background-position":"center center","background-size":"auto","background-attachment":"scroll","background-type":"","background-media":"","overlay-type":"","overlay-color":"","overlay-opacity":"","overlay-gradient":""}},"ast-content-background-meta":{"desktop":{"background-color":"var(--ast-global-color-5)","background-image":"","background-repeat":"repeat","background-position":"center center","background-size":"auto","background-attachment":"scroll","background-type":"","background-media":"","overlay-type":"","overlay-color":"","overlay-opacity":"","overlay-gradient":""},"tablet":{"background-color":"var(--ast-global-color-5)","background-image":"","background-repeat":"repeat","background-position":"center center","background-size":"auto","background-attachment":"scroll","background-type":"","background-media":"","overlay-type":"","overlay-color":"","overlay-opacity":"","overlay-gradient":""},"mobile":{"background-color":"var(--ast-global-color-5)","background-image":"","background-repeat":"repeat","background-position":"center center","background-size":"auto","background-attachment":"scroll","background-type":"","background-media":"","overlay-type":"","overlay-color":"","overlay-opacity":"","overlay-gradient":""}},"footnotes":""},"categories":[8,2,4],"tags":[71],"class_list":["post-3795","post","type-post","status-publish","format-standard","has-post-thumbnail","hentry","category-i4","category-infantil","category-portada","tag-educacio-infantil"],"post_mailing_queue_ids":[],"_links":{"self":[{"href":"https:\/\/agora.xtec.cat\/esc-casserres\/wp-json\/wp\/v2\/posts\/3795","targetHints":{"allow":["GET"]}}],"collection":[{"href":"https:\/\/agora.xtec.cat\/esc-casserres\/wp-json\/wp\/v2\/posts"}],"about":[{"href":"https:\/\/agora.xtec.cat\/esc-casserres\/wp-json\/wp\/v2\/types\/post"}],"author":[{"embeddable":true,"href":"https:\/\/agora.xtec.cat\/esc-casserres\/wp-json\/wp\/v2\/users\/6"}],"replies":[{"embeddable":true,"href":"https:\/\/agora.xtec.cat\/esc-casserres\/wp-json\/wp\/v2\/comments?post=3795"}],"version-history":[{"count":1,"href":"https:\/\/agora.xtec.cat\/esc-casserres\/wp-json\/wp\/v2\/posts\/3795\/revisions"}],"predecessor-version":[{"id":3797,"href":"https:\/\/agora.xtec.cat\/esc-casserres\/wp-json\/wp\/v2\/posts\/3795\/revisions\/3797"}],"wp:featuredmedia":[{"embeddable":true,"href":"https:\/\/agora.xtec.cat\/esc-casserres\/wp-json\/wp\/v2\/media\/3796"}],"wp:attachment":[{"href":"https:\/\/agora.xtec.cat\/esc-casserres\/wp-json\/wp\/v2\/media?parent=3795"}],"wp:term":[{"taxonomy":"category","embeddable":true,"href":"https:\/\/agora.xtec.cat\/esc-casserres\/wp-json\/wp\/v2\/categories?post=3795"},{"taxonomy":"post_tag","embeddable":true,"href":"https:\/\/agora.xtec.cat\/esc-casserres\/wp-json\/wp\/v2\/tags?post=3795"}],"curies":[{"name":"wp","href":"https:\/\/api.w.org\/{rel}","templated":true}]}}