{"id":3743,"date":"2022-06-21T08:13:48","date_gmt":"2022-06-21T06:13:48","guid":{"rendered":"https:\/\/agora.xtec.cat\/esc-casserres\/?p=3743"},"modified":"2022-06-23T08:22:13","modified_gmt":"2022-06-23T06:22:13","slug":"quins-animals-viuen-al-bosc-de-lalzina-dels-colls","status":"publish","type":"post","link":"https:\/\/agora.xtec.cat\/esc-casserres\/general\/quins-animals-viuen-al-bosc-de-lalzina-dels-colls\/","title":{"rendered":"QUINS ANIMALS VIUEN AL BOSC DE L&#8217;ALZINA DELS COLLS?"},"content":{"rendered":"<p>Durant aquest curs a cicle inicial hem anat indagant sobre els animals que viuen al nostre poble i els h\u00e0bitats que hi ha.<\/p>\n<p>Des del febrer tamb\u00e9 hem fet una investigaci\u00f3 per esbrinar quins animals viuen en la zona de bosc de l&#8217;Alzina dels Colls i com viuen.<\/p>\n<p>Us agra\u00efm la gran col.laboraci\u00f3 de les fam\u00edlies per a poder fer aquest projecte, aix\u00ed com de les altres persones expertes que ens hi heu ajudat.<\/p>\n<p>Si cliqueu a aquest fotografia, enlla\u00e7areu al video on us expliquem com ho hem fet i el que hem descobert.<\/p>\n<p><a href=\"https:\/\/photos.app.goo.gl\/xFwmumFUn4wG5kkk6\"><img loading=\"lazy\" decoding=\"async\" class=\"aligncenter size-full wp-image-3749\" src=\"https:\/\/agora.xtec.cat\/esc-casserres\/wp-content\/uploads\/usu1738\/2022\/06\/20220602_081918.jpg\" alt=\"\" width=\"1000\" height=\"492\" srcset=\"https:\/\/agora.xtec.cat\/esc-casserres\/wp-content\/uploads\/usu1738\/2022\/06\/20220602_081918.jpg 1000w, https:\/\/agora.xtec.cat\/esc-casserres\/wp-content\/uploads\/usu1738\/2022\/06\/20220602_081918-300x148.jpg 300w, https:\/\/agora.xtec.cat\/esc-casserres\/wp-content\/uploads\/usu1738\/2022\/06\/20220602_081918-768x378.jpg 768w\" sizes=\"auto, (max-width: 1000px) 100vw, 1000px\" \/><\/a><\/p>\n<p>Clicant aquestes fotografies veureu com ha estat la nostra investigaci\u00f3 en el terreny, els rastres que hem trobat\u00a0 (tant al bosc com a altres llocs de l&#8217;entorn de Casserres), el que han filmat les c\u00e0meres de rastreig\u00a0 i el treball d&#8217;an\u00e0lisi i recerca d&#8217;informaci\u00f3 que hem fet a les aules.<\/p>\n<p><a href=\"https:\/\/photos.app.goo.gl\/taxQ4cNf4SphTnwF7\"><img loading=\"lazy\" decoding=\"async\" class=\"aligncenter size-full wp-image-3748\" src=\"https:\/\/agora.xtec.cat\/esc-casserres\/wp-content\/uploads\/usu1738\/2022\/06\/investigacio-bosc.jpg\" alt=\"\" width=\"716\" height=\"537\" srcset=\"https:\/\/agora.xtec.cat\/esc-casserres\/wp-content\/uploads\/usu1738\/2022\/06\/investigacio-bosc.jpg 716w, https:\/\/agora.xtec.cat\/esc-casserres\/wp-content\/uploads\/usu1738\/2022\/06\/investigacio-bosc-300x225.jpg 300w, https:\/\/agora.xtec.cat\/esc-casserres\/wp-content\/uploads\/usu1738\/2022\/06\/investigacio-bosc-200x150.jpg 200w\" sizes=\"auto, (max-width: 716px) 100vw, 716px\" \/><\/a><a href=\"https:\/\/photos.app.goo.gl\/Qg4mJEZKdio2bJpSA\"><img loading=\"lazy\" decoding=\"async\" class=\"aligncenter size-full wp-image-3745\" src=\"https:\/\/agora.xtec.cat\/esc-casserres\/wp-content\/uploads\/usu1738\/2022\/06\/20220512_111112.jpg\" alt=\"\" width=\"1000\" height=\"539\" srcset=\"https:\/\/agora.xtec.cat\/esc-casserres\/wp-content\/uploads\/usu1738\/2022\/06\/20220512_111112.jpg 1000w, https:\/\/agora.xtec.cat\/esc-casserres\/wp-content\/uploads\/usu1738\/2022\/06\/20220512_111112-300x162.jpg 300w, https:\/\/agora.xtec.cat\/esc-casserres\/wp-content\/uploads\/usu1738\/2022\/06\/20220512_111112-768x414.jpg 768w\" sizes=\"auto, (max-width: 1000px) 100vw, 1000px\" \/><\/a><\/p>\n<p>&nbsp;<\/p>\n<p>I en aquesta veureu que a les estones lliures ens ha encantat gaudir d&#8217;aquest lloc tan especial que \u00e9s l&#8217;Alzina dels Colls.<\/p>\n<p><a href=\"https:\/\/photos.app.goo.gl\/nn89Una9hyJs5ZVR7\"><img loading=\"lazy\" decoding=\"async\" class=\"aligncenter size-full wp-image-3747\" src=\"https:\/\/agora.xtec.cat\/esc-casserres\/wp-content\/uploads\/usu1738\/2022\/06\/pica-paret.jpg\" alt=\"\" width=\"716\" height=\"537\" srcset=\"https:\/\/agora.xtec.cat\/esc-casserres\/wp-content\/uploads\/usu1738\/2022\/06\/pica-paret.jpg 716w, https:\/\/agora.xtec.cat\/esc-casserres\/wp-content\/uploads\/usu1738\/2022\/06\/pica-paret-300x225.jpg 300w, https:\/\/agora.xtec.cat\/esc-casserres\/wp-content\/uploads\/usu1738\/2022\/06\/pica-paret-200x150.jpg 200w\" sizes=\"auto, (max-width: 716px) 100vw, 716px\" \/><\/a><\/p>\n","protected":false},"excerpt":{"rendered":"<p>Durant aquest curs a cicle inicial hem anat indagant sobre els animals que viuen al nostre poble i els h\u00e0bitats que hi ha. Des del febrer tamb\u00e9 hem fet una investigaci\u00f3 per esbrinar quins animals viuen en la zona de bosc de l&#8217;Alzina dels Colls i com viuen. Us agra\u00efm la gran col.laboraci\u00f3 de les [&hellip;]<\/p>\n","protected":false},"author":1,"featured_media":3775,"comment_status":"closed","ping_status":"closed","sticky":false,"template":"","format":"standard","meta":{"_bbp_topic_count":0,"_bbp_reply_count":0,"_bbp_total_topic_count":0,"_bbp_total_reply_count":0,"_bbp_voice_count":0,"_bbp_anonymous_reply_count":0,"_bbp_topic_count_hidden":0,"_bbp_reply_count_hidden":0,"_bbp_forum_subforum_count":0,"site-sidebar-layout":"default","site-content-layout":"","ast-site-content-layout":"","site-content-style":"default","site-sidebar-style":"default","ast-global-header-display":"","ast-banner-title-visibility":"","ast-main-header-display":"","ast-hfb-above-header-display":"","ast-hfb-below-header-display":"","ast-hfb-mobile-header-display":"","site-post-title":"","ast-breadcrumbs-content":"","ast-featured-img":"","footer-sml-layout":"","theme-transparent-header-meta":"","adv-header-id-meta":"","stick-header-meta":"","header-above-stick-meta":"","header-main-stick-meta":"","header-below-stick-meta":"","astra-migrate-meta-layouts":"default","ast-page-background-enabled":"default","ast-page-background-meta":{"desktop":{"background-color":"var(--ast-global-color-4)","background-image":"","background-repeat":"repeat","background-position":"center center","background-size":"auto","background-attachment":"scroll","background-type":"","background-media":"","overlay-type":"","overlay-color":"","overlay-opacity":"","overlay-gradient":""},"tablet":{"background-color":"","background-image":"","background-repeat":"repeat","background-position":"center center","background-size":"auto","background-attachment":"scroll","background-type":"","background-media":"","overlay-type":"","overlay-color":"","overlay-opacity":"","overlay-gradient":""},"mobile":{"background-color":"","background-image":"","background-repeat":"repeat","background-position":"center center","background-size":"auto","background-attachment":"scroll","background-type":"","background-media":"","overlay-type":"","overlay-color":"","overlay-opacity":"","overlay-gradient":""}},"ast-content-background-meta":{"desktop":{"background-color":"var(--ast-global-color-5)","background-image":"","background-repeat":"repeat","background-position":"center center","background-size":"auto","background-attachment":"scroll","background-type":"","background-media":"","overlay-type":"","overlay-color":"","overlay-opacity":"","overlay-gradient":""},"tablet":{"background-color":"var(--ast-global-color-5)","background-image":"","background-repeat":"repeat","background-position":"center center","background-size":"auto","background-attachment":"scroll","background-type":"","background-media":"","overlay-type":"","overlay-color":"","overlay-opacity":"","overlay-gradient":""},"mobile":{"background-color":"var(--ast-global-color-5)","background-image":"","background-repeat":"repeat","background-position":"center center","background-size":"auto","background-attachment":"scroll","background-type":"","background-media":"","overlay-type":"","overlay-color":"","overlay-opacity":"","overlay-gradient":""}},"footnotes":""},"categories":[10,11,59,1,4,5,232],"tags":[],"class_list":["post-3743","post","type-post","status-publish","format-standard","has-post-thumbnail","hentry","category-1r","category-2n","category-cicle-inicial","category-general","category-portada","category-primaria","category-projectes-de-medi"],"post_mailing_queue_ids":[],"_links":{"self":[{"href":"https:\/\/agora.xtec.cat\/esc-casserres\/wp-json\/wp\/v2\/posts\/3743","targetHints":{"allow":["GET"]}}],"collection":[{"href":"https:\/\/agora.xtec.cat\/esc-casserres\/wp-json\/wp\/v2\/posts"}],"about":[{"href":"https:\/\/agora.xtec.cat\/esc-casserres\/wp-json\/wp\/v2\/types\/post"}],"author":[{"embeddable":true,"href":"https:\/\/agora.xtec.cat\/esc-casserres\/wp-json\/wp\/v2\/users\/1"}],"replies":[{"embeddable":true,"href":"https:\/\/agora.xtec.cat\/esc-casserres\/wp-json\/wp\/v2\/comments?post=3743"}],"version-history":[{"count":4,"href":"https:\/\/agora.xtec.cat\/esc-casserres\/wp-json\/wp\/v2\/posts\/3743\/revisions"}],"predecessor-version":[{"id":3774,"href":"https:\/\/agora.xtec.cat\/esc-casserres\/wp-json\/wp\/v2\/posts\/3743\/revisions\/3774"}],"wp:featuredmedia":[{"embeddable":true,"href":"https:\/\/agora.xtec.cat\/esc-casserres\/wp-json\/wp\/v2\/media\/3775"}],"wp:attachment":[{"href":"https:\/\/agora.xtec.cat\/esc-casserres\/wp-json\/wp\/v2\/media?parent=3743"}],"wp:term":[{"taxonomy":"category","embeddable":true,"href":"https:\/\/agora.xtec.cat\/esc-casserres\/wp-json\/wp\/v2\/categories?post=3743"},{"taxonomy":"post_tag","embeddable":true,"href":"https:\/\/agora.xtec.cat\/esc-casserres\/wp-json\/wp\/v2\/tags?post=3743"}],"curies":[{"name":"wp","href":"https:\/\/api.w.org\/{rel}","templated":true}]}}