{"id":3702,"date":"2022-06-06T18:01:12","date_gmt":"2022-06-06T16:01:12","guid":{"rendered":"https:\/\/agora.xtec.cat\/esc-casserres\/?p=3702"},"modified":"2022-06-08T13:12:01","modified_gmt":"2022-06-08T11:12:01","slug":"premis-residencia-onada-de-casserres","status":"publish","type":"post","link":"https:\/\/agora.xtec.cat\/esc-casserres\/general\/premis-residencia-onada-de-casserres\/","title":{"rendered":"PREMIS RESID\u00c8NCIA ONADA DE CASSERRES"},"content":{"rendered":"<p style=\"text-align: center;\"><a href=\"https:\/\/agora.xtec.cat\/esc-casserres\/wp-content\/uploads\/usu1738\/2022\/06\/Onada.jpg\"><img loading=\"lazy\" decoding=\"async\" class=\"alignnone wp-image-3715\" src=\"https:\/\/agora.xtec.cat\/esc-casserres\/wp-content\/uploads\/usu1738\/2022\/06\/Onada-1024x768.jpg\" alt=\"\" width=\"350\" height=\"263\" srcset=\"https:\/\/agora.xtec.cat\/esc-casserres\/wp-content\/uploads\/usu1738\/2022\/06\/Onada-1024x768.jpg 1024w, https:\/\/agora.xtec.cat\/esc-casserres\/wp-content\/uploads\/usu1738\/2022\/06\/Onada-300x225.jpg 300w, https:\/\/agora.xtec.cat\/esc-casserres\/wp-content\/uploads\/usu1738\/2022\/06\/Onada-768x576.jpg 768w, https:\/\/agora.xtec.cat\/esc-casserres\/wp-content\/uploads\/usu1738\/2022\/06\/Onada-200x150.jpg 200w, https:\/\/agora.xtec.cat\/esc-casserres\/wp-content\/uploads\/usu1738\/2022\/06\/Onada.jpg 1231w\" sizes=\"auto, (max-width: 350px) 100vw, 350px\" \/><\/a><\/p>\n<p>El 27 de maig es van entregar els premis del concurs escolar organitzat per la resid\u00e8ncia <strong>ONADA<\/strong> de Casserres, amb dibuixos fins a 3r, i redaccions a partir de 4t.<\/p>\n<p>El tema era <em><strong>&#8220;El meu avi, la meva \u00e0via&#8221;<\/strong>. <\/em>Els guanyadors\/es de la nostra escola han estat:<\/p>\n<ul>\n<li>Pol Oll\u00e9 de 2n.<\/li>\n<li>Marcel Comellas de 3r.<\/li>\n<li>Noa Vinyals de 6\u00e8.<\/li>\n<\/ul>\n<p><strong>Els felicitem i els animem a\u00a0 continuar sent tan creatius i bons dibuixants\/escriptors! Moltes gr\u00e0cies a tots els avis\/\u00e0vies i a l&#8217;organitzaci\u00f3 de la Resid\u00e8ncia per fer-ho possible.\u00a0<\/strong><strong>Fins l&#8217;any vinent! \ud83d\ude09\ud83d\ude09<\/strong><\/p>\n<p>Podeu veure les fotos clicant el seg\u00fcent enlla\u00e7:\u00a0<a href=\"https:\/\/photos.app.goo.gl\/gC1gsfZ2GG4tgeXdA\">FOTOS ONADA 21-22<\/a><\/p>\n<p>&nbsp;<\/p>\n","protected":false},"excerpt":{"rendered":"<p>El 27 de maig es van entregar els premis del concurs escolar organitzat per la resid\u00e8ncia ONADA de Casserres, amb dibuixos fins a 3r, i redaccions a partir de 4t. El tema era &#8220;El meu avi, la meva \u00e0via&#8221;. Els guanyadors\/es de la nostra escola han estat: Pol Oll\u00e9 de 2n. Marcel Comellas de 3r. [&hellip;]<\/p>\n","protected":false},"author":29,"featured_media":3715,"comment_status":"closed","ping_status":"closed","sticky":false,"template":"","format":"standard","meta":{"_bbp_topic_count":0,"_bbp_reply_count":0,"_bbp_total_topic_count":0,"_bbp_total_reply_count":0,"_bbp_voice_count":0,"_bbp_anonymous_reply_count":0,"_bbp_topic_count_hidden":0,"_bbp_reply_count_hidden":0,"_bbp_forum_subforum_count":0,"site-sidebar-layout":"default","site-content-layout":"","ast-site-content-layout":"","site-content-style":"default","site-sidebar-style":"default","ast-global-header-display":"","ast-banner-title-visibility":"","ast-main-header-display":"","ast-hfb-above-header-display":"","ast-hfb-below-header-display":"","ast-hfb-mobile-header-display":"","site-post-title":"","ast-breadcrumbs-content":"","ast-featured-img":"","footer-sml-layout":"","theme-transparent-header-meta":"","adv-header-id-meta":"","stick-header-meta":"","header-above-stick-meta":"","header-main-stick-meta":"","header-below-stick-meta":"","astra-migrate-meta-layouts":"default","ast-page-background-enabled":"default","ast-page-background-meta":{"desktop":{"background-color":"var(--ast-global-color-4)","background-image":"","background-repeat":"repeat","background-position":"center center","background-size":"auto","background-attachment":"scroll","background-type":"","background-media":"","overlay-type":"","overlay-color":"","overlay-opacity":"","overlay-gradient":""},"tablet":{"background-color":"","background-image":"","background-repeat":"repeat","background-position":"center center","background-size":"auto","background-attachment":"scroll","background-type":"","background-media":"","overlay-type":"","overlay-color":"","overlay-opacity":"","overlay-gradient":""},"mobile":{"background-color":"","background-image":"","background-repeat":"repeat","background-position":"center center","background-size":"auto","background-attachment":"scroll","background-type":"","background-media":"","overlay-type":"","overlay-color":"","overlay-opacity":"","overlay-gradient":""}},"ast-content-background-meta":{"desktop":{"background-color":"var(--ast-global-color-5)","background-image":"","background-repeat":"repeat","background-position":"center center","background-size":"auto","background-attachment":"scroll","background-type":"","background-media":"","overlay-type":"","overlay-color":"","overlay-opacity":"","overlay-gradient":""},"tablet":{"background-color":"var(--ast-global-color-5)","background-image":"","background-repeat":"repeat","background-position":"center center","background-size":"auto","background-attachment":"scroll","background-type":"","background-media":"","overlay-type":"","overlay-color":"","overlay-opacity":"","overlay-gradient":""},"mobile":{"background-color":"var(--ast-global-color-5)","background-image":"","background-repeat":"repeat","background-position":"center center","background-size":"auto","background-attachment":"scroll","background-type":"","background-media":"","overlay-type":"","overlay-color":"","overlay-opacity":"","overlay-gradient":""}},"footnotes":""},"categories":[59,60,61,1,2,4,5],"tags":[],"class_list":["post-3702","post","type-post","status-publish","format-standard","has-post-thumbnail","hentry","category-cicle-inicial","category-cicle-mitja","category-cicle-superior","category-general","category-infantil","category-portada","category-primaria"],"post_mailing_queue_ids":[],"_links":{"self":[{"href":"https:\/\/agora.xtec.cat\/esc-casserres\/wp-json\/wp\/v2\/posts\/3702","targetHints":{"allow":["GET"]}}],"collection":[{"href":"https:\/\/agora.xtec.cat\/esc-casserres\/wp-json\/wp\/v2\/posts"}],"about":[{"href":"https:\/\/agora.xtec.cat\/esc-casserres\/wp-json\/wp\/v2\/types\/post"}],"author":[{"embeddable":true,"href":"https:\/\/agora.xtec.cat\/esc-casserres\/wp-json\/wp\/v2\/users\/29"}],"replies":[{"embeddable":true,"href":"https:\/\/agora.xtec.cat\/esc-casserres\/wp-json\/wp\/v2\/comments?post=3702"}],"version-history":[{"count":3,"href":"https:\/\/agora.xtec.cat\/esc-casserres\/wp-json\/wp\/v2\/posts\/3702\/revisions"}],"predecessor-version":[{"id":3716,"href":"https:\/\/agora.xtec.cat\/esc-casserres\/wp-json\/wp\/v2\/posts\/3702\/revisions\/3716"}],"wp:featuredmedia":[{"embeddable":true,"href":"https:\/\/agora.xtec.cat\/esc-casserres\/wp-json\/wp\/v2\/media\/3715"}],"wp:attachment":[{"href":"https:\/\/agora.xtec.cat\/esc-casserres\/wp-json\/wp\/v2\/media?parent=3702"}],"wp:term":[{"taxonomy":"category","embeddable":true,"href":"https:\/\/agora.xtec.cat\/esc-casserres\/wp-json\/wp\/v2\/categories?post=3702"},{"taxonomy":"post_tag","embeddable":true,"href":"https:\/\/agora.xtec.cat\/esc-casserres\/wp-json\/wp\/v2\/tags?post=3702"}],"curies":[{"name":"wp","href":"https:\/\/api.w.org\/{rel}","templated":true}]}}