{"id":3506,"date":"2022-02-11T13:22:50","date_gmt":"2022-02-11T12:22:50","guid":{"rendered":"https:\/\/agora.xtec.cat\/esc-casserres\/?p=3506"},"modified":"2022-02-11T13:23:10","modified_gmt":"2022-02-11T12:23:10","slug":"taller-de-capoeira-a-2n","status":"publish","type":"post","link":"https:\/\/agora.xtec.cat\/esc-casserres\/general\/taller-de-capoeira-a-2n\/","title":{"rendered":"Taller de Capoeira a 2n"},"content":{"rendered":"<p>Avui han vingut a l&#8217;escola la Gal\u00b7la i el Juanjo (i la Nina) a fer-nos un taller Capoeira a l&#8217;hora d&#8217;Educaci\u00f3 f\u00edsica de 2n. La Capoeira \u00e9s una art marcial origin\u00e0ria del Brasil. El Juanjo ens ha explicat que els moviments imiten les t\u00e8cniques que utilitzaven els esclaus brasilers per defensar-se i escapar dels colonitzadors portuguesos. Aquesta art marcial t\u00e9 la peculiaritat que es &#8220;juga&#8221; acompanyada d&#8217;uns instruments molt curiosos. L&#8217;instrument principal \u00e9s el <a href=\"https:\/\/ca.wikipedia.org\/wiki\/Berimbau\">Berimbao<\/a>, un tronc d&#8217;un arbre anomenat birimba on hi ha tensat un cable d&#8217;acer que es colpeja amb una baqueta. Perqu\u00e8 soni m\u00e9s fort s&#8217;utilitza una carbassa buida i seca com a caixa de resson\u00e0ncia. Tamb\u00e9 es fa servir una pedra o una moneda per tensar el cable i que faci sons diferents. Per \u00faltim amb la m\u00e0 de la baqueta tamb\u00e9 s&#8217;aguanta un caxixi, una cistelleta plena de llavors que ajuda a portar el ritme. A m\u00e9s del berimbao i el caxixi, tamb\u00e9 es pot acompanyar d&#8217;altres instruments de percussi\u00f3 com panderos, panderetes, bongos i shakers.<\/p>\n<p>Tot i que la t\u00e8cnica \u00e9s molt dif\u00edcil, hem practicar la &#8220;ginga&#8221;, el moviment b\u00e0sic de la capoeira i ens ho hem passat molt i molt b\u00e9!!<\/p>\n<p>Gr\u00e0cies Gal\u00b7la i Juanjo!!!<\/p>\n<p>&nbsp;<\/p>\n<p>Si ens voleu veure en acci\u00f3 practicant el <strong>JOGO DI CAPOEIRA<\/strong>, cliqueu al seg\u00fcent enlla\u00e7.<\/p>\n<p><a href=\"https:\/\/photos.app.goo.gl\/E8nsxrb1p62rMPKh9\">FOTOS I V\u00cdDEOS<\/a><\/p>\n","protected":false},"excerpt":{"rendered":"<p>Avui han vingut a l&#8217;escola la Gal\u00b7la i el Juanjo (i la Nina) a fer-nos un taller Capoeira a l&#8217;hora d&#8217;Educaci\u00f3 f\u00edsica de 2n. La Capoeira \u00e9s una art marcial origin\u00e0ria del Brasil. El Juanjo ens ha explicat que els moviments imiten les t\u00e8cniques que utilitzaven els esclaus brasilers per defensar-se i escapar dels colonitzadors [&hellip;]<\/p>\n","protected":false},"author":19,"featured_media":3508,"comment_status":"closed","ping_status":"closed","sticky":false,"template":"","format":"standard","meta":{"_bbp_topic_count":0,"_bbp_reply_count":0,"_bbp_total_topic_count":0,"_bbp_total_reply_count":0,"_bbp_voice_count":0,"_bbp_anonymous_reply_count":0,"_bbp_topic_count_hidden":0,"_bbp_reply_count_hidden":0,"_bbp_forum_subforum_count":0,"site-sidebar-layout":"default","site-content-layout":"","ast-site-content-layout":"","site-content-style":"default","site-sidebar-style":"default","ast-global-header-display":"","ast-banner-title-visibility":"","ast-main-header-display":"","ast-hfb-above-header-display":"","ast-hfb-below-header-display":"","ast-hfb-mobile-header-display":"","site-post-title":"","ast-breadcrumbs-content":"","ast-featured-img":"","footer-sml-layout":"","theme-transparent-header-meta":"","adv-header-id-meta":"","stick-header-meta":"","header-above-stick-meta":"","header-main-stick-meta":"","header-below-stick-meta":"","astra-migrate-meta-layouts":"default","ast-page-background-enabled":"default","ast-page-background-meta":{"desktop":{"background-color":"var(--ast-global-color-4)","background-image":"","background-repeat":"repeat","background-position":"center center","background-size":"auto","background-attachment":"scroll","background-type":"","background-media":"","overlay-type":"","overlay-color":"","overlay-opacity":"","overlay-gradient":""},"tablet":{"background-color":"","background-image":"","background-repeat":"repeat","background-position":"center center","background-size":"auto","background-attachment":"scroll","background-type":"","background-media":"","overlay-type":"","overlay-color":"","overlay-opacity":"","overlay-gradient":""},"mobile":{"background-color":"","background-image":"","background-repeat":"repeat","background-position":"center center","background-size":"auto","background-attachment":"scroll","background-type":"","background-media":"","overlay-type":"","overlay-color":"","overlay-opacity":"","overlay-gradient":""}},"ast-content-background-meta":{"desktop":{"background-color":"var(--ast-global-color-5)","background-image":"","background-repeat":"repeat","background-position":"center center","background-size":"auto","background-attachment":"scroll","background-type":"","background-media":"","overlay-type":"","overlay-color":"","overlay-opacity":"","overlay-gradient":""},"tablet":{"background-color":"var(--ast-global-color-5)","background-image":"","background-repeat":"repeat","background-position":"center center","background-size":"auto","background-attachment":"scroll","background-type":"","background-media":"","overlay-type":"","overlay-color":"","overlay-opacity":"","overlay-gradient":""},"mobile":{"background-color":"var(--ast-global-color-5)","background-image":"","background-repeat":"repeat","background-position":"center center","background-size":"auto","background-attachment":"scroll","background-type":"","background-media":"","overlay-type":"","overlay-color":"","overlay-opacity":"","overlay-gradient":""}},"footnotes":""},"categories":[11,59,62,1,4,5],"tags":[81,219,83,200,168,133,79,72],"class_list":["post-3506","post","type-post","status-publish","format-standard","has-post-thumbnail","hentry","category-2n","category-cicle-inicial","category-ed-fisica","category-general","category-portada","category-primaria","tag-activitats","tag-capoeira","tag-cicle-inicial","tag-curs-21-22","tag-educacio-fisica","tag-educacio-primaria","tag-pla-catala-de-lesport","tag-tallers"],"post_mailing_queue_ids":[],"_links":{"self":[{"href":"https:\/\/agora.xtec.cat\/esc-casserres\/wp-json\/wp\/v2\/posts\/3506","targetHints":{"allow":["GET"]}}],"collection":[{"href":"https:\/\/agora.xtec.cat\/esc-casserres\/wp-json\/wp\/v2\/posts"}],"about":[{"href":"https:\/\/agora.xtec.cat\/esc-casserres\/wp-json\/wp\/v2\/types\/post"}],"author":[{"embeddable":true,"href":"https:\/\/agora.xtec.cat\/esc-casserres\/wp-json\/wp\/v2\/users\/19"}],"replies":[{"embeddable":true,"href":"https:\/\/agora.xtec.cat\/esc-casserres\/wp-json\/wp\/v2\/comments?post=3506"}],"version-history":[{"count":1,"href":"https:\/\/agora.xtec.cat\/esc-casserres\/wp-json\/wp\/v2\/posts\/3506\/revisions"}],"predecessor-version":[{"id":3507,"href":"https:\/\/agora.xtec.cat\/esc-casserres\/wp-json\/wp\/v2\/posts\/3506\/revisions\/3507"}],"wp:featuredmedia":[{"embeddable":true,"href":"https:\/\/agora.xtec.cat\/esc-casserres\/wp-json\/wp\/v2\/media\/3508"}],"wp:attachment":[{"href":"https:\/\/agora.xtec.cat\/esc-casserres\/wp-json\/wp\/v2\/media?parent=3506"}],"wp:term":[{"taxonomy":"category","embeddable":true,"href":"https:\/\/agora.xtec.cat\/esc-casserres\/wp-json\/wp\/v2\/categories?post=3506"},{"taxonomy":"post_tag","embeddable":true,"href":"https:\/\/agora.xtec.cat\/esc-casserres\/wp-json\/wp\/v2\/tags?post=3506"}],"curies":[{"name":"wp","href":"https:\/\/api.w.org\/{rel}","templated":true}]}}