{"id":3332,"date":"2021-11-02T18:00:56","date_gmt":"2021-11-02T17:00:56","guid":{"rendered":"https:\/\/agora.xtec.cat\/esc-casserres\/?p=3332"},"modified":"2021-11-02T18:04:12","modified_gmt":"2021-11-02T17:04:12","slug":"sortida-a-camadoca","status":"publish","type":"post","link":"https:\/\/agora.xtec.cat\/esc-casserres\/general\/sortida-a-camadoca\/","title":{"rendered":"Sortida a Camadoca"},"content":{"rendered":"<p>Avui els i les alumnes de prim\u00e0ria hem anat a Camadoca, on hi ha l<span style=\"font-family: inherit; font-size: 1em;\">\u2019Associaci\u00f3 de Defensa i Estudi de la Fauna i Flora Aut\u00f2ctona (ADEFFA). \u00c9s una associaci\u00f3 sense \u00e0nim de lucre que es va fundar el 2006.<\/span><\/p>\n<div class=\"wpb_text_column wpb_content_element \">\n<div class=\"wpb_wrapper\">\n<p>Els objectius generals o missi\u00f3 d\u2019ADEFFA \u00e9s:<\/p>\n<ul>\n<li>Vetllar per la defensa i conservaci\u00f3 de la fauna i flora aut\u00f2ctona del territori, amb especial incid\u00e8ncia en la fauna i flora dels rius.<\/li>\n<li>La preservaci\u00f3 del medi ambient com a b\u00e9 social i general, tant a nivell d\u2019h\u00e0bitats com a nivell de flora, fauna, gesti\u00f3 de recursos i residus i gesti\u00f3 de bio invasor.<\/li>\n<\/ul>\n<p>Hem apr\u00e8s molt\u00edssimes coses i ens ho hem passat d&#8217;all\u00f2 m\u00e9s b\u00e9.<\/p>\n<p>Clicant a la imatge en podreu veure les fotos (l&#8217;\u00e0lbum s&#8217;anir\u00e0 actualitzant al llarg d&#8217;aquesta setmana, disculpeu les mol\u00e8sties).<\/p>\n<p><a href=\"https:\/\/photos.app.goo.gl\/qQcVzZWCk7PU4eZLA\"><img loading=\"lazy\" decoding=\"async\" class=\"wp-image-3333 aligncenter\" src=\"https:\/\/agora.xtec.cat\/esc-casserres\/wp-content\/uploads\/usu1738\/2021\/11\/camadoca-768x1024.jpg\" alt=\"\" width=\"371\" height=\"494\" srcset=\"https:\/\/agora.xtec.cat\/esc-casserres\/wp-content\/uploads\/usu1738\/2021\/11\/camadoca-768x1024.jpg 768w, https:\/\/agora.xtec.cat\/esc-casserres\/wp-content\/uploads\/usu1738\/2021\/11\/camadoca-225x300.jpg 225w, https:\/\/agora.xtec.cat\/esc-casserres\/wp-content\/uploads\/usu1738\/2021\/11\/camadoca-1152x1536.jpg 1152w, https:\/\/agora.xtec.cat\/esc-casserres\/wp-content\/uploads\/usu1738\/2021\/11\/camadoca.jpg 1200w\" sizes=\"auto, (max-width: 371px) 100vw, 371px\" \/><\/a><\/p>\n<\/div>\n<\/div>\n","protected":false},"excerpt":{"rendered":"<p>Avui els i les alumnes de prim\u00e0ria hem anat a Camadoca, on hi ha l\u2019Associaci\u00f3 de Defensa i Estudi de la Fauna i Flora Aut\u00f2ctona (ADEFFA). \u00c9s una associaci\u00f3 sense \u00e0nim de lucre que es va fundar el 2006. Els objectius generals o missi\u00f3 d\u2019ADEFFA \u00e9s: Vetllar per la defensa i conservaci\u00f3 de la fauna [&hellip;]<\/p>\n","protected":false},"author":16,"featured_media":0,"comment_status":"closed","ping_status":"closed","sticky":false,"template":"","format":"standard","meta":{"_bbp_topic_count":0,"_bbp_reply_count":0,"_bbp_total_topic_count":0,"_bbp_total_reply_count":0,"_bbp_voice_count":0,"_bbp_anonymous_reply_count":0,"_bbp_topic_count_hidden":0,"_bbp_reply_count_hidden":0,"_bbp_forum_subforum_count":0,"site-sidebar-layout":"default","site-content-layout":"","ast-site-content-layout":"","site-content-style":"default","site-sidebar-style":"default","ast-global-header-display":"","ast-banner-title-visibility":"","ast-main-header-display":"","ast-hfb-above-header-display":"","ast-hfb-below-header-display":"","ast-hfb-mobile-header-display":"","site-post-title":"","ast-breadcrumbs-content":"","ast-featured-img":"","footer-sml-layout":"","theme-transparent-header-meta":"","adv-header-id-meta":"","stick-header-meta":"","header-above-stick-meta":"","header-main-stick-meta":"","header-below-stick-meta":"","astra-migrate-meta-layouts":"default","ast-page-background-enabled":"default","ast-page-background-meta":{"desktop":{"background-color":"var(--ast-global-color-4)","background-image":"","background-repeat":"repeat","background-position":"center center","background-size":"auto","background-attachment":"scroll","background-type":"","background-media":"","overlay-type":"","overlay-color":"","overlay-opacity":"","overlay-gradient":""},"tablet":{"background-color":"","background-image":"","background-repeat":"repeat","background-position":"center center","background-size":"auto","background-attachment":"scroll","background-type":"","background-media":"","overlay-type":"","overlay-color":"","overlay-opacity":"","overlay-gradient":""},"mobile":{"background-color":"","background-image":"","background-repeat":"repeat","background-position":"center center","background-size":"auto","background-attachment":"scroll","background-type":"","background-media":"","overlay-type":"","overlay-color":"","overlay-opacity":"","overlay-gradient":""}},"ast-content-background-meta":{"desktop":{"background-color":"var(--ast-global-color-5)","background-image":"","background-repeat":"repeat","background-position":"center center","background-size":"auto","background-attachment":"scroll","background-type":"","background-media":"","overlay-type":"","overlay-color":"","overlay-opacity":"","overlay-gradient":""},"tablet":{"background-color":"var(--ast-global-color-5)","background-image":"","background-repeat":"repeat","background-position":"center center","background-size":"auto","background-attachment":"scroll","background-type":"","background-media":"","overlay-type":"","overlay-color":"","overlay-opacity":"","overlay-gradient":""},"mobile":{"background-color":"var(--ast-global-color-5)","background-image":"","background-repeat":"repeat","background-position":"center center","background-size":"auto","background-attachment":"scroll","background-type":"","background-media":"","overlay-type":"","overlay-color":"","overlay-opacity":"","overlay-gradient":""}},"footnotes":""},"categories":[10,11,12,13,14,15,59,60,61,1,4,5],"tags":[],"class_list":["post-3332","post","type-post","status-publish","format-standard","hentry","category-1r","category-2n","category-3r","category-4t","category-5e","category-6e","category-cicle-inicial","category-cicle-mitja","category-cicle-superior","category-general","category-portada","category-primaria"],"post_mailing_queue_ids":[],"_links":{"self":[{"href":"https:\/\/agora.xtec.cat\/esc-casserres\/wp-json\/wp\/v2\/posts\/3332","targetHints":{"allow":["GET"]}}],"collection":[{"href":"https:\/\/agora.xtec.cat\/esc-casserres\/wp-json\/wp\/v2\/posts"}],"about":[{"href":"https:\/\/agora.xtec.cat\/esc-casserres\/wp-json\/wp\/v2\/types\/post"}],"author":[{"embeddable":true,"href":"https:\/\/agora.xtec.cat\/esc-casserres\/wp-json\/wp\/v2\/users\/16"}],"replies":[{"embeddable":true,"href":"https:\/\/agora.xtec.cat\/esc-casserres\/wp-json\/wp\/v2\/comments?post=3332"}],"version-history":[{"count":1,"href":"https:\/\/agora.xtec.cat\/esc-casserres\/wp-json\/wp\/v2\/posts\/3332\/revisions"}],"predecessor-version":[{"id":3334,"href":"https:\/\/agora.xtec.cat\/esc-casserres\/wp-json\/wp\/v2\/posts\/3332\/revisions\/3334"}],"wp:attachment":[{"href":"https:\/\/agora.xtec.cat\/esc-casserres\/wp-json\/wp\/v2\/media?parent=3332"}],"wp:term":[{"taxonomy":"category","embeddable":true,"href":"https:\/\/agora.xtec.cat\/esc-casserres\/wp-json\/wp\/v2\/categories?post=3332"},{"taxonomy":"post_tag","embeddable":true,"href":"https:\/\/agora.xtec.cat\/esc-casserres\/wp-json\/wp\/v2\/tags?post=3332"}],"curies":[{"name":"wp","href":"https:\/\/api.w.org\/{rel}","templated":true}]}}