{"id":3041,"date":"2021-04-22T13:00:23","date_gmt":"2021-04-22T11:00:23","guid":{"rendered":"http:\/\/agora.xtec.cat\/esc-casserres\/?p=3041"},"modified":"2021-04-22T13:06:38","modified_gmt":"2021-04-22T11:06:38","slug":"ens-visita-el-pol-makuri","status":"publish","type":"post","link":"https:\/\/agora.xtec.cat\/esc-casserres\/general\/ens-visita-el-pol-makuri\/","title":{"rendered":"Ens visita el Pol Makuri!"},"content":{"rendered":"<p>El dimecres 21 d&#8217;abril a Cicle Superior ens va visitar el Pol Makuri Redolad per fer-nos una xerrada sobre esport adaptat i explicar-nos les seva experi\u00e8ncia en la pr\u00e0ctica de l&#8217;hoquei sobre patins, l&#8217;esqu\u00ed de fons i les curses de muntanya. El Pol t\u00e9 una <a href=\"https:\/\/ca.wikipedia.org\/wiki\/Hemipar%C3%A8sia\">hemipar\u00e8sia<\/a> de naixement que li impedeix moure amb normalitat les extremitats de la part dreta del seu cos. Aix\u00f2 no li ha impedit fer res del qu\u00e8 s&#8217;ha proposat. Al contrari, la discapacitat, li ha ofert moltes oportunitats i li ha perm\u00e8s viure experi\u00e8ncies incre\u00efbles com ara: Copes del m\u00f3n d&#8217;esqu\u00ed de fons, curses de muntanya m\u00edtiques (Zegama, Comapedrosa Sky race&#8230;), ascensions a cims de 3000 i 4000 metres, escalades a Montserrat&#8230; i ara mateix lluitant de valent per anar als jocs Paral\u00edmpics d&#8217;hivern el 2022 a la Xina!<\/p>\n<p>Va ser una xerrada plena de missatges positius, de lluita, superaci\u00f3 i vitalitat. A m\u00e9s, a l&#8217;escola hem adquirit dos exemplars del conte il\u00b7lustrat &#8220;Mig adormits&#8221; que explica la vida del Pol i la seva relaci\u00f3 amb el m\u00f3n de l&#8217;esport. Ens els va dedicar i estaran a la biblioteca de Cicle Superior per qui els vulgui consultar.<\/p>\n<p>Segur que recordarem durant molt de temps l&#8217;energia positiva que ens va transmetre el Pol! Com ell diu: &#8220;<strong>Cal lluitar cada dia pels nostres somnis!<\/strong>&#8221; Aix\u00ed ho farem Pol! Moltes gr\u00e0cies!<\/p>\n<p>Cliqueu per veure les <a href=\"https:\/\/photos.app.goo.gl\/k6upteXBh9L2V9yy5\">fotos i els v\u00eddeos.<\/a><\/p>\n<p>&nbsp;<\/p>\n","protected":false},"excerpt":{"rendered":"<p>El dimecres 21 d&#8217;abril a Cicle Superior ens va visitar el Pol Makuri Redolad per fer-nos una xerrada sobre esport adaptat i explicar-nos les seva experi\u00e8ncia en la pr\u00e0ctica de l&#8217;hoquei sobre patins, l&#8217;esqu\u00ed de fons i les curses de muntanya. El Pol t\u00e9 una hemipar\u00e8sia de naixement que li impedeix moure amb normalitat les [&hellip;]<\/p>\n","protected":false},"author":19,"featured_media":3042,"comment_status":"closed","ping_status":"closed","sticky":false,"template":"","format":"standard","meta":{"_bbp_topic_count":0,"_bbp_reply_count":0,"_bbp_total_topic_count":0,"_bbp_total_reply_count":0,"_bbp_voice_count":0,"_bbp_anonymous_reply_count":0,"_bbp_topic_count_hidden":0,"_bbp_reply_count_hidden":0,"_bbp_forum_subforum_count":0,"site-sidebar-layout":"default","site-content-layout":"","ast-site-content-layout":"","site-content-style":"default","site-sidebar-style":"default","ast-global-header-display":"","ast-banner-title-visibility":"","ast-main-header-display":"","ast-hfb-above-header-display":"","ast-hfb-below-header-display":"","ast-hfb-mobile-header-display":"","site-post-title":"","ast-breadcrumbs-content":"","ast-featured-img":"","footer-sml-layout":"","theme-transparent-header-meta":"","adv-header-id-meta":"","stick-header-meta":"","header-above-stick-meta":"","header-main-stick-meta":"","header-below-stick-meta":"","astra-migrate-meta-layouts":"default","ast-page-background-enabled":"default","ast-page-background-meta":{"desktop":{"background-color":"var(--ast-global-color-4)","background-image":"","background-repeat":"repeat","background-position":"center center","background-size":"auto","background-attachment":"scroll","background-type":"","background-media":"","overlay-type":"","overlay-color":"","overlay-opacity":"","overlay-gradient":""},"tablet":{"background-color":"","background-image":"","background-repeat":"repeat","background-position":"center center","background-size":"auto","background-attachment":"scroll","background-type":"","background-media":"","overlay-type":"","overlay-color":"","overlay-opacity":"","overlay-gradient":""},"mobile":{"background-color":"","background-image":"","background-repeat":"repeat","background-position":"center center","background-size":"auto","background-attachment":"scroll","background-type":"","background-media":"","overlay-type":"","overlay-color":"","overlay-opacity":"","overlay-gradient":""}},"ast-content-background-meta":{"desktop":{"background-color":"var(--ast-global-color-5)","background-image":"","background-repeat":"repeat","background-position":"center center","background-size":"auto","background-attachment":"scroll","background-type":"","background-media":"","overlay-type":"","overlay-color":"","overlay-opacity":"","overlay-gradient":""},"tablet":{"background-color":"var(--ast-global-color-5)","background-image":"","background-repeat":"repeat","background-position":"center center","background-size":"auto","background-attachment":"scroll","background-type":"","background-media":"","overlay-type":"","overlay-color":"","overlay-opacity":"","overlay-gradient":""},"mobile":{"background-color":"var(--ast-global-color-5)","background-image":"","background-repeat":"repeat","background-position":"center center","background-size":"auto","background-attachment":"scroll","background-type":"","background-media":"","overlay-type":"","overlay-color":"","overlay-opacity":"","overlay-gradient":""}},"footnotes":""},"categories":[14,15,61,62,1,4,5],"tags":[81,73,170,168,185,186],"class_list":["post-3041","post","type-post","status-publish","format-standard","has-post-thumbnail","hentry","category-5e","category-6e","category-cicle-superior","category-ed-fisica","category-general","category-portada","category-primaria","tag-activitats","tag-cicle-superior","tag-curs20-21","tag-educacio-fisica","tag-esport-adaptat","tag-pol-makuri"],"post_mailing_queue_ids":[],"_links":{"self":[{"href":"https:\/\/agora.xtec.cat\/esc-casserres\/wp-json\/wp\/v2\/posts\/3041","targetHints":{"allow":["GET"]}}],"collection":[{"href":"https:\/\/agora.xtec.cat\/esc-casserres\/wp-json\/wp\/v2\/posts"}],"about":[{"href":"https:\/\/agora.xtec.cat\/esc-casserres\/wp-json\/wp\/v2\/types\/post"}],"author":[{"embeddable":true,"href":"https:\/\/agora.xtec.cat\/esc-casserres\/wp-json\/wp\/v2\/users\/19"}],"replies":[{"embeddable":true,"href":"https:\/\/agora.xtec.cat\/esc-casserres\/wp-json\/wp\/v2\/comments?post=3041"}],"version-history":[{"count":3,"href":"https:\/\/agora.xtec.cat\/esc-casserres\/wp-json\/wp\/v2\/posts\/3041\/revisions"}],"predecessor-version":[{"id":3045,"href":"https:\/\/agora.xtec.cat\/esc-casserres\/wp-json\/wp\/v2\/posts\/3041\/revisions\/3045"}],"wp:featuredmedia":[{"embeddable":true,"href":"https:\/\/agora.xtec.cat\/esc-casserres\/wp-json\/wp\/v2\/media\/3042"}],"wp:attachment":[{"href":"https:\/\/agora.xtec.cat\/esc-casserres\/wp-json\/wp\/v2\/media?parent=3041"}],"wp:term":[{"taxonomy":"category","embeddable":true,"href":"https:\/\/agora.xtec.cat\/esc-casserres\/wp-json\/wp\/v2\/categories?post=3041"},{"taxonomy":"post_tag","embeddable":true,"href":"https:\/\/agora.xtec.cat\/esc-casserres\/wp-json\/wp\/v2\/tags?post=3041"}],"curies":[{"name":"wp","href":"https:\/\/api.w.org\/{rel}","templated":true}]}}