{"id":2677,"date":"2020-10-26T13:56:54","date_gmt":"2020-10-26T12:56:54","guid":{"rendered":"http:\/\/agora.xtec.cat\/esc-casserres\/?p=2677"},"modified":"2020-10-26T13:57:28","modified_gmt":"2020-10-26T12:57:28","slug":"primera-assemblea-de-delegades-i-delegats-del-curs","status":"publish","type":"post","link":"https:\/\/agora.xtec.cat\/esc-casserres\/portada\/primera-assemblea-de-delegades-i-delegats-del-curs\/","title":{"rendered":"Primera Assemblea de delegades i delegats del curs."},"content":{"rendered":"<p>Avui hi ha hagut la primera Assemblea de delegades i delegats d&#8217;aquest curs.<\/p>\n<p><a style=\"color: #2795b6;\" href=\"https:\/\/agora.xtec.cat\/esc-casserres\/lassemblea-de-delegades-i-delegats\/\">L&#8217;Assemblea de delegades i delegats<\/a> est\u00e0 formada pels delegats i delegades de cada grup-classe, de P5 fins a 6\u00e8 i l\u2019Equip Directiu del centre com a coordinador i dinamitzador.<\/p>\n<p>A cada aula s\u2019escull democr\u00e0ticament un\/a representant del grup que ser\u00e0 la veu de l\u2019alumnat a l\u2019Assemblea. Aquest curs s\u00f3n: La Queralt i el Bernat, el Mar\u00e7al, l&#8217;Adri\u00e0, l&#8217;Anna, la Maria, el Marcel i la Berta.<\/p>\n<p>L\u2019objectiu principal de la proposta \u00e9s crear un espai per escoltar l\u2019opini\u00f3 de l\u2019alumnat i fer-los part\u00edceps de la vida i decisions a la nostra escola. Creiem que cal potenciar les assemblees d\u2019aula i les assemblees de delegats com una oportunitat per exercir el valor de la responsabilitat i per afavorir un clima de conviv\u00e8ncia democr\u00e0tic al centre.<\/p>\n<p><a href=\"https:\/\/agora.xtec.cat\/esc-casserres\/wp-content\/uploads\/usu1738\/2020\/10\/assemblea-1.jpg\"><img loading=\"lazy\" decoding=\"async\" class=\"alignnone wp-image-2678\" src=\"https:\/\/agora.xtec.cat\/esc-casserres\/wp-content\/uploads\/usu1738\/2020\/10\/assemblea-1.jpg\" alt=\"\" width=\"443\" height=\"291\" srcset=\"https:\/\/agora.xtec.cat\/esc-casserres\/wp-content\/uploads\/usu1738\/2020\/10\/assemblea-1.jpg 899w, https:\/\/agora.xtec.cat\/esc-casserres\/wp-content\/uploads\/usu1738\/2020\/10\/assemblea-1-300x197.jpg 300w, https:\/\/agora.xtec.cat\/esc-casserres\/wp-content\/uploads\/usu1738\/2020\/10\/assemblea-1-768x505.jpg 768w\" sizes=\"auto, (max-width: 443px) 100vw, 443px\" \/><\/a><\/p>\n","protected":false},"excerpt":{"rendered":"<p>Avui hi ha hagut la primera Assemblea de delegades i delegats d&#8217;aquest curs. L&#8217;Assemblea de delegades i delegats est\u00e0 formada pels delegats i delegades de cada grup-classe, de P5 fins a 6\u00e8 i l\u2019Equip Directiu del centre com a coordinador i dinamitzador. A cada aula s\u2019escull democr\u00e0ticament un\/a representant del grup que ser\u00e0 la veu [&hellip;]<\/p>\n","protected":false},"author":6,"featured_media":2678,"comment_status":"closed","ping_status":"closed","sticky":false,"template":"","format":"standard","meta":{"_bbp_topic_count":0,"_bbp_reply_count":0,"_bbp_total_topic_count":0,"_bbp_total_reply_count":0,"_bbp_voice_count":0,"_bbp_anonymous_reply_count":0,"_bbp_topic_count_hidden":0,"_bbp_reply_count_hidden":0,"_bbp_forum_subforum_count":0,"site-sidebar-layout":"default","site-content-layout":"","ast-site-content-layout":"","site-content-style":"default","site-sidebar-style":"default","ast-global-header-display":"","ast-banner-title-visibility":"","ast-main-header-display":"","ast-hfb-above-header-display":"","ast-hfb-below-header-display":"","ast-hfb-mobile-header-display":"","site-post-title":"","ast-breadcrumbs-content":"","ast-featured-img":"","footer-sml-layout":"","theme-transparent-header-meta":"","adv-header-id-meta":"","stick-header-meta":"","header-above-stick-meta":"","header-main-stick-meta":"","header-below-stick-meta":"","astra-migrate-meta-layouts":"default","ast-page-background-enabled":"default","ast-page-background-meta":{"desktop":{"background-color":"var(--ast-global-color-4)","background-image":"","background-repeat":"repeat","background-position":"center center","background-size":"auto","background-attachment":"scroll","background-type":"","background-media":"","overlay-type":"","overlay-color":"","overlay-opacity":"","overlay-gradient":""},"tablet":{"background-color":"","background-image":"","background-repeat":"repeat","background-position":"center center","background-size":"auto","background-attachment":"scroll","background-type":"","background-media":"","overlay-type":"","overlay-color":"","overlay-opacity":"","overlay-gradient":""},"mobile":{"background-color":"","background-image":"","background-repeat":"repeat","background-position":"center center","background-size":"auto","background-attachment":"scroll","background-type":"","background-media":"","overlay-type":"","overlay-color":"","overlay-opacity":"","overlay-gradient":""}},"ast-content-background-meta":{"desktop":{"background-color":"var(--ast-global-color-5)","background-image":"","background-repeat":"repeat","background-position":"center center","background-size":"auto","background-attachment":"scroll","background-type":"","background-media":"","overlay-type":"","overlay-color":"","overlay-opacity":"","overlay-gradient":""},"tablet":{"background-color":"var(--ast-global-color-5)","background-image":"","background-repeat":"repeat","background-position":"center center","background-size":"auto","background-attachment":"scroll","background-type":"","background-media":"","overlay-type":"","overlay-color":"","overlay-opacity":"","overlay-gradient":""},"mobile":{"background-color":"var(--ast-global-color-5)","background-image":"","background-repeat":"repeat","background-position":"center center","background-size":"auto","background-attachment":"scroll","background-type":"","background-media":"","overlay-type":"","overlay-color":"","overlay-opacity":"","overlay-gradient":""}},"footnotes":""},"categories":[4],"tags":[111],"class_list":["post-2677","post","type-post","status-publish","format-standard","has-post-thumbnail","hentry","category-portada","tag-assemblea-de-delegades-i-delegats"],"post_mailing_queue_ids":[],"_links":{"self":[{"href":"https:\/\/agora.xtec.cat\/esc-casserres\/wp-json\/wp\/v2\/posts\/2677","targetHints":{"allow":["GET"]}}],"collection":[{"href":"https:\/\/agora.xtec.cat\/esc-casserres\/wp-json\/wp\/v2\/posts"}],"about":[{"href":"https:\/\/agora.xtec.cat\/esc-casserres\/wp-json\/wp\/v2\/types\/post"}],"author":[{"embeddable":true,"href":"https:\/\/agora.xtec.cat\/esc-casserres\/wp-json\/wp\/v2\/users\/6"}],"replies":[{"embeddable":true,"href":"https:\/\/agora.xtec.cat\/esc-casserres\/wp-json\/wp\/v2\/comments?post=2677"}],"version-history":[{"count":2,"href":"https:\/\/agora.xtec.cat\/esc-casserres\/wp-json\/wp\/v2\/posts\/2677\/revisions"}],"predecessor-version":[{"id":2680,"href":"https:\/\/agora.xtec.cat\/esc-casserres\/wp-json\/wp\/v2\/posts\/2677\/revisions\/2680"}],"wp:featuredmedia":[{"embeddable":true,"href":"https:\/\/agora.xtec.cat\/esc-casserres\/wp-json\/wp\/v2\/media\/2678"}],"wp:attachment":[{"href":"https:\/\/agora.xtec.cat\/esc-casserres\/wp-json\/wp\/v2\/media?parent=2677"}],"wp:term":[{"taxonomy":"category","embeddable":true,"href":"https:\/\/agora.xtec.cat\/esc-casserres\/wp-json\/wp\/v2\/categories?post=2677"},{"taxonomy":"post_tag","embeddable":true,"href":"https:\/\/agora.xtec.cat\/esc-casserres\/wp-json\/wp\/v2\/tags?post=2677"}],"curies":[{"name":"wp","href":"https:\/\/api.w.org\/{rel}","templated":true}]}}