{"id":2384,"date":"2020-02-07T16:05:35","date_gmt":"2020-02-07T15:05:35","guid":{"rendered":"http:\/\/agora.xtec.cat\/esc-casserres\/?p=2384"},"modified":"2020-02-07T16:05:35","modified_gmt":"2020-02-07T15:05:35","slug":"experimentacio-serp-blanca-cicle-superior","status":"publish","type":"post","link":"https:\/\/agora.xtec.cat\/esc-casserres\/general\/experimentacio-serp-blanca-cicle-superior\/","title":{"rendered":"Experimentaci\u00f3 serp blanca Cicle Superior"},"content":{"rendered":"<p>El dia 30 de gener, els alumnes de Cicle Superior vam anar a fer l&#8217;itinerari del Projecte Entorn amb els companys del <a href=\"https:\/\/serveiseducatius.xtec.cat\/cda-altbergueda\/general\/els-itineraris-del-projecte-entorn\/\">Camp d&#8217;Aprenentatge de l&#8217;Alt Bergued\u00e0<\/a>. Vam fer una ruta molt bonica pels entorns de Casserres. Vam parar a dinar a Sant Miquel de Fonogedell i mentre jug\u00e0vem pels voltants vam fer una troballa curiosa: una serp morta de dimensions considerables. Despr\u00e9s de discutir si era o no un escur\u00e7\u00f3 vam decidir endur-nos-la a l&#8217;escola i estudiar-la a fons.<\/p>\n<p>Vam comprovar que en realitat era una <a href=\"https:\/\/ca.wikipedia.org\/wiki\/Serp_blanca\">serp blanca o ratllada<\/a> (<i>Rinechis scalaris)\u00a0<\/i>i que pesava 100 grams i media 73cm! La nostra primera hipotesi va ser que havia mort per culpa d&#8217;alguna cosa que s&#8217;havia empassat ja que tenia un bony considerable al coll. Per\u00f2 les proves que vam trobar no ens van confirmar la nostra idea.<\/p>\n<p>Observant-la a l&#8217;aula vam poder con\u00e8ixer una mica m\u00e9s a fons la seva anatomia i vam veure que, tot i que tenen mala fama, les serps s\u00f3n animals preciosos.<\/p>\n<p>Us deixem unes quantes fotos de l&#8217;observaci\u00f3 que vam fer a l&#8217;aula. <strong>AV\u00cdS!!!!!!!!! Si us fan ang\u00fania les serps o sou aprensius\/ves amb la sang NO mireu les fotos (vam fer una dissecci\u00f3)!!!!<\/strong><\/p>\n<p><a href=\"https:\/\/photos.app.goo.gl\/FPQTmNCgKEXiqpjH6\">FOTOS<\/a><\/p>\n","protected":false},"excerpt":{"rendered":"<p>El dia 30 de gener, els alumnes de Cicle Superior vam anar a fer l&#8217;itinerari del Projecte Entorn amb els companys del Camp d&#8217;Aprenentatge de l&#8217;Alt Bergued\u00e0. Vam fer una ruta molt bonica pels entorns de Casserres. Vam parar a dinar a Sant Miquel de Fonogedell i mentre jug\u00e0vem pels voltants vam fer una troballa [&hellip;]<\/p>\n","protected":false},"author":19,"featured_media":0,"comment_status":"closed","ping_status":"closed","sticky":false,"template":"","format":"standard","meta":{"_bbp_topic_count":0,"_bbp_reply_count":0,"_bbp_total_topic_count":0,"_bbp_total_reply_count":0,"_bbp_voice_count":0,"_bbp_anonymous_reply_count":0,"_bbp_topic_count_hidden":0,"_bbp_reply_count_hidden":0,"_bbp_forum_subforum_count":0,"site-sidebar-layout":"default","site-content-layout":"","ast-site-content-layout":"","site-content-style":"default","site-sidebar-style":"default","ast-global-header-display":"","ast-banner-title-visibility":"","ast-main-header-display":"","ast-hfb-above-header-display":"","ast-hfb-below-header-display":"","ast-hfb-mobile-header-display":"","site-post-title":"","ast-breadcrumbs-content":"","ast-featured-img":"","footer-sml-layout":"","theme-transparent-header-meta":"","adv-header-id-meta":"","stick-header-meta":"","header-above-stick-meta":"","header-main-stick-meta":"","header-below-stick-meta":"","astra-migrate-meta-layouts":"default","ast-page-background-enabled":"default","ast-page-background-meta":{"desktop":{"background-color":"var(--ast-global-color-4)","background-image":"","background-repeat":"repeat","background-position":"center center","background-size":"auto","background-attachment":"scroll","background-type":"","background-media":"","overlay-type":"","overlay-color":"","overlay-opacity":"","overlay-gradient":""},"tablet":{"background-color":"","background-image":"","background-repeat":"repeat","background-position":"center center","background-size":"auto","background-attachment":"scroll","background-type":"","background-media":"","overlay-type":"","overlay-color":"","overlay-opacity":"","overlay-gradient":""},"mobile":{"background-color":"","background-image":"","background-repeat":"repeat","background-position":"center center","background-size":"auto","background-attachment":"scroll","background-type":"","background-media":"","overlay-type":"","overlay-color":"","overlay-opacity":"","overlay-gradient":""}},"ast-content-background-meta":{"desktop":{"background-color":"var(--ast-global-color-5)","background-image":"","background-repeat":"repeat","background-position":"center center","background-size":"auto","background-attachment":"scroll","background-type":"","background-media":"","overlay-type":"","overlay-color":"","overlay-opacity":"","overlay-gradient":""},"tablet":{"background-color":"var(--ast-global-color-5)","background-image":"","background-repeat":"repeat","background-position":"center center","background-size":"auto","background-attachment":"scroll","background-type":"","background-media":"","overlay-type":"","overlay-color":"","overlay-opacity":"","overlay-gradient":""},"mobile":{"background-color":"var(--ast-global-color-5)","background-image":"","background-repeat":"repeat","background-position":"center center","background-size":"auto","background-attachment":"scroll","background-type":"","background-media":"","overlay-type":"","overlay-color":"","overlay-opacity":"","overlay-gradient":""}},"footnotes":""},"categories":[14,15,61,1,4,5],"tags":[81,73,142,133,134,161,146,162,16],"class_list":["post-2384","post","type-post","status-publish","format-standard","hentry","category-5e","category-6e","category-cicle-superior","category-general","category-portada","category-primaria","tag-activitats","tag-cicle-superior","tag-curs19-20","tag-educacio-primaria","tag-experimentacio","tag-medi-natural","tag-projecte-compartit","tag-serp","tag-sortides"],"post_mailing_queue_ids":[],"_links":{"self":[{"href":"https:\/\/agora.xtec.cat\/esc-casserres\/wp-json\/wp\/v2\/posts\/2384","targetHints":{"allow":["GET"]}}],"collection":[{"href":"https:\/\/agora.xtec.cat\/esc-casserres\/wp-json\/wp\/v2\/posts"}],"about":[{"href":"https:\/\/agora.xtec.cat\/esc-casserres\/wp-json\/wp\/v2\/types\/post"}],"author":[{"embeddable":true,"href":"https:\/\/agora.xtec.cat\/esc-casserres\/wp-json\/wp\/v2\/users\/19"}],"replies":[{"embeddable":true,"href":"https:\/\/agora.xtec.cat\/esc-casserres\/wp-json\/wp\/v2\/comments?post=2384"}],"version-history":[{"count":1,"href":"https:\/\/agora.xtec.cat\/esc-casserres\/wp-json\/wp\/v2\/posts\/2384\/revisions"}],"predecessor-version":[{"id":2385,"href":"https:\/\/agora.xtec.cat\/esc-casserres\/wp-json\/wp\/v2\/posts\/2384\/revisions\/2385"}],"wp:attachment":[{"href":"https:\/\/agora.xtec.cat\/esc-casserres\/wp-json\/wp\/v2\/media?parent=2384"}],"wp:term":[{"taxonomy":"category","embeddable":true,"href":"https:\/\/agora.xtec.cat\/esc-casserres\/wp-json\/wp\/v2\/categories?post=2384"},{"taxonomy":"post_tag","embeddable":true,"href":"https:\/\/agora.xtec.cat\/esc-casserres\/wp-json\/wp\/v2\/tags?post=2384"}],"curies":[{"name":"wp","href":"https:\/\/api.w.org\/{rel}","templated":true}]}}