{"id":2359,"date":"2020-01-31T12:36:20","date_gmt":"2020-01-31T11:36:20","guid":{"rendered":"http:\/\/agora.xtec.cat\/esc-casserres\/?p=2359"},"modified":"2020-01-31T12:41:33","modified_gmt":"2020-01-31T11:41:33","slug":"ja-hem-comencat-els-tallers","status":"publish","type":"post","link":"https:\/\/agora.xtec.cat\/esc-casserres\/infantil\/ja-hem-comencat-els-tallers\/","title":{"rendered":"Ja hem comen\u00e7at els tallers!"},"content":{"rendered":"<p><strong>Els nens i les nenes de P3, P4 i P5 hem comen\u00e7at els tallers internivell: Cuina, Safates d&#8217;experimentaci\u00f3, joc simb\u00f2lic i emocions i relaxaci\u00f3.<\/strong><\/p>\n<p><sup>Us deixem a continuaci\u00f3 els enlla\u00e7os als \u00e0lbums de cada taller, que s&#8217;aniran actualitzant autom\u00e0ticament a mesura que els anem realitzant. Quan tots els grups hagin passat per tots els tallers us hi adjuntarem un petit dossier de resum.<\/sup><\/p>\n<p><strong>L&#8217;\u00e0lbum del TALLER DE CUINA:<\/strong><\/p>\n<p><a href=\"https:\/\/photos.app.goo.gl\/VoL3ZAbfqtpZUhi3A\"><img loading=\"lazy\" decoding=\"async\" class=\"alignnone wp-image-2360\" src=\"https:\/\/agora.xtec.cat\/esc-casserres\/wp-content\/uploads\/usu1738\/2020\/01\/Sense-t\u00edtol.jpg\" alt=\"\" width=\"299\" height=\"176\" srcset=\"https:\/\/agora.xtec.cat\/esc-casserres\/wp-content\/uploads\/usu1738\/2020\/01\/Sense-t\u00edtol.jpg 971w, https:\/\/agora.xtec.cat\/esc-casserres\/wp-content\/uploads\/usu1738\/2020\/01\/Sense-t\u00edtol-300x176.jpg 300w, https:\/\/agora.xtec.cat\/esc-casserres\/wp-content\/uploads\/usu1738\/2020\/01\/Sense-t\u00edtol-768x452.jpg 768w\" sizes=\"auto, (max-width: 299px) 100vw, 299px\" \/>\u00a0\u00a0<\/a><\/p>\n<p><strong>L&#8217;\u00e0lbum del TALLER DE SAFATES D&#8217;EXPERIMENTACI\u00d3<\/strong><\/p>\n<p><a href=\"https:\/\/photos.app.goo.gl\/7gq2Bib8b1dAfnnx5\"><img loading=\"lazy\" decoding=\"async\" class=\"alignnone wp-image-2363\" src=\"https:\/\/agora.xtec.cat\/esc-casserres\/wp-content\/uploads\/usu1738\/2020\/01\/Sense-t\u00edtol-2.jpg\" alt=\"\" width=\"302\" height=\"205\" srcset=\"https:\/\/agora.xtec.cat\/esc-casserres\/wp-content\/uploads\/usu1738\/2020\/01\/Sense-t\u00edtol-2.jpg 997w, https:\/\/agora.xtec.cat\/esc-casserres\/wp-content\/uploads\/usu1738\/2020\/01\/Sense-t\u00edtol-2-300x204.jpg 300w, https:\/\/agora.xtec.cat\/esc-casserres\/wp-content\/uploads\/usu1738\/2020\/01\/Sense-t\u00edtol-2-768x522.jpg 768w\" sizes=\"auto, (max-width: 302px) 100vw, 302px\" \/>\u00a0<\/a><\/p>\n<p><strong>L&#8217;\u00e0lbum del TALLER DE JOC SIMB\u00d2LIC<\/strong><\/p>\n<p><a href=\"https:\/\/photos.app.goo.gl\/oNwDEiBgMzTDDHy48\"><img loading=\"lazy\" decoding=\"async\" class=\"alignnone wp-image-2362\" src=\"https:\/\/agora.xtec.cat\/esc-casserres\/wp-content\/uploads\/usu1738\/2020\/01\/Sense-t\u00edtol-1-1024x785.jpg\" alt=\"\" width=\"299\" height=\"230\" srcset=\"https:\/\/agora.xtec.cat\/esc-casserres\/wp-content\/uploads\/usu1738\/2020\/01\/Sense-t\u00edtol-1-1024x785.jpg 1024w, https:\/\/agora.xtec.cat\/esc-casserres\/wp-content\/uploads\/usu1738\/2020\/01\/Sense-t\u00edtol-1-300x230.jpg 300w, https:\/\/agora.xtec.cat\/esc-casserres\/wp-content\/uploads\/usu1738\/2020\/01\/Sense-t\u00edtol-1-768x588.jpg 768w, https:\/\/agora.xtec.cat\/esc-casserres\/wp-content\/uploads\/usu1738\/2020\/01\/Sense-t\u00edtol-1.jpg 1249w\" sizes=\"auto, (max-width: 299px) 100vw, 299px\" \/><\/a><\/p>\n<p><strong>L&#8217;\u00e0lbum del TALLER D&#8217;EMOCIONS I RELAXACI\u00d3<\/strong><\/p>\n<p><a href=\"https:\/\/photos.app.goo.gl\/xNqw9kHo3PCcdrpM7\"><img loading=\"lazy\" decoding=\"async\" class=\"alignnone wp-image-2364\" src=\"https:\/\/agora.xtec.cat\/esc-casserres\/wp-content\/uploads\/usu1738\/2020\/01\/Sense-t\u00edtol-3.jpg\" alt=\"\" width=\"303\" height=\"226\" srcset=\"https:\/\/agora.xtec.cat\/esc-casserres\/wp-content\/uploads\/usu1738\/2020\/01\/Sense-t\u00edtol-3.jpg 494w, https:\/\/agora.xtec.cat\/esc-casserres\/wp-content\/uploads\/usu1738\/2020\/01\/Sense-t\u00edtol-3-300x223.jpg 300w, https:\/\/agora.xtec.cat\/esc-casserres\/wp-content\/uploads\/usu1738\/2020\/01\/Sense-t\u00edtol-3-200x150.jpg 200w\" sizes=\"auto, (max-width: 303px) 100vw, 303px\" \/><\/a><\/p>\n","protected":false},"excerpt":{"rendered":"<p>Els nens i les nenes de P3, P4 i P5 hem comen\u00e7at els tallers internivell: Cuina, Safates d&#8217;experimentaci\u00f3, joc simb\u00f2lic i emocions i relaxaci\u00f3. Us deixem a continuaci\u00f3 els enlla\u00e7os als \u00e0lbums de cada taller, que s&#8217;aniran actualitzant autom\u00e0ticament a mesura que els anem realitzant. Quan tots els grups hagin passat per tots els tallers [&hellip;]<\/p>\n","protected":false},"author":6,"featured_media":2364,"comment_status":"closed","ping_status":"closed","sticky":false,"template":"","format":"standard","meta":{"_bbp_topic_count":0,"_bbp_reply_count":0,"_bbp_total_topic_count":0,"_bbp_total_reply_count":0,"_bbp_voice_count":0,"_bbp_anonymous_reply_count":0,"_bbp_topic_count_hidden":0,"_bbp_reply_count_hidden":0,"_bbp_forum_subforum_count":0,"site-sidebar-layout":"default","site-content-layout":"","ast-site-content-layout":"","site-content-style":"default","site-sidebar-style":"default","ast-global-header-display":"","ast-banner-title-visibility":"","ast-main-header-display":"","ast-hfb-above-header-display":"","ast-hfb-below-header-display":"","ast-hfb-mobile-header-display":"","site-post-title":"","ast-breadcrumbs-content":"","ast-featured-img":"","footer-sml-layout":"","theme-transparent-header-meta":"","adv-header-id-meta":"","stick-header-meta":"","header-above-stick-meta":"","header-main-stick-meta":"","header-below-stick-meta":"","astra-migrate-meta-layouts":"default","ast-page-background-enabled":"default","ast-page-background-meta":{"desktop":{"background-color":"var(--ast-global-color-4)","background-image":"","background-repeat":"repeat","background-position":"center center","background-size":"auto","background-attachment":"scroll","background-type":"","background-media":"","overlay-type":"","overlay-color":"","overlay-opacity":"","overlay-gradient":""},"tablet":{"background-color":"","background-image":"","background-repeat":"repeat","background-position":"center center","background-size":"auto","background-attachment":"scroll","background-type":"","background-media":"","overlay-type":"","overlay-color":"","overlay-opacity":"","overlay-gradient":""},"mobile":{"background-color":"","background-image":"","background-repeat":"repeat","background-position":"center center","background-size":"auto","background-attachment":"scroll","background-type":"","background-media":"","overlay-type":"","overlay-color":"","overlay-opacity":"","overlay-gradient":""}},"ast-content-background-meta":{"desktop":{"background-color":"var(--ast-global-color-5)","background-image":"","background-repeat":"repeat","background-position":"center center","background-size":"auto","background-attachment":"scroll","background-type":"","background-media":"","overlay-type":"","overlay-color":"","overlay-opacity":"","overlay-gradient":""},"tablet":{"background-color":"var(--ast-global-color-5)","background-image":"","background-repeat":"repeat","background-position":"center center","background-size":"auto","background-attachment":"scroll","background-type":"","background-media":"","overlay-type":"","overlay-color":"","overlay-opacity":"","overlay-gradient":""},"mobile":{"background-color":"var(--ast-global-color-5)","background-image":"","background-repeat":"repeat","background-position":"center center","background-size":"auto","background-attachment":"scroll","background-type":"","background-media":"","overlay-type":"","overlay-color":"","overlay-opacity":"","overlay-gradient":""}},"footnotes":""},"categories":[3,8,9,2,4],"tags":[71,72],"class_list":["post-2359","post","type-post","status-publish","format-standard","has-post-thumbnail","hentry","category-i3","category-i4","category-i5","category-infantil","category-portada","tag-educacio-infantil","tag-tallers"],"post_mailing_queue_ids":[],"_links":{"self":[{"href":"https:\/\/agora.xtec.cat\/esc-casserres\/wp-json\/wp\/v2\/posts\/2359","targetHints":{"allow":["GET"]}}],"collection":[{"href":"https:\/\/agora.xtec.cat\/esc-casserres\/wp-json\/wp\/v2\/posts"}],"about":[{"href":"https:\/\/agora.xtec.cat\/esc-casserres\/wp-json\/wp\/v2\/types\/post"}],"author":[{"embeddable":true,"href":"https:\/\/agora.xtec.cat\/esc-casserres\/wp-json\/wp\/v2\/users\/6"}],"replies":[{"embeddable":true,"href":"https:\/\/agora.xtec.cat\/esc-casserres\/wp-json\/wp\/v2\/comments?post=2359"}],"version-history":[{"count":2,"href":"https:\/\/agora.xtec.cat\/esc-casserres\/wp-json\/wp\/v2\/posts\/2359\/revisions"}],"predecessor-version":[{"id":2366,"href":"https:\/\/agora.xtec.cat\/esc-casserres\/wp-json\/wp\/v2\/posts\/2359\/revisions\/2366"}],"wp:featuredmedia":[{"embeddable":true,"href":"https:\/\/agora.xtec.cat\/esc-casserres\/wp-json\/wp\/v2\/media\/2364"}],"wp:attachment":[{"href":"https:\/\/agora.xtec.cat\/esc-casserres\/wp-json\/wp\/v2\/media?parent=2359"}],"wp:term":[{"taxonomy":"category","embeddable":true,"href":"https:\/\/agora.xtec.cat\/esc-casserres\/wp-json\/wp\/v2\/categories?post=2359"},{"taxonomy":"post_tag","embeddable":true,"href":"https:\/\/agora.xtec.cat\/esc-casserres\/wp-json\/wp\/v2\/tags?post=2359"}],"curies":[{"name":"wp","href":"https:\/\/api.w.org\/{rel}","templated":true}]}}