{"id":2293,"date":"2019-12-13T12:20:43","date_gmt":"2019-12-13T11:20:43","guid":{"rendered":"http:\/\/agora.xtec.cat\/esc-casserres\/?p=2293"},"modified":"2019-12-13T12:20:43","modified_gmt":"2019-12-13T11:20:43","slug":"taller-de-coeducacio-a-p5","status":"publish","type":"post","link":"https:\/\/agora.xtec.cat\/esc-casserres\/infantil\/taller-de-coeducacio-a-p5\/","title":{"rendered":"Taller de COEDUCACI\u00d3 a P5"},"content":{"rendered":"<p>Ahir tota la colla de P5 vam participar en un taller de Coeducaci\u00f3 emmarcat dins la proposta del Consell Comarcal del Bergued\u00e0: Ni fades ni pr\u00ednceps.<\/p>\n<p>L&#8217;Alba ens va acompanyar durant el taller, ens va convidar a reflexionar i a conversar sobre els nens i les nenes a partir del conte <strong>Rosa Caramel <\/strong>i a trav\u00e9s de din\u00e0miques molt engrescadores! Si voleu veure&#8217;n un tastet feu clic damunt la foto!<\/p>\n<p><a href=\"https:\/\/photos.app.goo.gl\/hmg9dxwktW3zteKh7\"><img loading=\"lazy\" decoding=\"async\" class=\"alignnone  wp-image-2296\" src=\"https:\/\/agora.xtec.cat\/esc-casserres\/wp-content\/uploads\/usu1738\/2019\/12\/00100lrPORTRAIT_00100_BURST20191212105445216_COVER-1024x768.jpg\" alt=\"\" width=\"346\" height=\"260\" srcset=\"https:\/\/agora.xtec.cat\/esc-casserres\/wp-content\/uploads\/usu1738\/2019\/12\/00100lrPORTRAIT_00100_BURST20191212105445216_COVER-1024x768.jpg 1024w, https:\/\/agora.xtec.cat\/esc-casserres\/wp-content\/uploads\/usu1738\/2019\/12\/00100lrPORTRAIT_00100_BURST20191212105445216_COVER-300x225.jpg 300w, https:\/\/agora.xtec.cat\/esc-casserres\/wp-content\/uploads\/usu1738\/2019\/12\/00100lrPORTRAIT_00100_BURST20191212105445216_COVER-768x576.jpg 768w, https:\/\/agora.xtec.cat\/esc-casserres\/wp-content\/uploads\/usu1738\/2019\/12\/00100lrPORTRAIT_00100_BURST20191212105445216_COVER-200x150.jpg 200w\" sizes=\"auto, (max-width: 346px) 100vw, 346px\" \/><\/a><\/p>\n<p>Si us interessa el conte tant com a nosaltres:\u00a0 <strong><a href=\"http:\/\/www.kalandraka.com\/ca\/collecions\/nom-de-colleccio\/detall-de-llibre\/ver\/rosa-caramel\/\">Rosa Caramel<\/a>. d&#8217; Adela Turin (text) i Nella Bosnia (il\u00b7lustraci\u00f3). Editorial Kalandraka.<\/strong> <em>En el ramat, totes les elefantes s\u00f3n de color rosa, excepte la Guillermina. Aviat descobrir\u00e0 que les del seu sexe tenen prohibit fer coses reservades nom\u00e9s pels mascles. Com que no accepta aquesta tradici\u00f3, aviat mostrar\u00e0 a les seves companyes que la igualtat no \u00e9s pas una utopia.<\/em><\/p>\n<p>&nbsp;<\/p>\n","protected":false},"excerpt":{"rendered":"<p>Ahir tota la colla de P5 vam participar en un taller de Coeducaci\u00f3 emmarcat dins la proposta del Consell Comarcal del Bergued\u00e0: Ni fades ni pr\u00ednceps. L&#8217;Alba ens va acompanyar durant el taller, ens va convidar a reflexionar i a conversar sobre els nens i les nenes a partir del conte Rosa Caramel i a [&hellip;]<\/p>\n","protected":false},"author":6,"featured_media":2296,"comment_status":"closed","ping_status":"closed","sticky":false,"template":"","format":"standard","meta":{"_bbp_topic_count":0,"_bbp_reply_count":0,"_bbp_total_topic_count":0,"_bbp_total_reply_count":0,"_bbp_voice_count":0,"_bbp_anonymous_reply_count":0,"_bbp_topic_count_hidden":0,"_bbp_reply_count_hidden":0,"_bbp_forum_subforum_count":0,"site-sidebar-layout":"default","site-content-layout":"","ast-site-content-layout":"","site-content-style":"default","site-sidebar-style":"default","ast-global-header-display":"","ast-banner-title-visibility":"","ast-main-header-display":"","ast-hfb-above-header-display":"","ast-hfb-below-header-display":"","ast-hfb-mobile-header-display":"","site-post-title":"","ast-breadcrumbs-content":"","ast-featured-img":"","footer-sml-layout":"","theme-transparent-header-meta":"","adv-header-id-meta":"","stick-header-meta":"","header-above-stick-meta":"","header-main-stick-meta":"","header-below-stick-meta":"","astra-migrate-meta-layouts":"default","ast-page-background-enabled":"default","ast-page-background-meta":{"desktop":{"background-color":"var(--ast-global-color-4)","background-image":"","background-repeat":"repeat","background-position":"center center","background-size":"auto","background-attachment":"scroll","background-type":"","background-media":"","overlay-type":"","overlay-color":"","overlay-opacity":"","overlay-gradient":""},"tablet":{"background-color":"","background-image":"","background-repeat":"repeat","background-position":"center center","background-size":"auto","background-attachment":"scroll","background-type":"","background-media":"","overlay-type":"","overlay-color":"","overlay-opacity":"","overlay-gradient":""},"mobile":{"background-color":"","background-image":"","background-repeat":"repeat","background-position":"center center","background-size":"auto","background-attachment":"scroll","background-type":"","background-media":"","overlay-type":"","overlay-color":"","overlay-opacity":"","overlay-gradient":""}},"ast-content-background-meta":{"desktop":{"background-color":"var(--ast-global-color-5)","background-image":"","background-repeat":"repeat","background-position":"center center","background-size":"auto","background-attachment":"scroll","background-type":"","background-media":"","overlay-type":"","overlay-color":"","overlay-opacity":"","overlay-gradient":""},"tablet":{"background-color":"var(--ast-global-color-5)","background-image":"","background-repeat":"repeat","background-position":"center center","background-size":"auto","background-attachment":"scroll","background-type":"","background-media":"","overlay-type":"","overlay-color":"","overlay-opacity":"","overlay-gradient":""},"mobile":{"background-color":"var(--ast-global-color-5)","background-image":"","background-repeat":"repeat","background-position":"center center","background-size":"auto","background-attachment":"scroll","background-type":"","background-media":"","overlay-type":"","overlay-color":"","overlay-opacity":"","overlay-gradient":""}},"footnotes":""},"categories":[9,2,4],"tags":[113,71],"class_list":["post-2293","post","type-post","status-publish","format-standard","has-post-thumbnail","hentry","category-i5","category-infantil","category-portada","tag-coeducacio","tag-educacio-infantil"],"post_mailing_queue_ids":[],"_links":{"self":[{"href":"https:\/\/agora.xtec.cat\/esc-casserres\/wp-json\/wp\/v2\/posts\/2293","targetHints":{"allow":["GET"]}}],"collection":[{"href":"https:\/\/agora.xtec.cat\/esc-casserres\/wp-json\/wp\/v2\/posts"}],"about":[{"href":"https:\/\/agora.xtec.cat\/esc-casserres\/wp-json\/wp\/v2\/types\/post"}],"author":[{"embeddable":true,"href":"https:\/\/agora.xtec.cat\/esc-casserres\/wp-json\/wp\/v2\/users\/6"}],"replies":[{"embeddable":true,"href":"https:\/\/agora.xtec.cat\/esc-casserres\/wp-json\/wp\/v2\/comments?post=2293"}],"version-history":[{"count":1,"href":"https:\/\/agora.xtec.cat\/esc-casserres\/wp-json\/wp\/v2\/posts\/2293\/revisions"}],"predecessor-version":[{"id":2301,"href":"https:\/\/agora.xtec.cat\/esc-casserres\/wp-json\/wp\/v2\/posts\/2293\/revisions\/2301"}],"wp:featuredmedia":[{"embeddable":true,"href":"https:\/\/agora.xtec.cat\/esc-casserres\/wp-json\/wp\/v2\/media\/2296"}],"wp:attachment":[{"href":"https:\/\/agora.xtec.cat\/esc-casserres\/wp-json\/wp\/v2\/media?parent=2293"}],"wp:term":[{"taxonomy":"category","embeddable":true,"href":"https:\/\/agora.xtec.cat\/esc-casserres\/wp-json\/wp\/v2\/categories?post=2293"},{"taxonomy":"post_tag","embeddable":true,"href":"https:\/\/agora.xtec.cat\/esc-casserres\/wp-json\/wp\/v2\/tags?post=2293"}],"curies":[{"name":"wp","href":"https:\/\/api.w.org\/{rel}","templated":true}]}}