{"id":2219,"date":"2019-10-31T10:36:18","date_gmt":"2019-10-31T09:36:18","guid":{"rendered":"http:\/\/agora.xtec.cat\/esc-casserres\/?p=2219"},"modified":"2019-10-31T10:36:18","modified_gmt":"2019-10-31T09:36:18","slug":"la-castanyada-i-el-tunel-terrorific","status":"publish","type":"post","link":"https:\/\/agora.xtec.cat\/esc-casserres\/general\/la-castanyada-i-el-tunel-terrorific\/","title":{"rendered":"La castanyada i el t\u00fanel terror\u00edfic!"},"content":{"rendered":"<p>Ahir vam celebrar com cada any <strong>LA CASTANYADA! <\/strong><\/p>\n<p>El curs passat en una de les Assembles de delegades i delegats, quan es va valorar la festa de la castanyada, va sorgir una proposta pel curs seg\u00fcent: &#8211;<strong>Volem un t\u00fanel del terror! <\/strong><\/p>\n<p>Aquesta idea s&#8217;ha fet realitat i aquesta castanyada el &#8220;t\u00fanel&#8221; dels vestidors del Pavell\u00f3 s&#8217;ha convertit en un aut\u00e8ntic t\u00fanel del terror!!! Hi ha passat tot aquell qui ha volgut (Prim\u00e0ria), amb llum o a les fosques!!!<\/p>\n<p><strong>Us atreviu a veure-ho?<\/strong> <sub>feu clic per veure&#8217;n un petit tastet&#8230;<\/sub><\/p>\n<p><a href=\"https:\/\/photos.app.goo.gl\/WEEjLXpHR2CTCKxs9\"><img loading=\"lazy\" decoding=\"async\" class=\"alignnone  wp-image-2220\" src=\"https:\/\/agora.xtec.cat\/esc-casserres\/wp-content\/uploads\/usu1738\/2019\/10\/MVIMG_20191030_150702_851-1024x768.jpg\" alt=\"\" width=\"503\" height=\"378\" srcset=\"https:\/\/agora.xtec.cat\/esc-casserres\/wp-content\/uploads\/usu1738\/2019\/10\/MVIMG_20191030_150702_851-1024x768.jpg 1024w, https:\/\/agora.xtec.cat\/esc-casserres\/wp-content\/uploads\/usu1738\/2019\/10\/MVIMG_20191030_150702_851-300x225.jpg 300w, https:\/\/agora.xtec.cat\/esc-casserres\/wp-content\/uploads\/usu1738\/2019\/10\/MVIMG_20191030_150702_851-768x576.jpg 768w, https:\/\/agora.xtec.cat\/esc-casserres\/wp-content\/uploads\/usu1738\/2019\/10\/MVIMG_20191030_150702_851-200x150.jpg 200w\" sizes=\"auto, (max-width: 503px) 100vw, 503px\" \/><\/a><\/p>\n","protected":false},"excerpt":{"rendered":"<p>Ahir vam celebrar com cada any LA CASTANYADA! El curs passat en una de les Assembles de delegades i delegats, quan es va valorar la festa de la castanyada, va sorgir una proposta pel curs seg\u00fcent: &#8211;Volem un t\u00fanel del terror! Aquesta idea s&#8217;ha fet realitat i aquesta castanyada el &#8220;t\u00fanel&#8221; dels vestidors del Pavell\u00f3 [&hellip;]<\/p>\n","protected":false},"author":6,"featured_media":2220,"comment_status":"closed","ping_status":"closed","sticky":false,"template":"","format":"standard","meta":{"_bbp_topic_count":0,"_bbp_reply_count":0,"_bbp_total_topic_count":0,"_bbp_total_reply_count":0,"_bbp_voice_count":0,"_bbp_anonymous_reply_count":0,"_bbp_topic_count_hidden":0,"_bbp_reply_count_hidden":0,"_bbp_forum_subforum_count":0,"site-sidebar-layout":"default","site-content-layout":"","ast-site-content-layout":"","site-content-style":"default","site-sidebar-style":"default","ast-global-header-display":"","ast-banner-title-visibility":"","ast-main-header-display":"","ast-hfb-above-header-display":"","ast-hfb-below-header-display":"","ast-hfb-mobile-header-display":"","site-post-title":"","ast-breadcrumbs-content":"","ast-featured-img":"","footer-sml-layout":"","theme-transparent-header-meta":"","adv-header-id-meta":"","stick-header-meta":"","header-above-stick-meta":"","header-main-stick-meta":"","header-below-stick-meta":"","astra-migrate-meta-layouts":"default","ast-page-background-enabled":"default","ast-page-background-meta":{"desktop":{"background-color":"var(--ast-global-color-4)","background-image":"","background-repeat":"repeat","background-position":"center center","background-size":"auto","background-attachment":"scroll","background-type":"","background-media":"","overlay-type":"","overlay-color":"","overlay-opacity":"","overlay-gradient":""},"tablet":{"background-color":"","background-image":"","background-repeat":"repeat","background-position":"center center","background-size":"auto","background-attachment":"scroll","background-type":"","background-media":"","overlay-type":"","overlay-color":"","overlay-opacity":"","overlay-gradient":""},"mobile":{"background-color":"","background-image":"","background-repeat":"repeat","background-position":"center center","background-size":"auto","background-attachment":"scroll","background-type":"","background-media":"","overlay-type":"","overlay-color":"","overlay-opacity":"","overlay-gradient":""}},"ast-content-background-meta":{"desktop":{"background-color":"var(--ast-global-color-5)","background-image":"","background-repeat":"repeat","background-position":"center center","background-size":"auto","background-attachment":"scroll","background-type":"","background-media":"","overlay-type":"","overlay-color":"","overlay-opacity":"","overlay-gradient":""},"tablet":{"background-color":"var(--ast-global-color-5)","background-image":"","background-repeat":"repeat","background-position":"center center","background-size":"auto","background-attachment":"scroll","background-type":"","background-media":"","overlay-type":"","overlay-color":"","overlay-opacity":"","overlay-gradient":""},"mobile":{"background-color":"var(--ast-global-color-5)","background-image":"","background-repeat":"repeat","background-position":"center center","background-size":"auto","background-attachment":"scroll","background-type":"","background-media":"","overlay-type":"","overlay-color":"","overlay-opacity":"","overlay-gradient":""}},"footnotes":""},"categories":[10,11,12,13,14,15,59,60,61,1,3,8,9,2,4,5],"tags":[95],"class_list":["post-2219","post","type-post","status-publish","format-standard","has-post-thumbnail","hentry","category-1r","category-2n","category-3r","category-4t","category-5e","category-6e","category-cicle-inicial","category-cicle-mitja","category-cicle-superior","category-general","category-i3","category-i4","category-i5","category-infantil","category-portada","category-primaria","tag-castanyada"],"post_mailing_queue_ids":[],"_links":{"self":[{"href":"https:\/\/agora.xtec.cat\/esc-casserres\/wp-json\/wp\/v2\/posts\/2219","targetHints":{"allow":["GET"]}}],"collection":[{"href":"https:\/\/agora.xtec.cat\/esc-casserres\/wp-json\/wp\/v2\/posts"}],"about":[{"href":"https:\/\/agora.xtec.cat\/esc-casserres\/wp-json\/wp\/v2\/types\/post"}],"author":[{"embeddable":true,"href":"https:\/\/agora.xtec.cat\/esc-casserres\/wp-json\/wp\/v2\/users\/6"}],"replies":[{"embeddable":true,"href":"https:\/\/agora.xtec.cat\/esc-casserres\/wp-json\/wp\/v2\/comments?post=2219"}],"version-history":[{"count":1,"href":"https:\/\/agora.xtec.cat\/esc-casserres\/wp-json\/wp\/v2\/posts\/2219\/revisions"}],"predecessor-version":[{"id":2221,"href":"https:\/\/agora.xtec.cat\/esc-casserres\/wp-json\/wp\/v2\/posts\/2219\/revisions\/2221"}],"wp:featuredmedia":[{"embeddable":true,"href":"https:\/\/agora.xtec.cat\/esc-casserres\/wp-json\/wp\/v2\/media\/2220"}],"wp:attachment":[{"href":"https:\/\/agora.xtec.cat\/esc-casserres\/wp-json\/wp\/v2\/media?parent=2219"}],"wp:term":[{"taxonomy":"category","embeddable":true,"href":"https:\/\/agora.xtec.cat\/esc-casserres\/wp-json\/wp\/v2\/categories?post=2219"},{"taxonomy":"post_tag","embeddable":true,"href":"https:\/\/agora.xtec.cat\/esc-casserres\/wp-json\/wp\/v2\/tags?post=2219"}],"curies":[{"name":"wp","href":"https:\/\/api.w.org\/{rel}","templated":true}]}}