{"id":2201,"date":"2019-10-30T13:34:32","date_gmt":"2019-10-30T12:34:32","guid":{"rendered":"http:\/\/agora.xtec.cat\/esc-casserres\/?p=2201"},"modified":"2019-11-15T11:33:00","modified_gmt":"2019-11-15T10:33:00","slug":"visita-a-lexposicio-el-tacte-de-la-llum-de-joan-ferrer","status":"publish","type":"post","link":"https:\/\/agora.xtec.cat\/esc-casserres\/portada\/visita-a-lexposicio-el-tacte-de-la-llum-de-joan-ferrer\/","title":{"rendered":"VISITA A L&#8217;EXPOSICI\u00d3 &#8220;EL TACTE DE LA LLUM&#8221;, DE JOAN FERRER"},"content":{"rendered":"<p>&nbsp;<\/p>\n<p>EL DIA 15 D&#8217;OCTUBRE VAM ANAR A VISITAR L&#8217;EXPOSICI\u00d3 DEL TACTE DE LA LLUM. VAM CON\u00c8IXER TOTES LES ETAPES I ESTILS PICT\u00d2RICS DEL PINTOR JOAN FERRER\u00a0 I TAMB\u00c9 VAM FER UN TALLER ON VAM EXPERIMENTAR COM ES POT FER UN QUADRE AMB RELLEU.<\/p>\n<p>ENS VA AGRADAR TANT QUE DURANT UN QUAN TEMPS EXPERIMENTAREM LES T\u00c8CNIQUES DEL JOAN EN ELS TALLERS D&#8217;ART DEL DIVENDRES.<\/p>\n<p><a href=\"https:\/\/photos.app.goo.gl\/n8w4Mh9Z49gtyUgw7\"><img loading=\"lazy\" decoding=\"async\" class=\"\" src=\"https:\/\/lh3.googleusercontent.com\/FywA4c-6inIGcy8y3fcwXvFiVu1kLDlXnPvUDYtEvyB20JwuHe1U6t8maQ9u1xzFoHs0d3JBON8q8HOcd8gIE5eSX7RE94tJhZk64987AVe-VW_6VXzsWQmgcsZKI825jaWjqDD_LsNX4kF51BCQGU2ZL5-LbN8_r0AWdeOHsXlKwyXn6WlVhr52YKx6mCzktBcTGdfqQ4W2HT5sAz7cwvQF6TFJ_3M1Xq4GlPDPVtVP0K5tuClw96NMh0MVkNHBsHLqqQsXtYktbaq2Xvd7qpgDahv2JZFkulvSy_1xw9ZuRH-4SmRQGt9ZXe6TJ0pBm3csaaOjwTfHPwZXKojzJOOiQtxpO3hLJNM5LkNOOsZ-R1N2EeQDPK6hTY8pfonE-QmuCRPWV8P0t4zFanDTVziml6hreoKjhv-r34pshiRw2xQgqbYgHEGinXzBxjnuv5Pd9okfLk50H1dxPiZ_d5lda5m0JVHF_Eua9G-_kCHvtmxgaBDKqf-Dl60tREXtICdvheUhvHGCCOmzDwwKb4RQY2AoOWGJjT9hrVz8p0Be-5pLIheAbpnjaBVPKc2bOswGeRoxMAily5tD6fURB8fKz2dD6G8wPJmMUnchZ5I4_8Hgr1HcLaD5qwKj1xnJRORHIk2OJP8NaTQTT37pjMqEN0qDAeqVBx-AlQWdmo5Tb7O7CF1kZdgGzIWGgipi9FuOG5-GYe1C8nmhOWRtK5_0Tyi89BFbl2n8pkgZtgbeq3ru=w834-h625-no\" width=\"328\" height=\"246\" \/><\/a><\/p>\n<p>CLIQUEU A LA FOTO PER VEURE L&#8217;\u00c0LBUM<\/p>\n","protected":false},"excerpt":{"rendered":"<p>&nbsp; EL DIA 15 D&#8217;OCTUBRE VAM ANAR A VISITAR L&#8217;EXPOSICI\u00d3 DEL TACTE DE LA LLUM. VAM CON\u00c8IXER TOTES LES ETAPES I ESTILS PICT\u00d2RICS DEL PINTOR JOAN FERRER\u00a0 I TAMB\u00c9 VAM FER UN TALLER ON VAM EXPERIMENTAR COM ES POT FER UN QUADRE AMB RELLEU. ENS VA AGRADAR TANT QUE DURANT UN QUAN TEMPS EXPERIMENTAREM LES [&hellip;]<\/p>\n","protected":false},"author":1,"featured_media":0,"comment_status":"closed","ping_status":"closed","sticky":false,"template":"","format":"standard","meta":{"_bbp_topic_count":0,"_bbp_reply_count":0,"_bbp_total_topic_count":0,"_bbp_total_reply_count":0,"_bbp_voice_count":0,"_bbp_anonymous_reply_count":0,"_bbp_topic_count_hidden":0,"_bbp_reply_count_hidden":0,"_bbp_forum_subforum_count":0,"site-sidebar-layout":"default","site-content-layout":"","ast-site-content-layout":"","site-content-style":"default","site-sidebar-style":"default","ast-global-header-display":"","ast-banner-title-visibility":"","ast-main-header-display":"","ast-hfb-above-header-display":"","ast-hfb-below-header-display":"","ast-hfb-mobile-header-display":"","site-post-title":"","ast-breadcrumbs-content":"","ast-featured-img":"","footer-sml-layout":"","theme-transparent-header-meta":"","adv-header-id-meta":"","stick-header-meta":"","header-above-stick-meta":"","header-main-stick-meta":"","header-below-stick-meta":"","astra-migrate-meta-layouts":"default","ast-page-background-enabled":"default","ast-page-background-meta":{"desktop":{"background-color":"var(--ast-global-color-4)","background-image":"","background-repeat":"repeat","background-position":"center center","background-size":"auto","background-attachment":"scroll","background-type":"","background-media":"","overlay-type":"","overlay-color":"","overlay-opacity":"","overlay-gradient":""},"tablet":{"background-color":"","background-image":"","background-repeat":"repeat","background-position":"center center","background-size":"auto","background-attachment":"scroll","background-type":"","background-media":"","overlay-type":"","overlay-color":"","overlay-opacity":"","overlay-gradient":""},"mobile":{"background-color":"","background-image":"","background-repeat":"repeat","background-position":"center center","background-size":"auto","background-attachment":"scroll","background-type":"","background-media":"","overlay-type":"","overlay-color":"","overlay-opacity":"","overlay-gradient":""}},"ast-content-background-meta":{"desktop":{"background-color":"var(--ast-global-color-5)","background-image":"","background-repeat":"repeat","background-position":"center center","background-size":"auto","background-attachment":"scroll","background-type":"","background-media":"","overlay-type":"","overlay-color":"","overlay-opacity":"","overlay-gradient":""},"tablet":{"background-color":"var(--ast-global-color-5)","background-image":"","background-repeat":"repeat","background-position":"center center","background-size":"auto","background-attachment":"scroll","background-type":"","background-media":"","overlay-type":"","overlay-color":"","overlay-opacity":"","overlay-gradient":""},"mobile":{"background-color":"var(--ast-global-color-5)","background-image":"","background-repeat":"repeat","background-position":"center center","background-size":"auto","background-attachment":"scroll","background-type":"","background-media":"","overlay-type":"","overlay-color":"","overlay-opacity":"","overlay-gradient":""}},"footnotes":""},"categories":[10,11,59,4],"tags":[152],"class_list":["post-2201","post","type-post","status-publish","format-standard","hentry","category-1r","category-2n","category-cicle-inicial","category-portada","tag-joan-ferrer"],"post_mailing_queue_ids":[],"_links":{"self":[{"href":"https:\/\/agora.xtec.cat\/esc-casserres\/wp-json\/wp\/v2\/posts\/2201","targetHints":{"allow":["GET"]}}],"collection":[{"href":"https:\/\/agora.xtec.cat\/esc-casserres\/wp-json\/wp\/v2\/posts"}],"about":[{"href":"https:\/\/agora.xtec.cat\/esc-casserres\/wp-json\/wp\/v2\/types\/post"}],"author":[{"embeddable":true,"href":"https:\/\/agora.xtec.cat\/esc-casserres\/wp-json\/wp\/v2\/users\/1"}],"replies":[{"embeddable":true,"href":"https:\/\/agora.xtec.cat\/esc-casserres\/wp-json\/wp\/v2\/comments?post=2201"}],"version-history":[{"count":3,"href":"https:\/\/agora.xtec.cat\/esc-casserres\/wp-json\/wp\/v2\/posts\/2201\/revisions"}],"predecessor-version":[{"id":2210,"href":"https:\/\/agora.xtec.cat\/esc-casserres\/wp-json\/wp\/v2\/posts\/2201\/revisions\/2210"}],"wp:attachment":[{"href":"https:\/\/agora.xtec.cat\/esc-casserres\/wp-json\/wp\/v2\/media?parent=2201"}],"wp:term":[{"taxonomy":"category","embeddable":true,"href":"https:\/\/agora.xtec.cat\/esc-casserres\/wp-json\/wp\/v2\/categories?post=2201"},{"taxonomy":"post_tag","embeddable":true,"href":"https:\/\/agora.xtec.cat\/esc-casserres\/wp-json\/wp\/v2\/tags?post=2201"}],"curies":[{"name":"wp","href":"https:\/\/api.w.org\/{rel}","templated":true}]}}