{"id":2102,"date":"2019-06-28T07:47:36","date_gmt":"2019-06-28T05:47:36","guid":{"rendered":"http:\/\/agora.xtec.cat\/esc-casserres\/?p=2102"},"modified":"2019-06-28T07:49:37","modified_gmt":"2019-06-28T05:49:37","slug":"xerrada-agents-rurals-cicle-superior-orenetes-falciots-i-ballesters","status":"publish","type":"post","link":"https:\/\/agora.xtec.cat\/esc-casserres\/general\/xerrada-agents-rurals-cicle-superior-orenetes-falciots-i-ballesters\/","title":{"rendered":"Xerrada agents rurals a cicle superior: orenetes, falciots i ballesters"},"content":{"rendered":"<p>A cicle superior, fa uns dies va venir el Guillem, membre del cos\u00a0 d\u2019<a href=\"http:\/\/agricultura.gencat.cat\/ca\/departament\/agents-rurals\/educar\/\">Agents rurals<\/a> de la Generalitat de Catalunya i ens va parlar de les orenetes, els falciots i els ballesters. Amb aquesta xerrada vam poder comprovar que aquests ocells s\u00f3n el millor insecticida natural. Si els tenim al nostre voltant, ara que s\u2019apropa l\u2019estiu, no ens haurem de preocupar pels mosquits. A m\u00e9s, tamb\u00e9 ens van explicar qu\u00e8 cal fer si ens trobem algun d&#8217;aquests ocells en perill.<\/p>\n<p>Si cliqueu a la fotografia podreu accedir a l&#8217;\u00e0lbum complet.<\/p>\n<p><a href=\"https:\/\/photos.app.goo.gl\/xTY9g3Yo8izdxtwf8\"><img loading=\"lazy\" decoding=\"async\" class=\"wp-image-2103 aligncenter\" src=\"https:\/\/agora.xtec.cat\/esc-casserres\/wp-content\/uploads\/usu1738\/2019\/06\/IMG_20190607_151337_BURST001_COVER-1024x768.jpg\" alt=\"\" width=\"555\" height=\"416\" srcset=\"https:\/\/agora.xtec.cat\/esc-casserres\/wp-content\/uploads\/usu1738\/2019\/06\/IMG_20190607_151337_BURST001_COVER-1024x768.jpg 1024w, https:\/\/agora.xtec.cat\/esc-casserres\/wp-content\/uploads\/usu1738\/2019\/06\/IMG_20190607_151337_BURST001_COVER-300x225.jpg 300w, https:\/\/agora.xtec.cat\/esc-casserres\/wp-content\/uploads\/usu1738\/2019\/06\/IMG_20190607_151337_BURST001_COVER-768x576.jpg 768w, https:\/\/agora.xtec.cat\/esc-casserres\/wp-content\/uploads\/usu1738\/2019\/06\/IMG_20190607_151337_BURST001_COVER-200x150.jpg 200w\" sizes=\"auto, (max-width: 555px) 100vw, 555px\" \/><\/a><\/p>\n<p>&nbsp;<\/p>\n","protected":false},"excerpt":{"rendered":"<p>A cicle superior, fa uns dies va venir el Guillem, membre del cos\u00a0 d\u2019Agents rurals de la Generalitat de Catalunya i ens va parlar de les orenetes, els falciots i els ballesters.<\/p>\n","protected":false},"author":6,"featured_media":2103,"comment_status":"closed","ping_status":"closed","sticky":false,"template":"","format":"standard","meta":{"_bbp_topic_count":0,"_bbp_reply_count":0,"_bbp_total_topic_count":0,"_bbp_total_reply_count":0,"_bbp_voice_count":0,"_bbp_anonymous_reply_count":0,"_bbp_topic_count_hidden":0,"_bbp_reply_count_hidden":0,"_bbp_forum_subforum_count":0,"site-sidebar-layout":"default","site-content-layout":"","ast-site-content-layout":"","site-content-style":"default","site-sidebar-style":"default","ast-global-header-display":"","ast-banner-title-visibility":"","ast-main-header-display":"","ast-hfb-above-header-display":"","ast-hfb-below-header-display":"","ast-hfb-mobile-header-display":"","site-post-title":"","ast-breadcrumbs-content":"","ast-featured-img":"","footer-sml-layout":"","theme-transparent-header-meta":"","adv-header-id-meta":"","stick-header-meta":"","header-above-stick-meta":"","header-main-stick-meta":"","header-below-stick-meta":"","astra-migrate-meta-layouts":"default","ast-page-background-enabled":"default","ast-page-background-meta":{"desktop":{"background-color":"var(--ast-global-color-4)","background-image":"","background-repeat":"repeat","background-position":"center center","background-size":"auto","background-attachment":"scroll","background-type":"","background-media":"","overlay-type":"","overlay-color":"","overlay-opacity":"","overlay-gradient":""},"tablet":{"background-color":"","background-image":"","background-repeat":"repeat","background-position":"center center","background-size":"auto","background-attachment":"scroll","background-type":"","background-media":"","overlay-type":"","overlay-color":"","overlay-opacity":"","overlay-gradient":""},"mobile":{"background-color":"","background-image":"","background-repeat":"repeat","background-position":"center center","background-size":"auto","background-attachment":"scroll","background-type":"","background-media":"","overlay-type":"","overlay-color":"","overlay-opacity":"","overlay-gradient":""}},"ast-content-background-meta":{"desktop":{"background-color":"var(--ast-global-color-5)","background-image":"","background-repeat":"repeat","background-position":"center center","background-size":"auto","background-attachment":"scroll","background-type":"","background-media":"","overlay-type":"","overlay-color":"","overlay-opacity":"","overlay-gradient":""},"tablet":{"background-color":"var(--ast-global-color-5)","background-image":"","background-repeat":"repeat","background-position":"center center","background-size":"auto","background-attachment":"scroll","background-type":"","background-media":"","overlay-type":"","overlay-color":"","overlay-opacity":"","overlay-gradient":""},"mobile":{"background-color":"var(--ast-global-color-5)","background-image":"","background-repeat":"repeat","background-position":"center center","background-size":"auto","background-attachment":"scroll","background-type":"","background-media":"","overlay-type":"","overlay-color":"","overlay-opacity":"","overlay-gradient":""}},"footnotes":""},"categories":[14,15,61,1,4],"tags":[138,73,104],"class_list":["post-2102","post","type-post","status-publish","format-standard","has-post-thumbnail","hentry","category-5e","category-6e","category-cicle-superior","category-general","category-portada","tag-agents-rurals","tag-cicle-superior","tag-curs-18-19"],"post_mailing_queue_ids":[],"_links":{"self":[{"href":"https:\/\/agora.xtec.cat\/esc-casserres\/wp-json\/wp\/v2\/posts\/2102","targetHints":{"allow":["GET"]}}],"collection":[{"href":"https:\/\/agora.xtec.cat\/esc-casserres\/wp-json\/wp\/v2\/posts"}],"about":[{"href":"https:\/\/agora.xtec.cat\/esc-casserres\/wp-json\/wp\/v2\/types\/post"}],"author":[{"embeddable":true,"href":"https:\/\/agora.xtec.cat\/esc-casserres\/wp-json\/wp\/v2\/users\/6"}],"replies":[{"embeddable":true,"href":"https:\/\/agora.xtec.cat\/esc-casserres\/wp-json\/wp\/v2\/comments?post=2102"}],"version-history":[{"count":3,"href":"https:\/\/agora.xtec.cat\/esc-casserres\/wp-json\/wp\/v2\/posts\/2102\/revisions"}],"predecessor-version":[{"id":2106,"href":"https:\/\/agora.xtec.cat\/esc-casserres\/wp-json\/wp\/v2\/posts\/2102\/revisions\/2106"}],"wp:featuredmedia":[{"embeddable":true,"href":"https:\/\/agora.xtec.cat\/esc-casserres\/wp-json\/wp\/v2\/media\/2103"}],"wp:attachment":[{"href":"https:\/\/agora.xtec.cat\/esc-casserres\/wp-json\/wp\/v2\/media?parent=2102"}],"wp:term":[{"taxonomy":"category","embeddable":true,"href":"https:\/\/agora.xtec.cat\/esc-casserres\/wp-json\/wp\/v2\/categories?post=2102"},{"taxonomy":"post_tag","embeddable":true,"href":"https:\/\/agora.xtec.cat\/esc-casserres\/wp-json\/wp\/v2\/tags?post=2102"}],"curies":[{"name":"wp","href":"https:\/\/api.w.org\/{rel}","templated":true}]}}