{"id":1969,"date":"2019-05-14T17:02:23","date_gmt":"2019-05-14T15:02:23","guid":{"rendered":"http:\/\/agora.xtec.cat\/esc-casserres\/?p=1969"},"modified":"2019-05-15T09:39:08","modified_gmt":"2019-05-15T07:39:08","slug":"caminada-nocturna","status":"publish","type":"post","link":"https:\/\/agora.xtec.cat\/esc-casserres\/portada\/caminada-nocturna\/","title":{"rendered":"Caminada nocturna!"},"content":{"rendered":"<p>Hola a tothom,<\/p>\n<div>El proper <strong>1 de juny<\/strong> celebrarem la que ser\u00e0 la<b><span style=\"font-size: large;\">\u00a05\u00aa Caminada Nocturna<\/span><\/b>. Per passar una bona estona tot caminant, bon sopar, bon ambient i un\u00a0<b><span style=\"font-size: large;\">obsequi\u00a0<\/span><\/b>al final per tots els participants!\u00a0 Sense descuidar\u00a0<b><span style=\"font-size: large;\">la rifa<\/span><\/b>\u00a0que fem cada any!<\/div>\n<div>\n<div><\/div>\n<p style=\"text-align: justify;\">Al igual que l&#8217;any passat tindreu la possibilitat de fer les inscripcions anticipades a un preu m\u00e9s econ\u00f2mic. Fent una transfer\u00e8ncia al n\u00fam de compte de l&#8217;AMPA (ES6601822935130200023912) indicant en el concepte:<\/p>\n<p style=\"text-align: justify;\">\u00a0 \u00a0 &#8211;\u00a0 CAMINADA NOCTURNA + el nom del qui participar\u00e0 a la caminada<\/p>\n<p style=\"text-align: justify;\">El comprovant ens l&#8217;envieu al nostre correu indicant el n\u00fam. de nens i\/o adults, i quins s\u00f3n socis i\/o no socis que inclou l&#8217;import pagat.)<\/p>\n<div><\/div>\n<div>Els preus de la inscripci\u00f3 anticipada s\u00f3n:<\/div>\n<ul>\n<li>SOCIS: adults 5\u20ac, nens gratu\u00eft<\/li>\n<li>NO SOCIS: adults 7\u20ac, nens 2\u20ac<\/li>\n<\/ul>\n<div><\/div>\n<div>El mateix dia de la caminada els preus es veuran incrementats en 2\u20ac.<\/div>\n<div><\/div>\n<div>Teniu de temps per fer les <strong>inscripcions anticipades fins el 28 de maig.<\/strong><\/div>\n<div><\/div>\n<div>Esperem que el temps ens acompanyi i gaudim d&#8217;un vespre genial!<\/div>\n<div><\/div>\n<div>US HI ESPEREM!!!<\/div>\n<\/div>\n","protected":false},"excerpt":{"rendered":"<p>Hola a tothom, El proper 1 de juny celebrarem la que ser\u00e0 la\u00a05\u00aa Caminada Nocturna. Per passar una bona estona tot caminant, bon sopar, bon ambient i un\u00a0obsequi\u00a0al final per tots els participants!\u00a0 Sense descuidar\u00a0la rifa\u00a0que fem cada any! Al igual que l&#8217;any passat tindreu la possibilitat de fer les inscripcions anticipades a un preu [&hellip;]<\/p>\n","protected":false},"author":6,"featured_media":1970,"comment_status":"closed","ping_status":"closed","sticky":false,"template":"","format":"standard","meta":{"_bbp_topic_count":0,"_bbp_reply_count":0,"_bbp_total_topic_count":0,"_bbp_total_reply_count":0,"_bbp_voice_count":0,"_bbp_anonymous_reply_count":0,"_bbp_topic_count_hidden":0,"_bbp_reply_count_hidden":0,"_bbp_forum_subforum_count":0,"site-sidebar-layout":"default","site-content-layout":"","ast-site-content-layout":"","site-content-style":"default","site-sidebar-style":"default","ast-global-header-display":"","ast-banner-title-visibility":"","ast-main-header-display":"","ast-hfb-above-header-display":"","ast-hfb-below-header-display":"","ast-hfb-mobile-header-display":"","site-post-title":"","ast-breadcrumbs-content":"","ast-featured-img":"","footer-sml-layout":"","theme-transparent-header-meta":"","adv-header-id-meta":"","stick-header-meta":"","header-above-stick-meta":"","header-main-stick-meta":"","header-below-stick-meta":"","astra-migrate-meta-layouts":"default","ast-page-background-enabled":"default","ast-page-background-meta":{"desktop":{"background-color":"var(--ast-global-color-4)","background-image":"","background-repeat":"repeat","background-position":"center center","background-size":"auto","background-attachment":"scroll","background-type":"","background-media":"","overlay-type":"","overlay-color":"","overlay-opacity":"","overlay-gradient":""},"tablet":{"background-color":"","background-image":"","background-repeat":"repeat","background-position":"center center","background-size":"auto","background-attachment":"scroll","background-type":"","background-media":"","overlay-type":"","overlay-color":"","overlay-opacity":"","overlay-gradient":""},"mobile":{"background-color":"","background-image":"","background-repeat":"repeat","background-position":"center center","background-size":"auto","background-attachment":"scroll","background-type":"","background-media":"","overlay-type":"","overlay-color":"","overlay-opacity":"","overlay-gradient":""}},"ast-content-background-meta":{"desktop":{"background-color":"var(--ast-global-color-5)","background-image":"","background-repeat":"repeat","background-position":"center center","background-size":"auto","background-attachment":"scroll","background-type":"","background-media":"","overlay-type":"","overlay-color":"","overlay-opacity":"","overlay-gradient":""},"tablet":{"background-color":"var(--ast-global-color-5)","background-image":"","background-repeat":"repeat","background-position":"center center","background-size":"auto","background-attachment":"scroll","background-type":"","background-media":"","overlay-type":"","overlay-color":"","overlay-opacity":"","overlay-gradient":""},"mobile":{"background-color":"var(--ast-global-color-5)","background-image":"","background-repeat":"repeat","background-position":"center center","background-size":"auto","background-attachment":"scroll","background-type":"","background-media":"","overlay-type":"","overlay-color":"","overlay-opacity":"","overlay-gradient":""}},"footnotes":""},"categories":[7,4],"tags":[129],"class_list":["post-1969","post","type-post","status-publish","format-standard","has-post-thumbnail","hentry","category-afa","category-portada","tag-caminada-nocturna"],"post_mailing_queue_ids":[],"_links":{"self":[{"href":"https:\/\/agora.xtec.cat\/esc-casserres\/wp-json\/wp\/v2\/posts\/1969","targetHints":{"allow":["GET"]}}],"collection":[{"href":"https:\/\/agora.xtec.cat\/esc-casserres\/wp-json\/wp\/v2\/posts"}],"about":[{"href":"https:\/\/agora.xtec.cat\/esc-casserres\/wp-json\/wp\/v2\/types\/post"}],"author":[{"embeddable":true,"href":"https:\/\/agora.xtec.cat\/esc-casserres\/wp-json\/wp\/v2\/users\/6"}],"replies":[{"embeddable":true,"href":"https:\/\/agora.xtec.cat\/esc-casserres\/wp-json\/wp\/v2\/comments?post=1969"}],"version-history":[{"count":2,"href":"https:\/\/agora.xtec.cat\/esc-casserres\/wp-json\/wp\/v2\/posts\/1969\/revisions"}],"predecessor-version":[{"id":1985,"href":"https:\/\/agora.xtec.cat\/esc-casserres\/wp-json\/wp\/v2\/posts\/1969\/revisions\/1985"}],"wp:featuredmedia":[{"embeddable":true,"href":"https:\/\/agora.xtec.cat\/esc-casserres\/wp-json\/wp\/v2\/media\/1970"}],"wp:attachment":[{"href":"https:\/\/agora.xtec.cat\/esc-casserres\/wp-json\/wp\/v2\/media?parent=1969"}],"wp:term":[{"taxonomy":"category","embeddable":true,"href":"https:\/\/agora.xtec.cat\/esc-casserres\/wp-json\/wp\/v2\/categories?post=1969"},{"taxonomy":"post_tag","embeddable":true,"href":"https:\/\/agora.xtec.cat\/esc-casserres\/wp-json\/wp\/v2\/tags?post=1969"}],"curies":[{"name":"wp","href":"https:\/\/api.w.org\/{rel}","templated":true}]}}