{"id":1963,"date":"2019-05-11T21:30:07","date_gmt":"2019-05-11T19:30:07","guid":{"rendered":"http:\/\/agora.xtec.cat\/esc-casserres\/?p=1963"},"modified":"2019-05-11T21:32:31","modified_gmt":"2019-05-11T19:32:31","slug":"esteu-tots-convidats-a-visitar-nos-al-mercat-de-cooperatives-escolars","status":"publish","type":"post","link":"https:\/\/agora.xtec.cat\/esc-casserres\/general\/esteu-tots-convidats-a-visitar-nos-al-mercat-de-cooperatives-escolars\/","title":{"rendered":"Esteu tot@s convidats a visitar-nos al mercat de cooperatives escolars!"},"content":{"rendered":"<p>Bones fam\u00edlies!<\/p>\n<p>Aqu\u00ed teniu el nostre v\u00eddeo promocional per tal de convidar-vos al IX mercat de cooperatives escolars que tindr\u00e0 lloc el proper dissabte 18 de maig de 10.00 a 13.00 h a Berga, a la Pla\u00e7a Cim d&#8217;Estela.<\/p>\n<p>Us hi esperem!<\/p>\n<figure id=\"attachment_1964\" aria-describedby=\"caption-attachment-1964\" style=\"width: 300px\" class=\"wp-caption alignleft\"><a href=\"https:\/\/photos.app.goo.gl\/xJtHjyzLowhLtoja9\"><img loading=\"lazy\" decoding=\"async\" class=\"wp-image-1964 size-medium\" src=\"https:\/\/agora.xtec.cat\/esc-casserres\/wp-content\/uploads\/usu1738\/2019\/05\/coop-bona-300x227.jpg\" alt=\"\" width=\"300\" height=\"227\" srcset=\"https:\/\/agora.xtec.cat\/esc-casserres\/wp-content\/uploads\/usu1738\/2019\/05\/coop-bona-300x227.jpg 300w, https:\/\/agora.xtec.cat\/esc-casserres\/wp-content\/uploads\/usu1738\/2019\/05\/coop-bona-768x582.jpg 768w, https:\/\/agora.xtec.cat\/esc-casserres\/wp-content\/uploads\/usu1738\/2019\/05\/coop-bona-200x150.jpg 200w, https:\/\/agora.xtec.cat\/esc-casserres\/wp-content\/uploads\/usu1738\/2019\/05\/coop-bona.jpg 987w\" sizes=\"auto, (max-width: 300px) 100vw, 300px\" \/><\/a><figcaption id=\"caption-attachment-1964\" class=\"wp-caption-text\">Cliqueu a la imatge per accedir al v\u00eddeo<\/figcaption><\/figure>\n<p>&nbsp;<\/p>\n<p>&nbsp;<\/p>\n<p>&nbsp;<\/p>\n<p>&nbsp;<\/p>\n<p>&nbsp;<\/p>\n<p>&nbsp;<\/p>\n","protected":false},"excerpt":{"rendered":"<p>Bones fam\u00edlies! Aqu\u00ed teniu el nostre v\u00eddeo promocional per tal de convidar-vos al IX mercat de cooperatives escolars que tindr\u00e0 lloc el proper dissabte 18 de maig de 10.00 a 13.00 h a Berga, a la Pla\u00e7a Cim d&#8217;Estela. Us hi esperem! &nbsp; &nbsp; &nbsp; &nbsp; &nbsp; &nbsp;<\/p>\n","protected":false},"author":6,"featured_media":1964,"comment_status":"closed","ping_status":"closed","sticky":false,"template":"","format":"standard","meta":{"_bbp_topic_count":0,"_bbp_reply_count":0,"_bbp_total_topic_count":0,"_bbp_total_reply_count":0,"_bbp_voice_count":0,"_bbp_anonymous_reply_count":0,"_bbp_topic_count_hidden":0,"_bbp_reply_count_hidden":0,"_bbp_forum_subforum_count":0,"site-sidebar-layout":"default","site-content-layout":"","ast-site-content-layout":"","site-content-style":"default","site-sidebar-style":"default","ast-global-header-display":"","ast-banner-title-visibility":"","ast-main-header-display":"","ast-hfb-above-header-display":"","ast-hfb-below-header-display":"","ast-hfb-mobile-header-display":"","site-post-title":"","ast-breadcrumbs-content":"","ast-featured-img":"","footer-sml-layout":"","theme-transparent-header-meta":"","adv-header-id-meta":"","stick-header-meta":"","header-above-stick-meta":"","header-main-stick-meta":"","header-below-stick-meta":"","astra-migrate-meta-layouts":"default","ast-page-background-enabled":"default","ast-page-background-meta":{"desktop":{"background-color":"var(--ast-global-color-4)","background-image":"","background-repeat":"repeat","background-position":"center center","background-size":"auto","background-attachment":"scroll","background-type":"","background-media":"","overlay-type":"","overlay-color":"","overlay-opacity":"","overlay-gradient":""},"tablet":{"background-color":"","background-image":"","background-repeat":"repeat","background-position":"center center","background-size":"auto","background-attachment":"scroll","background-type":"","background-media":"","overlay-type":"","overlay-color":"","overlay-opacity":"","overlay-gradient":""},"mobile":{"background-color":"","background-image":"","background-repeat":"repeat","background-position":"center center","background-size":"auto","background-attachment":"scroll","background-type":"","background-media":"","overlay-type":"","overlay-color":"","overlay-opacity":"","overlay-gradient":""}},"ast-content-background-meta":{"desktop":{"background-color":"var(--ast-global-color-5)","background-image":"","background-repeat":"repeat","background-position":"center center","background-size":"auto","background-attachment":"scroll","background-type":"","background-media":"","overlay-type":"","overlay-color":"","overlay-opacity":"","overlay-gradient":""},"tablet":{"background-color":"var(--ast-global-color-5)","background-image":"","background-repeat":"repeat","background-position":"center center","background-size":"auto","background-attachment":"scroll","background-type":"","background-media":"","overlay-type":"","overlay-color":"","overlay-opacity":"","overlay-gradient":""},"mobile":{"background-color":"var(--ast-global-color-5)","background-image":"","background-repeat":"repeat","background-position":"center center","background-size":"auto","background-attachment":"scroll","background-type":"","background-media":"","overlay-type":"","overlay-color":"","overlay-opacity":"","overlay-gradient":""}},"footnotes":""},"categories":[61,1,4],"tags":[73,105,109],"class_list":["post-1963","post","type-post","status-publish","format-standard","has-post-thumbnail","hentry","category-cicle-superior","category-general","category-portada","tag-cicle-superior","tag-cooperativa","tag-curs-2018-2019"],"post_mailing_queue_ids":[],"_links":{"self":[{"href":"https:\/\/agora.xtec.cat\/esc-casserres\/wp-json\/wp\/v2\/posts\/1963","targetHints":{"allow":["GET"]}}],"collection":[{"href":"https:\/\/agora.xtec.cat\/esc-casserres\/wp-json\/wp\/v2\/posts"}],"about":[{"href":"https:\/\/agora.xtec.cat\/esc-casserres\/wp-json\/wp\/v2\/types\/post"}],"author":[{"embeddable":true,"href":"https:\/\/agora.xtec.cat\/esc-casserres\/wp-json\/wp\/v2\/users\/6"}],"replies":[{"embeddable":true,"href":"https:\/\/agora.xtec.cat\/esc-casserres\/wp-json\/wp\/v2\/comments?post=1963"}],"version-history":[{"count":3,"href":"https:\/\/agora.xtec.cat\/esc-casserres\/wp-json\/wp\/v2\/posts\/1963\/revisions"}],"predecessor-version":[{"id":1968,"href":"https:\/\/agora.xtec.cat\/esc-casserres\/wp-json\/wp\/v2\/posts\/1963\/revisions\/1968"}],"wp:featuredmedia":[{"embeddable":true,"href":"https:\/\/agora.xtec.cat\/esc-casserres\/wp-json\/wp\/v2\/media\/1964"}],"wp:attachment":[{"href":"https:\/\/agora.xtec.cat\/esc-casserres\/wp-json\/wp\/v2\/media?parent=1963"}],"wp:term":[{"taxonomy":"category","embeddable":true,"href":"https:\/\/agora.xtec.cat\/esc-casserres\/wp-json\/wp\/v2\/categories?post=1963"},{"taxonomy":"post_tag","embeddable":true,"href":"https:\/\/agora.xtec.cat\/esc-casserres\/wp-json\/wp\/v2\/tags?post=1963"}],"curies":[{"name":"wp","href":"https:\/\/api.w.org\/{rel}","templated":true}]}}